{"id":11884,"date":"2023-08-23T13:54:04","date_gmt":"2023-08-23T11:54:04","guid":{"rendered":"https:\/\/info-kahrs.ch\/ein-steinhaus-in-der-provence\/"},"modified":"2023-10-24T10:21:13","modified_gmt":"2023-10-24T08:21:13","slug":"ein-steinhaus-in-der-provence","status":"publish","type":"post","link":"https:\/\/kahrs.ch\/de\/ein-steinhaus-in-der-provence\/","title":{"rendered":"Ein Steinhaus in der Provence"},"content":{"rendered":"\t\t<div data-elementor-type=\"wp-post\" data-elementor-id=\"11884\" class=\"elementor elementor-11884 elementor-6582\" data-elementor-post-type=\"post\">\n\t\t\t\t<div class=\"elementor-element elementor-element-48b1fd2f e-con-full e-flex e-con e-parent\" data-id=\"48b1fd2f\" data-element_type=\"container\" data-e-type=\"container\" data-settings=\"{&quot;jet_parallax_layout_list&quot;:[],&quot;background_background&quot;:&quot;classic&quot;}\">\n\t\t<div class=\"elementor-element elementor-element-1b5e4d8 e-flex e-con-boxed e-con e-child\" data-id=\"1b5e4d8\" data-element_type=\"container\" data-e-type=\"container\" data-settings=\"{&quot;jet_parallax_layout_list&quot;:[]}\">\n\t\t\t\t\t<div class=\"e-con-inner\">\n\t\t\t\t<div class=\"elementor-element elementor-element-20bcb55f uael-mobile-heading-align-center elementor-hidden-tablet elementor-hidden-mobile elementor-widget elementor-widget-uael-advanced-heading\" data-id=\"20bcb55f\" data-element_type=\"widget\" data-e-type=\"widget\" data-widget_type=\"uael-advanced-heading.default\">\n\t\t\t\t<div class=\"elementor-widget-container\">\n\t\t\t\t\t\n\t\t<div class=\"uael-module-content uael-heading-wrapper\">\n\t\t\t\t\t\t\n\t\t\t<h2 class=\"uael-heading\">\n\t\t\t\t\t\t\t\t\t\t<span class=\"uael-heading-text elementor-inline-editing uael-size--medium\" data-elementor-setting-key=\"heading_title\" data-elementor-inline-editing-toolbar=\"basic\">visit<\/span>\n\t\t\t\t\t\t\t<\/h2>\n\n\t\t\t\n\t\t\t\n\t\t\t\n\t\t\t\t\t\t<\/div>\n\t\t\t\t\t\t<\/div>\n\t\t\t\t<\/div>\n\t\t\t\t<div class=\"elementor-element elementor-element-53ed0f80 elementor-widget elementor-widget-heading\" data-id=\"53ed0f80\" data-element_type=\"widget\" data-e-type=\"widget\" data-widget_type=\"heading.default\">\n\t\t\t\t<div class=\"elementor-widget-container\">\n\t\t\t\t\t<h1 class=\"elementor-heading-title elementor-size-default\">Ein Steinhaus in der Provence\n\n<\/h1>\t\t\t\t<\/div>\n\t\t\t\t<\/div>\n\t\t\t\t\t<\/div>\n\t\t\t\t<\/div>\n\t\t\t\t<\/div>\n\t\t<div class=\"elementor-element elementor-element-4d7ea49d e-flex e-con-boxed e-con e-parent\" data-id=\"4d7ea49d\" data-element_type=\"container\" data-e-type=\"container\" data-settings=\"{&quot;jet_parallax_layout_list&quot;:[]}\">\n\t\t\t\t\t<div class=\"e-con-inner\">\n\t\t\t\t<div class=\"elementor-element elementor-element-7dd72c7e elementor-widget elementor-widget-heading\" data-id=\"7dd72c7e\" data-element_type=\"widget\" data-e-type=\"widget\" data-widget_type=\"heading.default\">\n\t\t\t\t<div class=\"elementor-widget-container\">\n\t\t\t\t\t<h2 class=\"elementor-heading-title elementor-size-default\">Ein Steinhaus in der Provence\n<\/h2>\t\t\t\t<\/div>\n\t\t\t\t<\/div>\n\t\t\t\t<div class=\"elementor-element elementor-element-2476d10f elementor-widget elementor-widget-text-editor\" data-id=\"2476d10f\" data-element_type=\"widget\" data-e-type=\"widget\" data-widget_type=\"text-editor.default\">\n\t\t\t\t<div class=\"elementor-widget-container\">\n\t\t\t\t\t\t\t\t\t<div class=\"et_pb_module et_pb_text et_pb_text_2 et_pb_text_align_left et_pb_bg_layout_light\">\n<div class=\"et_pb_text_inner\">\n<p>Auf den ersten Blick sieht dieses eindrucksvolle Steinhaus aus wie ein herrschaftliches Anwesen, dessen Pool und Garten zum Entspannen einladen. In Wirklichkeit ist es aber ein Bauernhaus, umgeben von Olivenb\u00e4umen und h\u00fcgeligen Ackerfl\u00e4chen, auf denen unterschiedliche Nutzpflanzen angebaut werden.<\/p>\n<\/div>\n<\/div>\n<div class=\"et_pb_module et_pb_text et_pb_text_3 et_pb_text_align_left et_pb_bg_layout_light\">\n<div class=\"et_pb_text_inner\"> <\/div>\n<\/div>\n\t\t\t\t\t\t\t\t<\/div>\n\t\t\t\t<\/div>\n\t\t\t\t\t<\/div>\n\t\t\t\t<\/div>\n\t\t<div class=\"elementor-element elementor-element-40a02ee2 e-flex e-con-boxed e-con e-parent\" data-id=\"40a02ee2\" data-element_type=\"container\" data-e-type=\"container\" data-settings=\"{&quot;jet_parallax_layout_list&quot;:[]}\">\n\t\t\t\t\t<div class=\"e-con-inner\">\n\t\t<div class=\"elementor-element elementor-element-64711934 e-con-full animated-slow e-flex elementor-invisible e-con e-child\" data-id=\"64711934\" data-element_type=\"container\" data-e-type=\"container\" data-settings=\"{&quot;jet_parallax_layout_list&quot;:[],&quot;animation&quot;:&quot;fadeInLeft&quot;}\">\n\t\t\t\t<div class=\"elementor-element elementor-element-8e261c0 elementor-widget elementor-widget-heading\" data-id=\"8e261c0\" data-element_type=\"widget\" data-e-type=\"widget\" data-widget_type=\"heading.default\">\n\t\t\t\t<div class=\"elementor-widget-container\">\n\t\t\t\t\t<h2 class=\"elementor-heading-title elementor-size-default\">rustikal und minimalistisch<\/h2>\t\t\t\t<\/div>\n\t\t\t\t<\/div>\n\t\t\t\t<div class=\"elementor-element elementor-element-36b9c3ca elementor-widget elementor-widget-text-editor\" data-id=\"36b9c3ca\" data-element_type=\"widget\" data-e-type=\"widget\" data-widget_type=\"text-editor.default\">\n\t\t\t\t<div class=\"elementor-widget-container\">\n\t\t\t\t\t\t\t\t\t<p>Im Innern sieht es ganz anders aus, als man von einem traditionellen Bauernhaus erwarten w\u00fcrde. ie Eigent\u00fcmer haben ein grosses Faible f\u00fcr Innenarchitektur und sie haben sich ein Zuhause mit hohen Decken und luftiger Atmosph\u00e4re geschaffen, das sowohl praktisch als auch modern ist.<\/p>\n<p>Der k\u00fchle Mix aus rustikaler und minimaler M\u00f6blierung sorgt zusammen mit komfortablen Sofas f\u00fcr ein sehr entspannendes Ambiente. Die \u00fcberall im Haus verlegten Holzfussb\u00f6den mildern den k\u00fchlen Eindruck mit ihren ge\u00f6lten und leicht gewellten taktilen Oberfl\u00e4che, die in Farbe und Anmutung perfekt zum Interieur passt und dieses erg\u00e4nzt.<\/p>\n\t\t\t\t\t\t\t\t<\/div>\n\t\t\t\t<\/div>\n\t\t\t\t<div class=\"elementor-element elementor-element-8902821 elementor-blockquote--skin-border elementor-widget elementor-widget-blockquote\" data-id=\"8902821\" data-element_type=\"widget\" data-e-type=\"widget\" data-widget_type=\"blockquote.default\">\n\t\t\t\t<div class=\"elementor-widget-container\">\n\t\t\t\t\t\t\t<blockquote class=\"elementor-blockquote\">\n\t\t\t<p class=\"elementor-blockquote__content\">\n\t\t\t\tEin Steinhausistein Bauernhof in einigen Regionen S\u00fcdfrankreichs (Provence, Languedoc, Roussillon).\t\t\t<\/p>\n\t\t\t\t\t<\/blockquote>\n\t\t\t\t\t\t<\/div>\n\t\t\t\t<\/div>\n\t\t\t\t<\/div>\n\t\t<div class=\"elementor-element elementor-element-24de1d9f e-con-full e-flex e-con e-child\" data-id=\"24de1d9f\" data-element_type=\"container\" data-e-type=\"container\" data-settings=\"{&quot;jet_parallax_layout_list&quot;:[]}\">\n\t\t\t\t<div class=\"elementor-element elementor-element-78b5b814 animated-slow elementor-invisible elementor-widget elementor-widget-image\" data-id=\"78b5b814\" data-element_type=\"widget\" data-e-type=\"widget\" data-settings=\"{&quot;_animation&quot;:&quot;fadeInRight&quot;}\" data-widget_type=\"image.default\">\n\t\t\t\t<div class=\"elementor-widget-container\">\n\t\t\t\t\t\t\t\t\t\t\t\t<figure class=\"wp-caption\">\n\t\t\t\t\t\t\t\t\t\t<img fetchpriority=\"high\" decoding=\"async\" width=\"2133\" height=\"2560\" src=\"https:\/\/kahrs.ch\/wp-content\/uploads\/2023\/08\/ydre-scaled.jpg\" class=\"attachment-full size-full wp-image-7777\" alt=\"\" srcset=\"https:\/\/kahrs.ch\/wp-content\/uploads\/2023\/08\/ydre-scaled.jpg 2133w, https:\/\/kahrs.ch\/wp-content\/uploads\/2023\/08\/ydre-scaled-600x720.jpg 600w, https:\/\/kahrs.ch\/wp-content\/uploads\/2023\/08\/ydre-250x300.jpg 250w, https:\/\/kahrs.ch\/wp-content\/uploads\/2023\/08\/ydre-853x1024.jpg 853w, https:\/\/kahrs.ch\/wp-content\/uploads\/2023\/08\/ydre-768x922.jpg 768w, https:\/\/kahrs.ch\/wp-content\/uploads\/2023\/08\/ydre-1280x1536.jpg 1280w, https:\/\/kahrs.ch\/wp-content\/uploads\/2023\/08\/ydre-1707x2048.jpg 1707w\" sizes=\"(max-width: 2133px) 100vw, 2133px\" \/>\t\t\t\t\t\t\t\t\t\t\t<figcaption class=\"widget-image-caption wp-caption-text\"><\/figcaption>\n\t\t\t\t\t\t\t\t\t\t<\/figure>\n\t\t\t\t\t\t\t\t\t<\/div>\n\t\t\t\t<\/div>\n\t\t\t\t<\/div>\n\t\t\t\t\t<\/div>\n\t\t\t\t<\/div>\n\t\t<div class=\"elementor-element elementor-element-41a07e7f animated-slow e-flex e-con-boxed elementor-invisible e-con e-parent\" data-id=\"41a07e7f\" data-element_type=\"container\" data-e-type=\"container\" data-settings=\"{&quot;background_background&quot;:&quot;classic&quot;,&quot;jet_parallax_layout_list&quot;:[],&quot;animation&quot;:&quot;slideInLeft&quot;}\">\n\t\t\t\t\t<div class=\"e-con-inner\">\n\t\t\t\t<div class=\"elementor-element elementor-element-355bee0c elementor-widget elementor-widget-button\" data-id=\"355bee0c\" data-element_type=\"widget\" data-e-type=\"widget\" data-widget_type=\"button.default\">\n\t\t\t\t<div class=\"elementor-widget-container\">\n\t\t\t\t\t\t\t\t\t<div class=\"elementor-button-wrapper\">\n\t\t\t\t\t<a class=\"elementor-button elementor-button-link elementor-size-sm elementor-animation-grow\" href=\"https:\/\/kahrs.ch\/de\/design-stories\/\">\n\t\t\t\t\t\t<span class=\"elementor-button-content-wrapper\">\n\t\t\t\t\t\t<span class=\"elementor-button-icon\">\n\t\t\t\t<i aria-hidden=\"true\" class=\"fas fa-angle-right\"><\/i>\t\t\t<\/span>\n\t\t\t\t\t\t\t\t\t<span class=\"elementor-button-text\">Entdecken Sie unsere anderen Design Stories<\/span>\n\t\t\t\t\t<\/span>\n\t\t\t\t\t<\/a>\n\t\t\t\t<\/div>\n\t\t\t\t\t\t\t\t<\/div>\n\t\t\t\t<\/div>\n\t\t\t\t\t<\/div>\n\t\t\t\t<\/div>\n\t\t<div class=\"elementor-element elementor-element-5f7223b0 animated-slow e-flex e-con-boxed elementor-invisible e-con e-parent\" data-id=\"5f7223b0\" data-element_type=\"container\" data-e-type=\"container\" data-settings=\"{&quot;jet_parallax_layout_list&quot;:[],&quot;animation&quot;:&quot;fadeIn&quot;}\">\n\t\t\t\t\t<div class=\"e-con-inner\">\n\t\t<div class=\"elementor-element elementor-element-2985a310 e-con-full e-flex e-con e-child\" data-id=\"2985a310\" data-element_type=\"container\" data-e-type=\"container\" data-settings=\"{&quot;jet_parallax_layout_list&quot;:[]}\">\n\t\t\t\t<div class=\"elementor-element elementor-element-3057666a elementor-widget elementor-widget-heading\" data-id=\"3057666a\" data-element_type=\"widget\" data-e-type=\"widget\" data-widget_type=\"heading.default\">\n\t\t\t\t<div class=\"elementor-widget-container\">\n\t\t\t\t\t<h2 class=\"elementor-heading-title elementor-size-default\">Durchsuchen Sie dieses provenzalische Steinhausistein in Bildern<\/h2>\t\t\t\t<\/div>\n\t\t\t\t<\/div>\n\t\t\t\t<div class=\"elementor-element elementor-element-1e65912e elementor-widget elementor-widget-jet-images-layout\" data-id=\"1e65912e\" data-element_type=\"widget\" data-e-type=\"widget\" data-widget_type=\"jet-images-layout.default\">\n\t\t\t\t<div class=\"elementor-widget-container\">\n\t\t\t\t\t<div class=\"elementor-jet-images-layout jet-elements\">\n<div class=\"jet-images-layout layout-type-justify\" data-settings='{&quot;layoutType&quot;:&quot;justify&quot;,&quot;justifyHeight&quot;:250}'>\n\t<div class=\"jet-images-layout__list column-desktop-3 column-tablet-2 column-mobile-1\" >\n<div class=\"jet-images-layout__item \">\n\t<div class=\"jet-images-layout__inner\">\n\t\t<div class=\"jet-images-layout__image-loader\"><span><\/span><\/div>\n\t\t<a class=\"jet-images-layout__link \" href=\"https:\/\/kahrs.ch\/wp-content\/uploads\/2023\/08\/141.6-Ydre-Raum-neu-scaled.jpg\" data-elementor-open-lightbox=\"yes\" data-elementor-lightbox-slideshow=\"1e65912e\" data-elementor-lightbox-title=\"141.6\">\n\t\t\t<div class=\"jet-images-layout__image\">\n\t\t\t\t<img decoding=\"async\" class=\"jet-images-layout__image-instance\" src=\"https:\/\/kahrs.ch\/wp-content\/uploads\/2023\/08\/141.6-Ydre-Raum-neu-scaled.jpg\" data-width=\"2560\" data-height=\"1928\" alt=\"N\u00b0141.6\" loading=\"lazy\">\t\t\t<\/div>\n\t\t\t<div class=\"jet-images-layout__content\"><h5 class=\"jet-images-layout__title\">141.6<\/h5><\/div>\n\t\t<\/a>\n\t<\/div>\n<\/div>\n<div class=\"jet-images-layout__item \">\n\t<div class=\"jet-images-layout__inner\">\n\t\t<div class=\"jet-images-layout__image-loader\"><span><\/span><\/div>\n\t\t<a class=\"jet-images-layout__link \" href=\"https:\/\/kahrs.ch\/wp-content\/uploads\/2023\/08\/OriginalJpg-stone-house-in-provence-ext-2-scaled.jpg\" data-elementor-open-lightbox=\"yes\" data-elementor-lightbox-slideshow=\"1e65912e\" data-elementor-lightbox-title=\"\">\n\t\t\t<div class=\"jet-images-layout__image\">\n\t\t\t\t<img decoding=\"async\" class=\"jet-images-layout__image-instance\" src=\"https:\/\/kahrs.ch\/wp-content\/uploads\/2023\/08\/OriginalJpg-stone-house-in-provence-ext-2-scaled.jpg\" data-width=\"2560\" data-height=\"1709\" alt=\"Stone house provence\" loading=\"lazy\">\t\t\t<\/div>\n\t\t\t<div class=\"jet-images-layout__content\"><\/div>\n\t\t<\/a>\n\t<\/div>\n<\/div>\n<div class=\"jet-images-layout__item \">\n\t<div class=\"jet-images-layout__inner\">\n\t\t<div class=\"jet-images-layout__image-loader\"><span><\/span><\/div>\n\t\t<a class=\"jet-images-layout__link \" href=\"https:\/\/kahrs.ch\/wp-content\/uploads\/2023\/08\/ydre-scaled.jpg\" data-elementor-open-lightbox=\"yes\" data-elementor-lightbox-slideshow=\"1e65912e\" data-elementor-lightbox-title=\"141.6\">\n\t\t\t<div class=\"jet-images-layout__image\">\n\t\t\t\t<img decoding=\"async\" class=\"jet-images-layout__image-instance\" src=\"https:\/\/kahrs.ch\/wp-content\/uploads\/2023\/08\/ydre-scaled.jpg\" data-width=\"2133\" data-height=\"2560\" alt=\"ydre mas en provence\" loading=\"lazy\">\t\t\t<\/div>\n\t\t\t<div class=\"jet-images-layout__content\"><h5 class=\"jet-images-layout__title\">141.6<\/h5><\/div>\n\t\t<\/a>\n\t<\/div>\n<\/div>\n<div class=\"jet-images-layout__item \">\n\t<div class=\"jet-images-layout__inner\">\n\t\t<div class=\"jet-images-layout__image-loader\"><span><\/span><\/div>\n\t\t<a class=\"jet-images-layout__link \" href=\"https:\/\/kahrs.ch\/wp-content\/uploads\/2023\/08\/141.6-Ydre-Raum-1-scaled.jpg\" data-elementor-open-lightbox=\"yes\" data-elementor-lightbox-slideshow=\"1e65912e\" data-elementor-lightbox-title=\"141.6\">\n\t\t\t<div class=\"jet-images-layout__image\">\n\t\t\t\t<img decoding=\"async\" class=\"jet-images-layout__image-instance\" src=\"https:\/\/kahrs.ch\/wp-content\/uploads\/2023\/08\/141.6-Ydre-Raum-1-scaled.jpg\" data-width=\"2560\" data-height=\"1873\" alt=\"141.6 Ydre Raum mas\" loading=\"lazy\">\t\t\t<\/div>\n\t\t\t<div class=\"jet-images-layout__content\"><h5 class=\"jet-images-layout__title\">141.6<\/h5><\/div>\n\t\t<\/a>\n\t<\/div>\n<\/div>\n<\/div><\/div>\n<\/div>\t\t\t\t<\/div>\n\t\t\t\t<\/div>\n\t\t\t\t<\/div>\n\t\t\t\t\t<\/div>\n\t\t\t\t<\/div>\n\t\t<div class=\"elementor-element elementor-element-3f8db4c7 e-flex e-con-boxed e-con e-parent\" data-id=\"3f8db4c7\" data-element_type=\"container\" data-e-type=\"container\" data-settings=\"{&quot;jet_parallax_layout_list&quot;:[]}\">\n\t\t\t\t\t<div class=\"e-con-inner\">\n\t\t<div class=\"elementor-element elementor-element-37ad6c41 e-con-full e-flex e-con e-child\" data-id=\"37ad6c41\" data-element_type=\"container\" data-e-type=\"container\" data-settings=\"{&quot;background_background&quot;:&quot;classic&quot;,&quot;jet_parallax_layout_list&quot;:[]}\">\n\t\t\t\t<div class=\"elementor-element elementor-element-1e48e655 elementor-widget elementor-widget-image\" data-id=\"1e48e655\" data-element_type=\"widget\" data-e-type=\"widget\" data-widget_type=\"image.default\">\n\t\t\t\t<div class=\"elementor-widget-container\">\n\t\t\t\t\t\t\t\t\t\t\t\t\t\t\t<img decoding=\"async\" width=\"1000\" height=\"1000\" src=\"https:\/\/kahrs.ch\/wp-content\/uploads\/2023\/07\/1-3-1.jpg\" class=\"attachment-full size-full wp-image-2710\" alt=\"\" srcset=\"https:\/\/kahrs.ch\/wp-content\/uploads\/2023\/07\/1-3-1.jpg 1000w, https:\/\/kahrs.ch\/wp-content\/uploads\/2023\/07\/1-3-1-300x300.jpg 300w, https:\/\/kahrs.ch\/wp-content\/uploads\/2023\/07\/1-3-1-100x100.jpg 100w, https:\/\/kahrs.ch\/wp-content\/uploads\/2023\/07\/1-3-1-600x600.jpg 600w, https:\/\/kahrs.ch\/wp-content\/uploads\/2023\/07\/1-3-1-150x150.jpg 150w, https:\/\/kahrs.ch\/wp-content\/uploads\/2023\/07\/1-3-1-768x768.jpg 768w\" sizes=\"(max-width: 1000px) 100vw, 1000px\" \/>\t\t\t\t\t\t\t\t\t\t\t\t\t\t\t<\/div>\n\t\t\t\t<\/div>\n\t\t\t\t<div class=\"elementor-element elementor-element-238d3f41 elementor-widget elementor-widget-heading\" data-id=\"238d3f41\" data-element_type=\"widget\" data-e-type=\"widget\" data-widget_type=\"heading.default\">\n\t\t\t\t<div class=\"elementor-widget-container\">\n\t\t\t\t\t<h2 class=\"elementor-heading-title elementor-size-default\">FLOOR PLANNER\n<\/h2>\t\t\t\t<\/div>\n\t\t\t\t<\/div>\n\t\t\t\t<div class=\"elementor-element elementor-element-41b87481 elementor-widget elementor-widget-text-editor\" data-id=\"41b87481\" data-element_type=\"widget\" data-e-type=\"widget\" data-widget_type=\"text-editor.default\">\n\t\t\t\t<div class=\"elementor-widget-container\">\n\t\t\t\t\t\t\t\t\t<p>Nutzen Sie die neueste Technologie der k\u00fcnstlichen Intelligenz, um den Boden Ihrer Tr\u00e4ume in Ihrem eigenen Haus zu visualisieren.<\/p>\n\t\t\t\t\t\t\t\t<\/div>\n\t\t\t\t<\/div>\n\t\t\t\t<div class=\"elementor-element elementor-element-44a7f8da elementor-align-center elementor-widget elementor-widget-button\" data-id=\"44a7f8da\" data-element_type=\"widget\" data-e-type=\"widget\" data-widget_type=\"button.default\">\n\t\t\t\t<div class=\"elementor-widget-container\">\n\t\t\t\t\t\t\t\t\t<div class=\"elementor-button-wrapper\">\n\t\t\t\t\t<a class=\"elementor-button elementor-button-link elementor-size-sm elementor-animation-grow\" href=\"https:\/\/kahrs.ch\/de\/einen-boden-mithilfe-des-virtuellen-showrooms-vergleichen\/\">\n\t\t\t\t\t\t<span class=\"elementor-button-content-wrapper\">\n\t\t\t\t\t\t\t\t\t<span class=\"elementor-button-text\">VERSUCHEN<\/span>\n\t\t\t\t\t<\/span>\n\t\t\t\t\t<\/a>\n\t\t\t\t<\/div>\n\t\t\t\t\t\t\t\t<\/div>\n\t\t\t\t<\/div>\n\t\t\t\t<\/div>\n\t\t<div class=\"elementor-element elementor-element-5dc6f39e e-con-full e-flex e-con e-child\" data-id=\"5dc6f39e\" data-element_type=\"container\" data-e-type=\"container\" data-settings=\"{&quot;background_background&quot;:&quot;classic&quot;,&quot;jet_parallax_layout_list&quot;:[]}\">\n\t\t\t\t<div class=\"elementor-element elementor-element-6a5d47c elementor-widget elementor-widget-image\" data-id=\"6a5d47c\" data-element_type=\"widget\" data-e-type=\"widget\" data-widget_type=\"image.default\">\n\t\t\t\t<div class=\"elementor-widget-container\">\n\t\t\t\t\t\t\t\t\t\t\t\t\t\t\t<img decoding=\"async\" width=\"1000\" height=\"1000\" src=\"https:\/\/kahrs.ch\/wp-content\/uploads\/2023\/07\/2-5-1.jpg\" class=\"attachment-full size-full wp-image-2713\" alt=\"\" srcset=\"https:\/\/kahrs.ch\/wp-content\/uploads\/2023\/07\/2-5-1.jpg 1000w, https:\/\/kahrs.ch\/wp-content\/uploads\/2023\/07\/2-5-1-300x300.jpg 300w, https:\/\/kahrs.ch\/wp-content\/uploads\/2023\/07\/2-5-1-100x100.jpg 100w, https:\/\/kahrs.ch\/wp-content\/uploads\/2023\/07\/2-5-1-600x600.jpg 600w, https:\/\/kahrs.ch\/wp-content\/uploads\/2023\/07\/2-5-1-150x150.jpg 150w, https:\/\/kahrs.ch\/wp-content\/uploads\/2023\/07\/2-5-1-768x768.jpg 768w\" sizes=\"(max-width: 1000px) 100vw, 1000px\" \/>\t\t\t\t\t\t\t\t\t\t\t\t\t\t\t<\/div>\n\t\t\t\t<\/div>\n\t\t\t\t<div class=\"elementor-element elementor-element-104ea3e7 elementor-widget elementor-widget-heading\" data-id=\"104ea3e7\" data-element_type=\"widget\" data-e-type=\"widget\" data-widget_type=\"heading.default\">\n\t\t\t\t<div class=\"elementor-widget-container\">\n\t\t\t\t\t<h2 class=\"elementor-heading-title elementor-size-default\">H\u00c4NDLER\n<\/h2>\t\t\t\t<\/div>\n\t\t\t\t<\/div>\n\t\t\t\t<div class=\"elementor-element elementor-element-28545d9d elementor-widget elementor-widget-text-editor\" data-id=\"28545d9d\" data-element_type=\"widget\" data-e-type=\"widget\" data-widget_type=\"text-editor.default\">\n\t\t\t\t<div class=\"elementor-widget-container\">\n\t\t\t\t\t\t\t\t\t<div class=\"elementor-element elementor-element-58e9e30 elementor-widget elementor-widget-text-editor\" data-id=\"58e9e30\" data-element_type=\"widget\" data-widget_type=\"text-editor.default\">\n<div class=\"elementor-widget-container\">\n<p>Wir empfehlen Ihnen, einen unserer H\u00e4ndler zu besuchen, denn nichts kann die Erfahrung ersetzen, unsere B\u00f6den zu sehen und zu ber\u00fchren.<\/p>\n<\/div>\n<\/div>\n\t\t\t\t\t\t\t\t<\/div>\n\t\t\t\t<\/div>\n\t\t\t\t<div class=\"elementor-element elementor-element-5d787da0 elementor-align-center elementor-widget elementor-widget-button\" data-id=\"5d787da0\" data-element_type=\"widget\" data-e-type=\"widget\" data-widget_type=\"button.default\">\n\t\t\t\t<div class=\"elementor-widget-container\">\n\t\t\t\t\t\t\t\t\t<div class=\"elementor-button-wrapper\">\n\t\t\t\t\t<a class=\"elementor-button elementor-button-link elementor-size-sm elementor-animation-grow\" href=\"https:\/\/kahrs.ch\/de\/fachhaendler\/\">\n\t\t\t\t\t\t<span class=\"elementor-button-content-wrapper\">\n\t\t\t\t\t\t\t\t\t<span class=\"elementor-button-text\">EINEN H\u00c4NDLER FINDEN<\/span>\n\t\t\t\t\t<\/span>\n\t\t\t\t\t<\/a>\n\t\t\t\t<\/div>\n\t\t\t\t\t\t\t\t<\/div>\n\t\t\t\t<\/div>\n\t\t\t\t<\/div>\n\t\t<div class=\"elementor-element elementor-element-5cdeb9f1 e-con-full e-flex e-con e-child\" data-id=\"5cdeb9f1\" data-element_type=\"container\" data-e-type=\"container\" data-settings=\"{&quot;background_background&quot;:&quot;classic&quot;,&quot;jet_parallax_layout_list&quot;:[]}\">\n\t\t\t\t<div class=\"elementor-element elementor-element-5c046f4d elementor-widget elementor-widget-image\" data-id=\"5c046f4d\" data-element_type=\"widget\" data-e-type=\"widget\" data-widget_type=\"image.default\">\n\t\t\t\t<div class=\"elementor-widget-container\">\n\t\t\t\t\t\t\t\t\t\t\t\t\t\t\t<img loading=\"lazy\" decoding=\"async\" width=\"2560\" height=\"2560\" src=\"https:\/\/kahrs.ch\/wp-content\/uploads\/2023\/09\/reference-scaled.jpg\" class=\"attachment-full size-full wp-image-10013\" alt=\"\" srcset=\"https:\/\/kahrs.ch\/wp-content\/uploads\/2023\/09\/reference-scaled.jpg 2560w, https:\/\/kahrs.ch\/wp-content\/uploads\/2023\/09\/reference-300x300.jpg 300w, https:\/\/kahrs.ch\/wp-content\/uploads\/2023\/09\/reference-scaled-100x100.jpg 100w, https:\/\/kahrs.ch\/wp-content\/uploads\/2023\/09\/reference-scaled-600x600.jpg 600w, https:\/\/kahrs.ch\/wp-content\/uploads\/2023\/09\/reference-1024x1024.jpg 1024w, https:\/\/kahrs.ch\/wp-content\/uploads\/2023\/09\/reference-150x150.jpg 150w, https:\/\/kahrs.ch\/wp-content\/uploads\/2023\/09\/reference-768x768.jpg 768w, https:\/\/kahrs.ch\/wp-content\/uploads\/2023\/09\/reference-1536x1536.jpg 1536w, https:\/\/kahrs.ch\/wp-content\/uploads\/2023\/09\/reference-2048x2048.jpg 2048w\" sizes=\"(max-width: 2560px) 100vw, 2560px\" \/>\t\t\t\t\t\t\t\t\t\t\t\t\t\t\t<\/div>\n\t\t\t\t<\/div>\n\t\t\t\t<div class=\"elementor-element elementor-element-1f4e3a61 elementor-widget elementor-widget-heading\" data-id=\"1f4e3a61\" data-element_type=\"widget\" data-e-type=\"widget\" data-widget_type=\"heading.default\">\n\t\t\t\t<div class=\"elementor-widget-container\">\n\t\t\t\t\t<h2 class=\"elementor-heading-title elementor-size-default\">Referenzen\n<\/h2>\t\t\t\t<\/div>\n\t\t\t\t<\/div>\n\t\t\t\t<div class=\"elementor-element elementor-element-1738766f elementor-widget elementor-widget-text-editor\" data-id=\"1738766f\" data-element_type=\"widget\" data-e-type=\"widget\" data-widget_type=\"text-editor.default\">\n\t\t\t\t<div class=\"elementor-widget-container\">\n\t\t\t\t\t\t\t\t\t<p>K\u00e4hrs Parkettb\u00f6den wurden in Gewerbe- und Wohngebieten auf der ganzen Welt verlegt. <\/p>\n\t\t\t\t\t\t\t\t<\/div>\n\t\t\t\t<\/div>\n\t\t\t\t<div class=\"elementor-element elementor-element-65f52069 elementor-align-center elementor-widget elementor-widget-button\" data-id=\"65f52069\" data-element_type=\"widget\" data-e-type=\"widget\" data-widget_type=\"button.default\">\n\t\t\t\t<div class=\"elementor-widget-container\">\n\t\t\t\t\t\t\t\t\t<div class=\"elementor-button-wrapper\">\n\t\t\t\t\t<a class=\"elementor-button elementor-button-link elementor-size-sm elementor-animation-grow\" href=\"https:\/\/kahrs.ch\/de\/referenzen\/\">\n\t\t\t\t\t\t<span class=\"elementor-button-content-wrapper\">\n\t\t\t\t\t\t\t\t\t<span class=\"elementor-button-text\">SIEHE REFERENZEN<\/span>\n\t\t\t\t\t<\/span>\n\t\t\t\t\t<\/a>\n\t\t\t\t<\/div>\n\t\t\t\t\t\t\t\t<\/div>\n\t\t\t\t<\/div>\n\t\t\t\t<\/div>\n\t\t\t\t\t<\/div>\n\t\t\t\t<\/div>\n\t\t\t\t<\/div>\n\t\t","protected":false},"excerpt":{"rendered":"<p>Auf den ersten Blick sieht dieses eindrucksvolle Steinhaus aus wie ein herrschaftliches Anwesen, dessen Pool und Garten zum Entspannen einladen. In Wirklichkeit ist es aber ein Bauernhaus, umgeben von Olivenb\u00e4umen und h\u00fcgeligen Ackerfl\u00e4chen, auf denen unterschiedliche Nutzpflanzen angebaut werden.<\/p>\n","protected":false},"author":2,"featured_media":7854,"comment_status":"closed","ping_status":"closed","sticky":false,"template":"elementor_header_footer","format":"standard","meta":{"_acf_changed":false,"site-sidebar-layout":"default","site-content-layout":"","ast-site-content-layout":"default","site-content-style":"default","site-sidebar-style":"default","ast-global-header-display":"","ast-banner-title-visibility":"","ast-main-header-display":"","ast-hfb-above-header-display":"","ast-hfb-below-header-display":"","ast-hfb-mobile-header-display":"","site-post-title":"","ast-breadcrumbs-content":"","ast-featured-img":"","footer-sml-layout":"","ast-disable-related-posts":"","theme-transparent-header-meta":"","adv-header-id-meta":"","stick-header-meta":"","header-above-stick-meta":"","header-main-stick-meta":"","header-below-stick-meta":"","astra-migrate-meta-layouts":"default","ast-page-background-enabled":"default","ast-page-background-meta":{"desktop":{"background-color":"var(--ast-global-color-4)","background-image":"","background-repeat":"repeat","background-position":"center center","background-size":"auto","background-attachment":"scroll","background-type":"","background-media":"","overlay-type":"","overlay-color":"","overlay-opacity":"","overlay-gradient":""},"tablet":{"background-color":"","background-image":"","background-repeat":"repeat","background-position":"center center","background-size":"auto","background-attachment":"scroll","background-type":"","background-media":"","overlay-type":"","overlay-color":"","overlay-opacity":"","overlay-gradient":""},"mobile":{"background-color":"","background-image":"","background-repeat":"repeat","background-position":"center center","background-size":"auto","background-attachment":"scroll","background-type":"","background-media":"","overlay-type":"","overlay-color":"","overlay-opacity":"","overlay-gradient":""}},"ast-content-background-meta":{"desktop":{"background-color":"var(--ast-global-color-5)","background-image":"","background-repeat":"repeat","background-position":"center center","background-size":"auto","background-attachment":"scroll","background-type":"","background-media":"","overlay-type":"","overlay-color":"","overlay-opacity":"","overlay-gradient":""},"tablet":{"background-color":"var(--ast-global-color-5)","background-image":"","background-repeat":"repeat","background-position":"center center","background-size":"auto","background-attachment":"scroll","background-type":"","background-media":"","overlay-type":"","overlay-color":"","overlay-opacity":"","overlay-gradient":""},"mobile":{"background-color":"var(--ast-global-color-5)","background-image":"","background-repeat":"repeat","background-position":"center center","background-size":"auto","background-attachment":"scroll","background-type":"","background-media":"","overlay-type":"","overlay-color":"","overlay-opacity":"","overlay-gradient":""}},"footnotes":""},"categories":[2850],"tags":[2863],"lieux-dans-le-monde":[],"references-filtres":[],"class_list":["post-11884","post","type-post","status-publish","format-standard","has-post-thumbnail","hentry","category-artikel","tag-inneneinrichtungen"],"acf":[],"yoast_head":"<!-- This site is optimized with the Yoast SEO plugin v27.1.1 - https:\/\/yoast.com\/product\/yoast-seo-wordpress\/ -->\n<title>Ein Steinhaus in der Provence | K\u00e4hrs Switzerland<\/title>\n<meta name=\"description\" content=\"Auf den ersten Blick sieht dieses eindrucksvolle Steinhaus aus wie ein herrschaftliches Anwesen, dessen Pool und Garten zum Entspannen einladen.\" \/>\n<meta name=\"robots\" content=\"index, follow, max-snippet:-1, max-image-preview:large, max-video-preview:-1\" \/>\n<link rel=\"canonical\" href=\"https:\/\/kahrs.ch\/de\/ein-steinhaus-in-der-provence\/\" \/>\n<meta property=\"og:locale\" content=\"de_DE\" \/>\n<meta property=\"og:type\" content=\"article\" \/>\n<meta property=\"og:title\" content=\"Ein Steinhaus in der Provence | K\u00e4hrs Switzerland\" \/>\n<meta property=\"og:description\" content=\"Auf den ersten Blick sieht dieses eindrucksvolle Steinhaus aus wie ein herrschaftliches Anwesen, dessen Pool und Garten zum Entspannen einladen.\" \/>\n<meta property=\"og:url\" content=\"https:\/\/kahrs.ch\/de\/ein-steinhaus-in-der-provence\/\" \/>\n<meta property=\"og:site_name\" content=\"K\u00e4hrs Switzerland\" \/>\n<meta property=\"article:published_time\" content=\"2023-08-23T11:54:04+00:00\" \/>\n<meta property=\"article:modified_time\" content=\"2023-10-24T08:21:13+00:00\" \/>\n<meta property=\"og:image\" content=\"https:\/\/kahrs.ch\/wp-content\/uploads\/2023\/08\/OriginalJpg-stone-house-in-provence-ext-2-scaled.jpg\" \/>\n\t<meta property=\"og:image:width\" content=\"2560\" \/>\n\t<meta property=\"og:image:height\" content=\"1709\" \/>\n\t<meta property=\"og:image:type\" content=\"image\/jpeg\" \/>\n<meta name=\"author\" content=\"lambert\" \/>\n<meta name=\"twitter:card\" content=\"summary_large_image\" \/>\n<meta name=\"twitter:label1\" content=\"Verfasst von\" \/>\n\t<meta name=\"twitter:data1\" content=\"lambert\" \/>\n\t<meta name=\"twitter:label2\" content=\"Gesch\u00e4tzte Lesezeit\" \/>\n\t<meta name=\"twitter:data2\" content=\"1\u00a0Minute\" \/>\n<script type=\"application\/ld+json\" class=\"yoast-schema-graph\">{\"@context\":\"https:\/\/schema.org\",\"@graph\":[{\"@type\":\"Article\",\"@id\":\"https:\/\/kahrs.ch\/de\/ein-steinhaus-in-der-provence\/#article\",\"isPartOf\":{\"@id\":\"https:\/\/kahrs.ch\/de\/ein-steinhaus-in-der-provence\/\"},\"author\":{\"name\":\"lambert\",\"@id\":\"https:\/\/kahrs.ch\/de\/#\/schema\/person\/fa47d4f9de06b223601203e1b4552a31\"},\"headline\":\"Ein Steinhaus in der Provence\",\"datePublished\":\"2023-08-23T11:54:04+00:00\",\"dateModified\":\"2023-10-24T08:21:13+00:00\",\"mainEntityOfPage\":{\"@id\":\"https:\/\/kahrs.ch\/de\/ein-steinhaus-in-der-provence\/\"},\"wordCount\":259,\"publisher\":{\"@id\":\"https:\/\/kahrs.ch\/de\/#organization\"},\"image\":{\"@id\":\"https:\/\/kahrs.ch\/de\/ein-steinhaus-in-der-provence\/#primaryimage\"},\"thumbnailUrl\":\"https:\/\/kahrs.ch\/wp-content\/uploads\/2023\/08\/OriginalJpg-stone-house-in-provence-ext-2-scaled.jpg\",\"keywords\":[\"Inneneinrichtungen\"],\"articleSection\":[\"Artikel\"],\"inLanguage\":\"de\"},{\"@type\":\"WebPage\",\"@id\":\"https:\/\/kahrs.ch\/de\/ein-steinhaus-in-der-provence\/\",\"url\":\"https:\/\/kahrs.ch\/de\/ein-steinhaus-in-der-provence\/\",\"name\":\"Ein Steinhaus in der Provence | K\u00e4hrs Switzerland\",\"isPartOf\":{\"@id\":\"https:\/\/kahrs.ch\/de\/#website\"},\"primaryImageOfPage\":{\"@id\":\"https:\/\/kahrs.ch\/de\/ein-steinhaus-in-der-provence\/#primaryimage\"},\"image\":{\"@id\":\"https:\/\/kahrs.ch\/de\/ein-steinhaus-in-der-provence\/#primaryimage\"},\"thumbnailUrl\":\"https:\/\/kahrs.ch\/wp-content\/uploads\/2023\/08\/OriginalJpg-stone-house-in-provence-ext-2-scaled.jpg\",\"datePublished\":\"2023-08-23T11:54:04+00:00\",\"dateModified\":\"2023-10-24T08:21:13+00:00\",\"description\":\"Auf den ersten Blick sieht dieses eindrucksvolle Steinhaus aus wie ein herrschaftliches Anwesen, dessen Pool und Garten zum Entspannen einladen.\",\"breadcrumb\":{\"@id\":\"https:\/\/kahrs.ch\/de\/ein-steinhaus-in-der-provence\/#breadcrumb\"},\"inLanguage\":\"de\",\"potentialAction\":[{\"@type\":\"ReadAction\",\"target\":[\"https:\/\/kahrs.ch\/de\/ein-steinhaus-in-der-provence\/\"]}]},{\"@type\":\"ImageObject\",\"inLanguage\":\"de\",\"@id\":\"https:\/\/kahrs.ch\/de\/ein-steinhaus-in-der-provence\/#primaryimage\",\"url\":\"https:\/\/kahrs.ch\/wp-content\/uploads\/2023\/08\/OriginalJpg-stone-house-in-provence-ext-2-scaled.jpg\",\"contentUrl\":\"https:\/\/kahrs.ch\/wp-content\/uploads\/2023\/08\/OriginalJpg-stone-house-in-provence-ext-2-scaled.jpg\",\"width\":2560,\"height\":1709},{\"@type\":\"BreadcrumbList\",\"@id\":\"https:\/\/kahrs.ch\/de\/ein-steinhaus-in-der-provence\/#breadcrumb\",\"itemListElement\":[{\"@type\":\"ListItem\",\"position\":1,\"name\":\"Accueil\",\"item\":\"https:\/\/kahrs.ch\/de\/kaehrs-parkett-und-vinylboeden\/\"},{\"@type\":\"ListItem\",\"position\":2,\"name\":\"Ein Steinhaus in der Provence\"}]},{\"@type\":\"WebSite\",\"@id\":\"https:\/\/kahrs.ch\/de\/#website\",\"url\":\"https:\/\/kahrs.ch\/de\/\",\"name\":\"K\u00e4hrs Switzerland\",\"description\":\"\",\"publisher\":{\"@id\":\"https:\/\/kahrs.ch\/de\/#organization\"},\"alternateName\":\"K\u00e4hrs Switzerland\",\"potentialAction\":[{\"@type\":\"SearchAction\",\"target\":{\"@type\":\"EntryPoint\",\"urlTemplate\":\"https:\/\/kahrs.ch\/de\/?s={search_term_string}\"},\"query-input\":{\"@type\":\"PropertyValueSpecification\",\"valueRequired\":true,\"valueName\":\"search_term_string\"}}],\"inLanguage\":\"de\"},{\"@type\":\"Organization\",\"@id\":\"https:\/\/kahrs.ch\/de\/#organization\",\"name\":\"K\u00e4hrs Switzerland\",\"url\":\"https:\/\/kahrs.ch\/de\/\",\"logo\":{\"@type\":\"ImageObject\",\"inLanguage\":\"de\",\"@id\":\"https:\/\/kahrs.ch\/de\/#\/schema\/logo\/image\/\",\"url\":\"https:\/\/kahrs.ch\/wp-content\/uploads\/2023\/08\/Kahrs-logotype-without-tagline_Print-150dpi_2-1.jpg\",\"contentUrl\":\"https:\/\/kahrs.ch\/wp-content\/uploads\/2023\/08\/Kahrs-logotype-without-tagline_Print-150dpi_2-1.jpg\",\"width\":421,\"height\":376,\"caption\":\"K\u00e4hrs Switzerland\"},\"image\":{\"@id\":\"https:\/\/kahrs.ch\/de\/#\/schema\/logo\/image\/\"}},{\"@type\":\"Person\",\"@id\":\"https:\/\/kahrs.ch\/de\/#\/schema\/person\/fa47d4f9de06b223601203e1b4552a31\",\"name\":\"lambert\",\"image\":{\"@type\":\"ImageObject\",\"inLanguage\":\"de\",\"@id\":\"https:\/\/kahrs.ch\/de\/#\/schema\/person\/image\/\",\"url\":\"https:\/\/secure.gravatar.com\/avatar\/6151d574894168a5954fae3ee3464dda7e266c271a294f7833b2b957124f9ea6?s=96&d=mm&r=g\",\"contentUrl\":\"https:\/\/secure.gravatar.com\/avatar\/6151d574894168a5954fae3ee3464dda7e266c271a294f7833b2b957124f9ea6?s=96&d=mm&r=g\",\"caption\":\"lambert\"},\"url\":\"https:\/\/kahrs.ch\/de\/author\/lambert\/\"}]}<\/script>\n<!-- \/ Yoast SEO plugin. -->","yoast_head_json":{"title":"Ein Steinhaus in der Provence | K\u00e4hrs Switzerland","description":"Auf den ersten Blick sieht dieses eindrucksvolle Steinhaus aus wie ein herrschaftliches Anwesen, dessen Pool und Garten zum Entspannen einladen.","robots":{"index":"index","follow":"follow","max-snippet":"max-snippet:-1","max-image-preview":"max-image-preview:large","max-video-preview":"max-video-preview:-1"},"canonical":"https:\/\/kahrs.ch\/de\/ein-steinhaus-in-der-provence\/","og_locale":"de_DE","og_type":"article","og_title":"Ein Steinhaus in der Provence | K\u00e4hrs Switzerland","og_description":"Auf den ersten Blick sieht dieses eindrucksvolle Steinhaus aus wie ein herrschaftliches Anwesen, dessen Pool und Garten zum Entspannen einladen.","og_url":"https:\/\/kahrs.ch\/de\/ein-steinhaus-in-der-provence\/","og_site_name":"K\u00e4hrs Switzerland","article_published_time":"2023-08-23T11:54:04+00:00","article_modified_time":"2023-10-24T08:21:13+00:00","og_image":[{"width":2560,"height":1709,"url":"https:\/\/kahrs.ch\/wp-content\/uploads\/2023\/08\/OriginalJpg-stone-house-in-provence-ext-2-scaled.jpg","type":"image\/jpeg"}],"author":"lambert","twitter_card":"summary_large_image","twitter_misc":{"Verfasst von":"lambert","Gesch\u00e4tzte Lesezeit":"1\u00a0Minute"},"schema":{"@context":"https:\/\/schema.org","@graph":[{"@type":"Article","@id":"https:\/\/kahrs.ch\/de\/ein-steinhaus-in-der-provence\/#article","isPartOf":{"@id":"https:\/\/kahrs.ch\/de\/ein-steinhaus-in-der-provence\/"},"author":{"name":"lambert","@id":"https:\/\/kahrs.ch\/de\/#\/schema\/person\/fa47d4f9de06b223601203e1b4552a31"},"headline":"Ein Steinhaus in der Provence","datePublished":"2023-08-23T11:54:04+00:00","dateModified":"2023-10-24T08:21:13+00:00","mainEntityOfPage":{"@id":"https:\/\/kahrs.ch\/de\/ein-steinhaus-in-der-provence\/"},"wordCount":259,"publisher":{"@id":"https:\/\/kahrs.ch\/de\/#organization"},"image":{"@id":"https:\/\/kahrs.ch\/de\/ein-steinhaus-in-der-provence\/#primaryimage"},"thumbnailUrl":"https:\/\/kahrs.ch\/wp-content\/uploads\/2023\/08\/OriginalJpg-stone-house-in-provence-ext-2-scaled.jpg","keywords":["Inneneinrichtungen"],"articleSection":["Artikel"],"inLanguage":"de"},{"@type":"WebPage","@id":"https:\/\/kahrs.ch\/de\/ein-steinhaus-in-der-provence\/","url":"https:\/\/kahrs.ch\/de\/ein-steinhaus-in-der-provence\/","name":"Ein Steinhaus in der Provence | K\u00e4hrs Switzerland","isPartOf":{"@id":"https:\/\/kahrs.ch\/de\/#website"},"primaryImageOfPage":{"@id":"https:\/\/kahrs.ch\/de\/ein-steinhaus-in-der-provence\/#primaryimage"},"image":{"@id":"https:\/\/kahrs.ch\/de\/ein-steinhaus-in-der-provence\/#primaryimage"},"thumbnailUrl":"https:\/\/kahrs.ch\/wp-content\/uploads\/2023\/08\/OriginalJpg-stone-house-in-provence-ext-2-scaled.jpg","datePublished":"2023-08-23T11:54:04+00:00","dateModified":"2023-10-24T08:21:13+00:00","description":"Auf den ersten Blick sieht dieses eindrucksvolle Steinhaus aus wie ein herrschaftliches Anwesen, dessen Pool und Garten zum Entspannen einladen.","breadcrumb":{"@id":"https:\/\/kahrs.ch\/de\/ein-steinhaus-in-der-provence\/#breadcrumb"},"inLanguage":"de","potentialAction":[{"@type":"ReadAction","target":["https:\/\/kahrs.ch\/de\/ein-steinhaus-in-der-provence\/"]}]},{"@type":"ImageObject","inLanguage":"de","@id":"https:\/\/kahrs.ch\/de\/ein-steinhaus-in-der-provence\/#primaryimage","url":"https:\/\/kahrs.ch\/wp-content\/uploads\/2023\/08\/OriginalJpg-stone-house-in-provence-ext-2-scaled.jpg","contentUrl":"https:\/\/kahrs.ch\/wp-content\/uploads\/2023\/08\/OriginalJpg-stone-house-in-provence-ext-2-scaled.jpg","width":2560,"height":1709},{"@type":"BreadcrumbList","@id":"https:\/\/kahrs.ch\/de\/ein-steinhaus-in-der-provence\/#breadcrumb","itemListElement":[{"@type":"ListItem","position":1,"name":"Accueil","item":"https:\/\/kahrs.ch\/de\/kaehrs-parkett-und-vinylboeden\/"},{"@type":"ListItem","position":2,"name":"Ein Steinhaus in der Provence"}]},{"@type":"WebSite","@id":"https:\/\/kahrs.ch\/de\/#website","url":"https:\/\/kahrs.ch\/de\/","name":"K\u00e4hrs Switzerland","description":"","publisher":{"@id":"https:\/\/kahrs.ch\/de\/#organization"},"alternateName":"K\u00e4hrs Switzerland","potentialAction":[{"@type":"SearchAction","target":{"@type":"EntryPoint","urlTemplate":"https:\/\/kahrs.ch\/de\/?s={search_term_string}"},"query-input":{"@type":"PropertyValueSpecification","valueRequired":true,"valueName":"search_term_string"}}],"inLanguage":"de"},{"@type":"Organization","@id":"https:\/\/kahrs.ch\/de\/#organization","name":"K\u00e4hrs Switzerland","url":"https:\/\/kahrs.ch\/de\/","logo":{"@type":"ImageObject","inLanguage":"de","@id":"https:\/\/kahrs.ch\/de\/#\/schema\/logo\/image\/","url":"https:\/\/kahrs.ch\/wp-content\/uploads\/2023\/08\/Kahrs-logotype-without-tagline_Print-150dpi_2-1.jpg","contentUrl":"https:\/\/kahrs.ch\/wp-content\/uploads\/2023\/08\/Kahrs-logotype-without-tagline_Print-150dpi_2-1.jpg","width":421,"height":376,"caption":"K\u00e4hrs Switzerland"},"image":{"@id":"https:\/\/kahrs.ch\/de\/#\/schema\/logo\/image\/"}},{"@type":"Person","@id":"https:\/\/kahrs.ch\/de\/#\/schema\/person\/fa47d4f9de06b223601203e1b4552a31","name":"lambert","image":{"@type":"ImageObject","inLanguage":"de","@id":"https:\/\/kahrs.ch\/de\/#\/schema\/person\/image\/","url":"https:\/\/secure.gravatar.com\/avatar\/6151d574894168a5954fae3ee3464dda7e266c271a294f7833b2b957124f9ea6?s=96&d=mm&r=g","contentUrl":"https:\/\/secure.gravatar.com\/avatar\/6151d574894168a5954fae3ee3464dda7e266c271a294f7833b2b957124f9ea6?s=96&d=mm&r=g","caption":"lambert"},"url":"https:\/\/kahrs.ch\/de\/author\/lambert\/"}]}},"_links":{"self":[{"href":"https:\/\/kahrs.ch\/de\/wp-json\/wp\/v2\/posts\/11884","targetHints":{"allow":["GET"]}}],"collection":[{"href":"https:\/\/kahrs.ch\/de\/wp-json\/wp\/v2\/posts"}],"about":[{"href":"https:\/\/kahrs.ch\/de\/wp-json\/wp\/v2\/types\/post"}],"author":[{"embeddable":true,"href":"https:\/\/kahrs.ch\/de\/wp-json\/wp\/v2\/users\/2"}],"replies":[{"embeddable":true,"href":"https:\/\/kahrs.ch\/de\/wp-json\/wp\/v2\/comments?post=11884"}],"version-history":[{"count":1,"href":"https:\/\/kahrs.ch\/de\/wp-json\/wp\/v2\/posts\/11884\/revisions"}],"predecessor-version":[{"id":11885,"href":"https:\/\/kahrs.ch\/de\/wp-json\/wp\/v2\/posts\/11884\/revisions\/11885"}],"wp:featuredmedia":[{"embeddable":true,"href":"https:\/\/kahrs.ch\/de\/wp-json\/wp\/v2\/media\/7854"}],"wp:attachment":[{"href":"https:\/\/kahrs.ch\/de\/wp-json\/wp\/v2\/media?parent=11884"}],"wp:term":[{"taxonomy":"category","embeddable":true,"href":"https:\/\/kahrs.ch\/de\/wp-json\/wp\/v2\/categories?post=11884"},{"taxonomy":"post_tag","embeddable":true,"href":"https:\/\/kahrs.ch\/de\/wp-json\/wp\/v2\/tags?post=11884"},{"taxonomy":"lieux-dans-le-monde","embeddable":true,"href":"https:\/\/kahrs.ch\/de\/wp-json\/wp\/v2\/lieux-dans-le-monde?post=11884"},{"taxonomy":"references-filtres","embeddable":true,"href":"https:\/\/kahrs.ch\/de\/wp-json\/wp\/v2\/references-filtres?post=11884"}],"curies":[{"name":"wp","href":"https:\/\/api.w.org\/{rel}","templated":true}]}}