{"id":11896,"date":"2023-09-06T10:32:34","date_gmt":"2023-09-06T08:32:34","guid":{"rendered":"https:\/\/info-kahrs.ch\/grosstadt-loft\/"},"modified":"2023-10-20T11:00:13","modified_gmt":"2023-10-20T09:00:13","slug":"grosstadt-loft","status":"publish","type":"post","link":"https:\/\/kahrs.ch\/de\/grosstadt-loft\/","title":{"rendered":"GROSSTADT LOFT"},"content":{"rendered":"\t\t<div data-elementor-type=\"wp-post\" data-elementor-id=\"11896\" class=\"elementor elementor-11896 elementor-7410\" data-elementor-post-type=\"post\">\n\t\t\t\t<div class=\"elementor-element elementor-element-7247e90d e-con-full e-flex e-con e-parent\" data-id=\"7247e90d\" data-element_type=\"container\" data-e-type=\"container\" data-settings=\"{&quot;jet_parallax_layout_list&quot;:[],&quot;background_background&quot;:&quot;classic&quot;}\">\n\t\t<div class=\"elementor-element elementor-element-29e92d72 e-flex e-con-boxed e-con e-child\" data-id=\"29e92d72\" data-element_type=\"container\" data-e-type=\"container\" data-settings=\"{&quot;jet_parallax_layout_list&quot;:[]}\">\n\t\t\t\t\t<div class=\"e-con-inner\">\n\t\t\t\t<div class=\"elementor-element elementor-element-16ff5ca1 uael-mobile-heading-align-center elementor-hidden-tablet elementor-hidden-mobile elementor-widget elementor-widget-uael-advanced-heading\" data-id=\"16ff5ca1\" data-element_type=\"widget\" data-e-type=\"widget\" data-widget_type=\"uael-advanced-heading.default\">\n\t\t\t\t<div class=\"elementor-widget-container\">\n\t\t\t\t\t\n\t\t<div class=\"uael-module-content uael-heading-wrapper\">\n\t\t\t\t\t\t\n\t\t\t<h2 class=\"uael-heading\">\n\t\t\t\t\t\t\t\t\t\t<span class=\"uael-heading-text elementor-inline-editing uael-size--medium\" data-elementor-setting-key=\"heading_title\" data-elementor-inline-editing-toolbar=\"basic\">visit<\/span>\n\t\t\t\t\t\t\t<\/h2>\n\n\t\t\t\n\t\t\t\n\t\t\t\n\t\t\t\t\t\t<\/div>\n\t\t\t\t\t\t<\/div>\n\t\t\t\t<\/div>\n\t\t\t\t<div class=\"elementor-element elementor-element-47e9313c elementor-widget elementor-widget-heading\" data-id=\"47e9313c\" data-element_type=\"widget\" data-e-type=\"widget\" data-widget_type=\"heading.default\">\n\t\t\t\t<div class=\"elementor-widget-container\">\n\t\t\t\t\t<h1 class=\"elementor-heading-title elementor-size-default\">GROSSTADT LOFT\n<\/h1>\t\t\t\t<\/div>\n\t\t\t\t<\/div>\n\t\t\t\t\t<\/div>\n\t\t\t\t<\/div>\n\t\t\t\t<\/div>\n\t\t<div class=\"elementor-element elementor-element-393dfb77 e-flex e-con-boxed e-con e-parent\" data-id=\"393dfb77\" data-element_type=\"container\" data-e-type=\"container\" data-settings=\"{&quot;jet_parallax_layout_list&quot;:[]}\">\n\t\t\t\t\t<div class=\"e-con-inner\">\n\t\t\t\t<div class=\"elementor-element elementor-element-3479866b elementor-widget elementor-widget-heading\" data-id=\"3479866b\" data-element_type=\"widget\" data-e-type=\"widget\" data-widget_type=\"heading.default\">\n\t\t\t\t<div class=\"elementor-widget-container\">\n\t\t\t\t\t<h2 class=\"elementor-heading-title elementor-size-default\">EIN WARMES BRAUN PASST PERFEKT ZU DIESER WOHNUNG\n\n<\/h2>\t\t\t\t<\/div>\n\t\t\t\t<\/div>\n\t\t\t\t<div class=\"elementor-element elementor-element-84dae61 elementor-widget elementor-widget-text-editor\" data-id=\"84dae61\" data-element_type=\"widget\" data-e-type=\"widget\" data-widget_type=\"text-editor.default\">\n\t\t\t\t<div class=\"elementor-widget-container\">\n\t\t\t\t\t\t\t\t\t<div class=\"et_pb_module et_pb_text et_pb_text_2 et_pb_text_align_left et_pb_bg_layout_light\">\n<div class=\"et_pb_text_inner\">\n<p>Gem\u00fctlichkeit kommt in diesem Eigenheim im Industriestil durch grossz\u00fcgige Sofas, ein paar kr\u00e4ftige Farbtupfer und warme Holzb\u00f6den auf. Eine Wohnung in einem umgebauten Fabrikgeb\u00e4ude wurde in ein Eigenheim verwandelt, in dem Industrielook auf Popkultur trifft. Ein brauner Holzboden steht hier als warme Basis einem individuellen Gestaltungsmix gegen\u00fcber.<\/p>\n<\/div>\n<\/div>\n\t\t\t\t\t\t\t\t<\/div>\n\t\t\t\t<\/div>\n\t\t\t\t\t<\/div>\n\t\t\t\t<\/div>\n\t\t<div class=\"elementor-element elementor-element-19b2e129 e-flex e-con-boxed e-con e-parent\" data-id=\"19b2e129\" data-element_type=\"container\" data-e-type=\"container\" data-settings=\"{&quot;jet_parallax_layout_list&quot;:[]}\">\n\t\t\t\t\t<div class=\"e-con-inner\">\n\t\t<div class=\"elementor-element elementor-element-400fd104 e-con-full animated-slow e-flex elementor-invisible e-con e-child\" data-id=\"400fd104\" data-element_type=\"container\" data-e-type=\"container\" data-settings=\"{&quot;jet_parallax_layout_list&quot;:[],&quot;animation&quot;:&quot;fadeInLeft&quot;}\">\n\t\t\t\t<div class=\"elementor-element elementor-element-4f5f301d elementor-widget elementor-widget-heading\" data-id=\"4f5f301d\" data-element_type=\"widget\" data-e-type=\"widget\" data-widget_type=\"heading.default\">\n\t\t\t\t<div class=\"elementor-widget-container\">\n\t\t\t\t\t<h2 class=\"elementor-heading-title elementor-size-default\">Eine warme Atmosph\u00e4re<\/h2>\t\t\t\t<\/div>\n\t\t\t\t<\/div>\n\t\t\t\t<div class=\"elementor-element elementor-element-691d31cd elementor-widget elementor-widget-text-editor\" data-id=\"691d31cd\" data-element_type=\"widget\" data-e-type=\"widget\" data-widget_type=\"text-editor.default\">\n\t\t\t\t<div class=\"elementor-widget-container\">\n\t\t\t\t\t\t\t\t\t<div class=\"et_pb_module et_pb_text et_pb_text_4 et_pb_text_align_left et_pb_bg_layout_light\">\n<div class=\"et_pb_text_inner\">\n<div class=\"et_pb_module et_pb_text et_pb_text_2 et_pb_text_align_left et_pb_bg_layout_light\">\n<div class=\"et_pb_text_inner\">\n<p>F\u00fcr das Wohnzimmer wurde Eiche n\u00b0<a href=\"https:\/\/info-kahrs.ch\/produit\/n218-6\/\">218.6<\/a> mit tiefen Goldbraunt\u00f6nen und rustikaler Optik gew\u00e4hlt. Die Bodendielen weisen \u00c4ste und Risse auf, wodurch ein wundersch\u00f6ner Antik-Effekt entsteht, der an Altholz erinnert. In der K\u00fcche wurde das 1-Stab Eichenparkett n\u00b0<a href=\"https:\/\/info-kahrs.ch\/produit\/n141-7\/\">141.7<\/a> mit satten, warmen Bernsteint\u00f6nen verlegt. Die handgehobelte Struktur hebt die \u00c4ste hervor und verleiht dem Boden so eine Used-Optik und -Haptik. F\u00fcr die Diele wurde n\u00b0<a href=\"https:\/\/info-kahrs.ch\/produit\/n143-7\/\">143.7<\/a> gew\u00e4hlt, ein 3-Stab Eichenboden in tiefen Bernsteint\u00f6nen, aufgewertet durch dunkelgraue \u00c4ste und Risse, die ihm einen klassischen, aber dennoch luxuri\u00f6sen Ausdruck verleihen. Ein brauner Boden sorgt in R\u00e4umen nicht nur f\u00fcr eine warme Atmosph\u00e4re, die satten, erdigen Bernstein- und Tabakt\u00f6ne geben dabei einen perfekten Grundlook in traditionellen als auch modernen Einrichtungen ab. Unsere braunen B\u00f6den sind in mehreren satten Schattierungen sowie in verschiedenen Designs und Oberfl\u00e4chenbehandlungen erh\u00e4ltlich.<\/p>\n<\/div>\n<\/div>\n<\/div>\n<\/div>\n\t\t\t\t\t\t\t\t<\/div>\n\t\t\t\t<\/div>\n\t\t\t\t<\/div>\n\t\t<div class=\"elementor-element elementor-element-2c17718c e-con-full e-flex e-con e-child\" data-id=\"2c17718c\" data-element_type=\"container\" data-e-type=\"container\" data-settings=\"{&quot;jet_parallax_layout_list&quot;:[]}\">\n\t\t\t\t<div class=\"elementor-element elementor-element-1c3d6f11 animated-slow elementor-invisible elementor-widget elementor-widget-image\" data-id=\"1c3d6f11\" data-element_type=\"widget\" data-e-type=\"widget\" data-settings=\"{&quot;_animation&quot;:&quot;fadeInRight&quot;}\" data-widget_type=\"image.default\">\n\t\t\t\t<div class=\"elementor-widget-container\">\n\t\t\t\t\t\t\t\t\t\t\t\t\t\t\t<img fetchpriority=\"high\" decoding=\"async\" width=\"1969\" height=\"2560\" src=\"https:\/\/kahrs.ch\/wp-content\/uploads\/2023\/09\/143.7--scaled.jpg\" class=\"attachment-full size-full wp-image-7434\" alt=\"\" srcset=\"https:\/\/kahrs.ch\/wp-content\/uploads\/2023\/09\/143.7--scaled.jpg 1969w, https:\/\/kahrs.ch\/wp-content\/uploads\/2023\/09\/143.7--scaled-600x780.jpg 600w, https:\/\/kahrs.ch\/wp-content\/uploads\/2023\/09\/143.7--231x300.jpg 231w, https:\/\/kahrs.ch\/wp-content\/uploads\/2023\/09\/143.7--788x1024.jpg 788w, https:\/\/kahrs.ch\/wp-content\/uploads\/2023\/09\/143.7--768x998.jpg 768w, https:\/\/kahrs.ch\/wp-content\/uploads\/2023\/09\/143.7--1182x1536.jpg 1182w, https:\/\/kahrs.ch\/wp-content\/uploads\/2023\/09\/143.7--1575x2048.jpg 1575w\" sizes=\"(max-width: 1969px) 100vw, 1969px\" \/>\t\t\t\t\t\t\t\t\t\t\t\t\t\t\t<\/div>\n\t\t\t\t<\/div>\n\t\t\t\t<\/div>\n\t\t\t\t\t<\/div>\n\t\t\t\t<\/div>\n\t\t<div class=\"elementor-element elementor-element-6eeb3b39 animated-slow e-flex e-con-boxed elementor-invisible e-con e-parent\" data-id=\"6eeb3b39\" data-element_type=\"container\" data-e-type=\"container\" data-settings=\"{&quot;background_background&quot;:&quot;classic&quot;,&quot;jet_parallax_layout_list&quot;:[],&quot;animation&quot;:&quot;slideInLeft&quot;}\">\n\t\t\t\t\t<div class=\"e-con-inner\">\n\t\t\t\t<div class=\"elementor-element elementor-element-139e7032 elementor-widget elementor-widget-button\" data-id=\"139e7032\" data-element_type=\"widget\" data-e-type=\"widget\" data-widget_type=\"button.default\">\n\t\t\t\t<div class=\"elementor-widget-container\">\n\t\t\t\t\t\t\t\t\t<div class=\"elementor-button-wrapper\">\n\t\t\t\t\t<a class=\"elementor-button elementor-button-link elementor-size-sm elementor-animation-grow\" href=\"https:\/\/kahrs.ch\/de\/design-stories\/\">\n\t\t\t\t\t\t<span class=\"elementor-button-content-wrapper\">\n\t\t\t\t\t\t<span class=\"elementor-button-icon\">\n\t\t\t\t<i aria-hidden=\"true\" class=\"fas fa-angle-right\"><\/i>\t\t\t<\/span>\n\t\t\t\t\t\t\t\t\t<span class=\"elementor-button-text\">Entdecken Sie unsere anderen Design Stories<\/span>\n\t\t\t\t\t<\/span>\n\t\t\t\t\t<\/a>\n\t\t\t\t<\/div>\n\t\t\t\t\t\t\t\t<\/div>\n\t\t\t\t<\/div>\n\t\t\t\t\t<\/div>\n\t\t\t\t<\/div>\n\t\t<div class=\"elementor-element elementor-element-216bc767 animated-slow e-flex e-con-boxed elementor-invisible e-con e-parent\" data-id=\"216bc767\" data-element_type=\"container\" data-e-type=\"container\" data-settings=\"{&quot;jet_parallax_layout_list&quot;:[],&quot;animation&quot;:&quot;fadeIn&quot;}\">\n\t\t\t\t\t<div class=\"e-con-inner\">\n\t\t<div class=\"elementor-element elementor-element-56dca844 e-con-full e-flex e-con e-child\" data-id=\"56dca844\" data-element_type=\"container\" data-e-type=\"container\" data-settings=\"{&quot;jet_parallax_layout_list&quot;:[]}\">\n\t\t\t\t<div class=\"elementor-element elementor-element-1d793eb elementor-widget elementor-widget-heading\" data-id=\"1d793eb\" data-element_type=\"widget\" data-e-type=\"widget\" data-widget_type=\"heading.default\">\n\t\t\t\t<div class=\"elementor-widget-container\">\n\t\t\t\t\t<h2 class=\"elementor-heading-title elementor-size-default\">Entdecken Sie dieses tolle Loft in der Stadt<\/h2>\t\t\t\t<\/div>\n\t\t\t\t<\/div>\n\t\t\t\t<div class=\"elementor-element elementor-element-35a2298b elementor-widget elementor-widget-jet-images-layout\" data-id=\"35a2298b\" data-element_type=\"widget\" data-e-type=\"widget\" data-widget_type=\"jet-images-layout.default\">\n\t\t\t\t<div class=\"elementor-widget-container\">\n\t\t\t\t\t<div class=\"elementor-jet-images-layout jet-elements\">\n<div class=\"jet-images-layout layout-type-justify\" data-settings='{&quot;layoutType&quot;:&quot;justify&quot;,&quot;justifyHeight&quot;:200}'>\n\t<div class=\"jet-images-layout__list column-desktop-3 column-tablet-2 column-mobile-1\" >\n<div class=\"jet-images-layout__item \">\n\t<div class=\"jet-images-layout__inner\">\n\t\t<div class=\"jet-images-layout__image-loader\"><span><\/span><\/div>\n\t\t<a class=\"jet-images-layout__link \" href=\"https:\/\/kahrs.ch\/wp-content\/uploads\/2023\/09\/at0L5Wlk_2x.jpg\" data-elementor-open-lightbox=\"yes\" data-elementor-lightbox-slideshow=\"35a2298b\" data-elementor-lightbox-title=\"141.7\">\n\t\t\t<div class=\"jet-images-layout__image\">\n\t\t\t\t<img decoding=\"async\" class=\"jet-images-layout__image-instance\" src=\"https:\/\/kahrs.ch\/wp-content\/uploads\/2023\/09\/at0L5Wlk_2x.jpg\" data-width=\"2400\" data-height=\"1600\" alt=\"141.7\" loading=\"lazy\">\t\t\t<\/div>\n\t\t\t<div class=\"jet-images-layout__content\"><h5 class=\"jet-images-layout__title\">141.7<\/h5><\/div>\n\t\t<\/a>\n\t<\/div>\n<\/div>\n<div class=\"jet-images-layout__item \">\n\t<div class=\"jet-images-layout__inner\">\n\t\t<div class=\"jet-images-layout__image-loader\"><span><\/span><\/div>\n\t\t<a class=\"jet-images-layout__link \" href=\"https:\/\/kahrs.ch\/wp-content\/uploads\/2023\/09\/DY7F5uPa_2x.jpg\" data-elementor-open-lightbox=\"yes\" data-elementor-lightbox-slideshow=\"35a2298b\" data-elementor-lightbox-title=\"143.7\">\n\t\t\t<div class=\"jet-images-layout__image\">\n\t\t\t\t<img decoding=\"async\" class=\"jet-images-layout__image-instance\" src=\"https:\/\/kahrs.ch\/wp-content\/uploads\/2023\/09\/DY7F5uPa_2x.jpg\" data-width=\"2400\" data-height=\"1602\" alt=\"143.7\" loading=\"lazy\">\t\t\t<\/div>\n\t\t\t<div class=\"jet-images-layout__content\"><h5 class=\"jet-images-layout__title\">143.7<\/h5><\/div>\n\t\t<\/a>\n\t<\/div>\n<\/div>\n<div class=\"jet-images-layout__item \">\n\t<div class=\"jet-images-layout__inner\">\n\t\t<div class=\"jet-images-layout__image-loader\"><span><\/span><\/div>\n\t\t<a class=\"jet-images-layout__link \" href=\"https:\/\/kahrs.ch\/wp-content\/uploads\/2023\/09\/iNzkBYqn_2x.jpg\" data-elementor-open-lightbox=\"yes\" data-elementor-lightbox-slideshow=\"35a2298b\" data-elementor-lightbox-title=\"141.7\">\n\t\t\t<div class=\"jet-images-layout__image\">\n\t\t\t\t<img decoding=\"async\" class=\"jet-images-layout__image-instance\" src=\"https:\/\/kahrs.ch\/wp-content\/uploads\/2023\/09\/iNzkBYqn_2x.jpg\" data-width=\"2400\" data-height=\"1600\" alt=\"141.7\" loading=\"lazy\">\t\t\t<\/div>\n\t\t\t<div class=\"jet-images-layout__content\"><h5 class=\"jet-images-layout__title\">141.7<\/h5><\/div>\n\t\t<\/a>\n\t<\/div>\n<\/div>\n<div class=\"jet-images-layout__item \">\n\t<div class=\"jet-images-layout__inner\">\n\t\t<div class=\"jet-images-layout__image-loader\"><span><\/span><\/div>\n\t\t<a class=\"jet-images-layout__link \" href=\"https:\/\/kahrs.ch\/wp-content\/uploads\/2023\/09\/Xi1nzrBY_2x.jpg\" data-elementor-open-lightbox=\"yes\" data-elementor-lightbox-slideshow=\"35a2298b\" data-elementor-lightbox-title=\"218.6\">\n\t\t\t<div class=\"jet-images-layout__image\">\n\t\t\t\t<img decoding=\"async\" class=\"jet-images-layout__image-instance\" src=\"https:\/\/kahrs.ch\/wp-content\/uploads\/2023\/09\/Xi1nzrBY_2x.jpg\" data-width=\"2400\" data-height=\"1600\" alt=\"218.6\" loading=\"lazy\">\t\t\t<\/div>\n\t\t\t<div class=\"jet-images-layout__content\"><h5 class=\"jet-images-layout__title\">218.6<\/h5><\/div>\n\t\t<\/a>\n\t<\/div>\n<\/div>\n<\/div><\/div>\n<\/div>\t\t\t\t<\/div>\n\t\t\t\t<\/div>\n\t\t\t\t<\/div>\n\t\t\t\t\t<\/div>\n\t\t\t\t<\/div>\n\t\t<div class=\"elementor-element elementor-element-7f08e1b2 e-flex e-con-boxed e-con e-parent\" data-id=\"7f08e1b2\" data-element_type=\"container\" data-e-type=\"container\" data-settings=\"{&quot;jet_parallax_layout_list&quot;:[]}\">\n\t\t\t\t\t<div class=\"e-con-inner\">\n\t\t<div class=\"elementor-element elementor-element-5ad9855b e-con-full e-flex e-con e-child\" data-id=\"5ad9855b\" data-element_type=\"container\" data-e-type=\"container\" data-settings=\"{&quot;background_background&quot;:&quot;classic&quot;,&quot;jet_parallax_layout_list&quot;:[]}\">\n\t\t\t\t<div class=\"elementor-element elementor-element-5d7ba9e7 elementor-widget elementor-widget-image\" data-id=\"5d7ba9e7\" data-element_type=\"widget\" data-e-type=\"widget\" data-widget_type=\"image.default\">\n\t\t\t\t<div class=\"elementor-widget-container\">\n\t\t\t\t\t\t\t\t\t\t\t\t\t\t\t<img decoding=\"async\" width=\"1000\" height=\"1000\" src=\"https:\/\/kahrs.ch\/wp-content\/uploads\/2023\/07\/1-3-1.jpg\" class=\"attachment-full size-full wp-image-2710\" alt=\"\" srcset=\"https:\/\/kahrs.ch\/wp-content\/uploads\/2023\/07\/1-3-1.jpg 1000w, https:\/\/kahrs.ch\/wp-content\/uploads\/2023\/07\/1-3-1-300x300.jpg 300w, https:\/\/kahrs.ch\/wp-content\/uploads\/2023\/07\/1-3-1-100x100.jpg 100w, https:\/\/kahrs.ch\/wp-content\/uploads\/2023\/07\/1-3-1-600x600.jpg 600w, https:\/\/kahrs.ch\/wp-content\/uploads\/2023\/07\/1-3-1-150x150.jpg 150w, https:\/\/kahrs.ch\/wp-content\/uploads\/2023\/07\/1-3-1-768x768.jpg 768w\" sizes=\"(max-width: 1000px) 100vw, 1000px\" \/>\t\t\t\t\t\t\t\t\t\t\t\t\t\t\t<\/div>\n\t\t\t\t<\/div>\n\t\t\t\t<div class=\"elementor-element elementor-element-261aad1b elementor-widget elementor-widget-heading\" data-id=\"261aad1b\" data-element_type=\"widget\" data-e-type=\"widget\" data-widget_type=\"heading.default\">\n\t\t\t\t<div class=\"elementor-widget-container\">\n\t\t\t\t\t<h2 class=\"elementor-heading-title elementor-size-default\">FLOOR PLANNER\n<\/h2>\t\t\t\t<\/div>\n\t\t\t\t<\/div>\n\t\t\t\t<div class=\"elementor-element elementor-element-54e08523 elementor-widget elementor-widget-text-editor\" data-id=\"54e08523\" data-element_type=\"widget\" data-e-type=\"widget\" data-widget_type=\"text-editor.default\">\n\t\t\t\t<div class=\"elementor-widget-container\">\n\t\t\t\t\t\t\t\t\t<p>Nutzen Sie die neueste Technologie der k\u00fcnstlichen Intelligenz, um den Boden Ihrer Tr\u00e4ume in Ihrem eigenen Haus zu visualisieren.<\/p>\n\t\t\t\t\t\t\t\t<\/div>\n\t\t\t\t<\/div>\n\t\t\t\t<div class=\"elementor-element elementor-element-6398ccac elementor-align-center elementor-widget elementor-widget-button\" data-id=\"6398ccac\" data-element_type=\"widget\" data-e-type=\"widget\" data-widget_type=\"button.default\">\n\t\t\t\t<div class=\"elementor-widget-container\">\n\t\t\t\t\t\t\t\t\t<div class=\"elementor-button-wrapper\">\n\t\t\t\t\t<a class=\"elementor-button elementor-button-link elementor-size-sm elementor-animation-grow\" href=\"https:\/\/kahrs.ch\/de\/einen-boden-mithilfe-des-virtuellen-showrooms-vergleichen\/\">\n\t\t\t\t\t\t<span class=\"elementor-button-content-wrapper\">\n\t\t\t\t\t\t\t\t\t<span class=\"elementor-button-text\">VERSUCHEN<\/span>\n\t\t\t\t\t<\/span>\n\t\t\t\t\t<\/a>\n\t\t\t\t<\/div>\n\t\t\t\t\t\t\t\t<\/div>\n\t\t\t\t<\/div>\n\t\t\t\t<\/div>\n\t\t<div class=\"elementor-element elementor-element-3fd9ddf e-con-full e-flex e-con e-child\" data-id=\"3fd9ddf\" data-element_type=\"container\" data-e-type=\"container\" data-settings=\"{&quot;background_background&quot;:&quot;classic&quot;,&quot;jet_parallax_layout_list&quot;:[]}\">\n\t\t\t\t<div class=\"elementor-element elementor-element-733cbe1d elementor-widget elementor-widget-image\" data-id=\"733cbe1d\" data-element_type=\"widget\" data-e-type=\"widget\" data-widget_type=\"image.default\">\n\t\t\t\t<div class=\"elementor-widget-container\">\n\t\t\t\t\t\t\t\t\t\t\t\t\t\t\t<img decoding=\"async\" width=\"1000\" height=\"1000\" src=\"https:\/\/kahrs.ch\/wp-content\/uploads\/2023\/07\/2-5-1.jpg\" class=\"attachment-full size-full wp-image-2713\" alt=\"\" srcset=\"https:\/\/kahrs.ch\/wp-content\/uploads\/2023\/07\/2-5-1.jpg 1000w, https:\/\/kahrs.ch\/wp-content\/uploads\/2023\/07\/2-5-1-300x300.jpg 300w, https:\/\/kahrs.ch\/wp-content\/uploads\/2023\/07\/2-5-1-100x100.jpg 100w, https:\/\/kahrs.ch\/wp-content\/uploads\/2023\/07\/2-5-1-600x600.jpg 600w, https:\/\/kahrs.ch\/wp-content\/uploads\/2023\/07\/2-5-1-150x150.jpg 150w, https:\/\/kahrs.ch\/wp-content\/uploads\/2023\/07\/2-5-1-768x768.jpg 768w\" sizes=\"(max-width: 1000px) 100vw, 1000px\" \/>\t\t\t\t\t\t\t\t\t\t\t\t\t\t\t<\/div>\n\t\t\t\t<\/div>\n\t\t\t\t<div class=\"elementor-element elementor-element-5859ffb4 elementor-widget elementor-widget-heading\" data-id=\"5859ffb4\" data-element_type=\"widget\" data-e-type=\"widget\" data-widget_type=\"heading.default\">\n\t\t\t\t<div class=\"elementor-widget-container\">\n\t\t\t\t\t<h2 class=\"elementor-heading-title elementor-size-default\">H\u00c4NDLER\n<\/h2>\t\t\t\t<\/div>\n\t\t\t\t<\/div>\n\t\t\t\t<div class=\"elementor-element elementor-element-103b654b elementor-widget elementor-widget-text-editor\" data-id=\"103b654b\" data-element_type=\"widget\" data-e-type=\"widget\" data-widget_type=\"text-editor.default\">\n\t\t\t\t<div class=\"elementor-widget-container\">\n\t\t\t\t\t\t\t\t\t<div class=\"elementor-element elementor-element-58e9e30 elementor-widget elementor-widget-text-editor\" data-id=\"58e9e30\" data-element_type=\"widget\" data-widget_type=\"text-editor.default\">\n<div class=\"elementor-widget-container\">\n<p>Wir empfehlen Ihnen, einen unserer H\u00e4ndler zu besuchen, denn nichts kann die Erfahrung ersetzen, unsere B\u00f6den zu sehen und zu ber\u00fchren.<\/p>\n<\/div>\n<\/div>\n\t\t\t\t\t\t\t\t<\/div>\n\t\t\t\t<\/div>\n\t\t\t\t<div class=\"elementor-element elementor-element-3af424cb elementor-align-center elementor-widget elementor-widget-button\" data-id=\"3af424cb\" data-element_type=\"widget\" data-e-type=\"widget\" data-widget_type=\"button.default\">\n\t\t\t\t<div class=\"elementor-widget-container\">\n\t\t\t\t\t\t\t\t\t<div class=\"elementor-button-wrapper\">\n\t\t\t\t\t<a class=\"elementor-button elementor-button-link elementor-size-sm elementor-animation-grow\" href=\"https:\/\/kahrs.ch\/de\/fachhaendler\/\">\n\t\t\t\t\t\t<span class=\"elementor-button-content-wrapper\">\n\t\t\t\t\t\t\t\t\t<span class=\"elementor-button-text\">EINEN H\u00c4NDLER FINDEN<\/span>\n\t\t\t\t\t<\/span>\n\t\t\t\t\t<\/a>\n\t\t\t\t<\/div>\n\t\t\t\t\t\t\t\t<\/div>\n\t\t\t\t<\/div>\n\t\t\t\t<\/div>\n\t\t<div class=\"elementor-element elementor-element-4592168f e-con-full e-flex e-con e-child\" data-id=\"4592168f\" data-element_type=\"container\" data-e-type=\"container\" data-settings=\"{&quot;background_background&quot;:&quot;classic&quot;,&quot;jet_parallax_layout_list&quot;:[]}\">\n\t\t\t\t<div class=\"elementor-element elementor-element-4d7703c1 elementor-widget elementor-widget-image\" data-id=\"4d7703c1\" data-element_type=\"widget\" data-e-type=\"widget\" data-widget_type=\"image.default\">\n\t\t\t\t<div class=\"elementor-widget-container\">\n\t\t\t\t\t\t\t\t\t\t\t\t\t\t\t<img loading=\"lazy\" decoding=\"async\" width=\"2560\" height=\"2560\" src=\"https:\/\/kahrs.ch\/wp-content\/uploads\/2023\/09\/reference-scaled.jpg\" class=\"attachment-full size-full wp-image-10013\" alt=\"\" srcset=\"https:\/\/kahrs.ch\/wp-content\/uploads\/2023\/09\/reference-scaled.jpg 2560w, https:\/\/kahrs.ch\/wp-content\/uploads\/2023\/09\/reference-300x300.jpg 300w, https:\/\/kahrs.ch\/wp-content\/uploads\/2023\/09\/reference-scaled-100x100.jpg 100w, https:\/\/kahrs.ch\/wp-content\/uploads\/2023\/09\/reference-scaled-600x600.jpg 600w, https:\/\/kahrs.ch\/wp-content\/uploads\/2023\/09\/reference-1024x1024.jpg 1024w, https:\/\/kahrs.ch\/wp-content\/uploads\/2023\/09\/reference-150x150.jpg 150w, https:\/\/kahrs.ch\/wp-content\/uploads\/2023\/09\/reference-768x768.jpg 768w, https:\/\/kahrs.ch\/wp-content\/uploads\/2023\/09\/reference-1536x1536.jpg 1536w, https:\/\/kahrs.ch\/wp-content\/uploads\/2023\/09\/reference-2048x2048.jpg 2048w\" sizes=\"(max-width: 2560px) 100vw, 2560px\" \/>\t\t\t\t\t\t\t\t\t\t\t\t\t\t\t<\/div>\n\t\t\t\t<\/div>\n\t\t\t\t<div class=\"elementor-element elementor-element-330b5de1 elementor-widget elementor-widget-heading\" data-id=\"330b5de1\" data-element_type=\"widget\" data-e-type=\"widget\" data-widget_type=\"heading.default\">\n\t\t\t\t<div class=\"elementor-widget-container\">\n\t\t\t\t\t<h2 class=\"elementor-heading-title elementor-size-default\">Referenzen\n<\/h2>\t\t\t\t<\/div>\n\t\t\t\t<\/div>\n\t\t\t\t<div class=\"elementor-element elementor-element-6d83bb29 elementor-widget elementor-widget-text-editor\" data-id=\"6d83bb29\" data-element_type=\"widget\" data-e-type=\"widget\" data-widget_type=\"text-editor.default\">\n\t\t\t\t<div class=\"elementor-widget-container\">\n\t\t\t\t\t\t\t\t\t<p>K\u00e4hrs Parkettb\u00f6den wurden in Gewerbe- und Wohngebieten auf der ganzen Welt verlegt. <\/p>\n\t\t\t\t\t\t\t\t<\/div>\n\t\t\t\t<\/div>\n\t\t\t\t<div class=\"elementor-element elementor-element-657f9067 elementor-align-center elementor-widget elementor-widget-button\" data-id=\"657f9067\" data-element_type=\"widget\" data-e-type=\"widget\" data-widget_type=\"button.default\">\n\t\t\t\t<div class=\"elementor-widget-container\">\n\t\t\t\t\t\t\t\t\t<div class=\"elementor-button-wrapper\">\n\t\t\t\t\t<a class=\"elementor-button elementor-button-link elementor-size-sm elementor-animation-grow\" href=\"https:\/\/kahrs.ch\/de\/referenzen\/\">\n\t\t\t\t\t\t<span class=\"elementor-button-content-wrapper\">\n\t\t\t\t\t\t\t\t\t<span class=\"elementor-button-text\">SIEHE REFERENZEN<\/span>\n\t\t\t\t\t<\/span>\n\t\t\t\t\t<\/a>\n\t\t\t\t<\/div>\n\t\t\t\t\t\t\t\t<\/div>\n\t\t\t\t<\/div>\n\t\t\t\t<\/div>\n\t\t\t\t\t<\/div>\n\t\t\t\t<\/div>\n\t\t\t\t<\/div>\n\t\t","protected":false},"excerpt":{"rendered":"<p>Gem\u00fctlichkeit kommt in diesem Eigenheim im Industriestil durch grossz\u00fcgige Sofas, ein paar kr\u00e4ftige Farbtupfer und warme Holzb\u00f6den auf. Eine Wohnung in einem umgebauten Fabrikgeb\u00e4ude wurde in ein Eigenheim verwandelt, in dem Industrielook auf Popkultur trifft. Ein brauner Holzboden steht hier als warme Basis einem individuellen Gestaltungsmix gegen\u00fcber.<\/p>\n","protected":false},"author":2,"featured_media":7422,"comment_status":"closed","ping_status":"closed","sticky":false,"template":"elementor_header_footer","format":"standard","meta":{"_acf_changed":false,"site-sidebar-layout":"default","site-content-layout":"","ast-site-content-layout":"default","site-content-style":"default","site-sidebar-style":"default","ast-global-header-display":"","ast-banner-title-visibility":"","ast-main-header-display":"","ast-hfb-above-header-display":"","ast-hfb-below-header-display":"","ast-hfb-mobile-header-display":"","site-post-title":"","ast-breadcrumbs-content":"","ast-featured-img":"","footer-sml-layout":"","ast-disable-related-posts":"","theme-transparent-header-meta":"","adv-header-id-meta":"","stick-header-meta":"","header-above-stick-meta":"","header-main-stick-meta":"","header-below-stick-meta":"","astra-migrate-meta-layouts":"default","ast-page-background-enabled":"default","ast-page-background-meta":{"desktop":{"background-color":"var(--ast-global-color-4)","background-image":"","background-repeat":"repeat","background-position":"center center","background-size":"auto","background-attachment":"scroll","background-type":"","background-media":"","overlay-type":"","overlay-color":"","overlay-opacity":"","overlay-gradient":""},"tablet":{"background-color":"","background-image":"","background-repeat":"repeat","background-position":"center center","background-size":"auto","background-attachment":"scroll","background-type":"","background-media":"","overlay-type":"","overlay-color":"","overlay-opacity":"","overlay-gradient":""},"mobile":{"background-color":"","background-image":"","background-repeat":"repeat","background-position":"center center","background-size":"auto","background-attachment":"scroll","background-type":"","background-media":"","overlay-type":"","overlay-color":"","overlay-opacity":"","overlay-gradient":""}},"ast-content-background-meta":{"desktop":{"background-color":"var(--ast-global-color-5)","background-image":"","background-repeat":"repeat","background-position":"center center","background-size":"auto","background-attachment":"scroll","background-type":"","background-media":"","overlay-type":"","overlay-color":"","overlay-opacity":"","overlay-gradient":""},"tablet":{"background-color":"var(--ast-global-color-5)","background-image":"","background-repeat":"repeat","background-position":"center center","background-size":"auto","background-attachment":"scroll","background-type":"","background-media":"","overlay-type":"","overlay-color":"","overlay-opacity":"","overlay-gradient":""},"mobile":{"background-color":"var(--ast-global-color-5)","background-image":"","background-repeat":"repeat","background-position":"center center","background-size":"auto","background-attachment":"scroll","background-type":"","background-media":"","overlay-type":"","overlay-color":"","overlay-opacity":"","overlay-gradient":""}},"footnotes":""},"categories":[2850],"tags":[2863],"lieux-dans-le-monde":[],"references-filtres":[],"class_list":["post-11896","post","type-post","status-publish","format-standard","has-post-thumbnail","hentry","category-artikel","tag-inneneinrichtungen"],"acf":[],"yoast_head":"<!-- This site is optimized with the Yoast SEO plugin v27.1.1 - https:\/\/yoast.com\/product\/yoast-seo-wordpress\/ -->\n<title>GROSSTADT LOFT | K\u00e4hrs Switzerland<\/title>\n<meta name=\"description\" content=\"Gem\u00fctlichkeit kommt in diesem Eigenheim im Industriestil durch grossz\u00fcgige Sofas, ein paar kr\u00e4ftige Farbtupfer und warme Holzb\u00f6den auf.\" \/>\n<meta name=\"robots\" content=\"index, follow, max-snippet:-1, max-image-preview:large, max-video-preview:-1\" \/>\n<link rel=\"canonical\" href=\"https:\/\/kahrs.ch\/de\/grosstadt-loft\/\" \/>\n<meta property=\"og:locale\" content=\"de_DE\" \/>\n<meta property=\"og:type\" content=\"article\" \/>\n<meta property=\"og:title\" content=\"GROSSTADT LOFT | K\u00e4hrs Switzerland\" \/>\n<meta property=\"og:description\" content=\"Gem\u00fctlichkeit kommt in diesem Eigenheim im Industriestil durch grossz\u00fcgige Sofas, ein paar kr\u00e4ftige Farbtupfer und warme Holzb\u00f6den auf.\" \/>\n<meta property=\"og:url\" content=\"https:\/\/kahrs.ch\/de\/grosstadt-loft\/\" \/>\n<meta property=\"og:site_name\" content=\"K\u00e4hrs Switzerland\" \/>\n<meta property=\"article:published_time\" content=\"2023-09-06T08:32:34+00:00\" \/>\n<meta property=\"article:modified_time\" content=\"2023-10-20T09:00:13+00:00\" \/>\n<meta property=\"og:image\" content=\"https:\/\/kahrs.ch\/wp-content\/uploads\/2023\/09\/at0L5Wlk_2x.jpg\" \/>\n\t<meta property=\"og:image:width\" content=\"2400\" \/>\n\t<meta property=\"og:image:height\" content=\"1600\" \/>\n\t<meta property=\"og:image:type\" content=\"image\/jpeg\" \/>\n<meta name=\"author\" content=\"lambert\" \/>\n<meta name=\"twitter:card\" content=\"summary_large_image\" \/>\n<meta name=\"twitter:label1\" content=\"Verfasst von\" \/>\n\t<meta name=\"twitter:data1\" content=\"lambert\" \/>\n\t<meta name=\"twitter:label2\" content=\"Gesch\u00e4tzte Lesezeit\" \/>\n\t<meta name=\"twitter:data2\" content=\"2\u00a0Minuten\" \/>\n<script type=\"application\/ld+json\" class=\"yoast-schema-graph\">{\"@context\":\"https:\/\/schema.org\",\"@graph\":[{\"@type\":\"Article\",\"@id\":\"https:\/\/kahrs.ch\/de\/grosstadt-loft\/#article\",\"isPartOf\":{\"@id\":\"https:\/\/kahrs.ch\/de\/grosstadt-loft\/\"},\"author\":{\"name\":\"lambert\",\"@id\":\"https:\/\/kahrs.ch\/de\/#\/schema\/person\/fa47d4f9de06b223601203e1b4552a31\"},\"headline\":\"GROSSTADT LOFT\",\"datePublished\":\"2023-09-06T08:32:34+00:00\",\"dateModified\":\"2023-10-20T09:00:13+00:00\",\"mainEntityOfPage\":{\"@id\":\"https:\/\/kahrs.ch\/de\/grosstadt-loft\/\"},\"wordCount\":302,\"publisher\":{\"@id\":\"https:\/\/kahrs.ch\/de\/#organization\"},\"image\":{\"@id\":\"https:\/\/kahrs.ch\/de\/grosstadt-loft\/#primaryimage\"},\"thumbnailUrl\":\"https:\/\/kahrs.ch\/wp-content\/uploads\/2023\/09\/at0L5Wlk_2x.jpg\",\"keywords\":[\"Inneneinrichtungen\"],\"articleSection\":[\"Artikel\"],\"inLanguage\":\"de\"},{\"@type\":\"WebPage\",\"@id\":\"https:\/\/kahrs.ch\/de\/grosstadt-loft\/\",\"url\":\"https:\/\/kahrs.ch\/de\/grosstadt-loft\/\",\"name\":\"GROSSTADT LOFT | K\u00e4hrs Switzerland\",\"isPartOf\":{\"@id\":\"https:\/\/kahrs.ch\/de\/#website\"},\"primaryImageOfPage\":{\"@id\":\"https:\/\/kahrs.ch\/de\/grosstadt-loft\/#primaryimage\"},\"image\":{\"@id\":\"https:\/\/kahrs.ch\/de\/grosstadt-loft\/#primaryimage\"},\"thumbnailUrl\":\"https:\/\/kahrs.ch\/wp-content\/uploads\/2023\/09\/at0L5Wlk_2x.jpg\",\"datePublished\":\"2023-09-06T08:32:34+00:00\",\"dateModified\":\"2023-10-20T09:00:13+00:00\",\"description\":\"Gem\u00fctlichkeit kommt in diesem Eigenheim im Industriestil durch grossz\u00fcgige Sofas, ein paar kr\u00e4ftige Farbtupfer und warme Holzb\u00f6den auf.\",\"breadcrumb\":{\"@id\":\"https:\/\/kahrs.ch\/de\/grosstadt-loft\/#breadcrumb\"},\"inLanguage\":\"de\",\"potentialAction\":[{\"@type\":\"ReadAction\",\"target\":[\"https:\/\/kahrs.ch\/de\/grosstadt-loft\/\"]}]},{\"@type\":\"ImageObject\",\"inLanguage\":\"de\",\"@id\":\"https:\/\/kahrs.ch\/de\/grosstadt-loft\/#primaryimage\",\"url\":\"https:\/\/kahrs.ch\/wp-content\/uploads\/2023\/09\/at0L5Wlk_2x.jpg\",\"contentUrl\":\"https:\/\/kahrs.ch\/wp-content\/uploads\/2023\/09\/at0L5Wlk_2x.jpg\",\"width\":2400,\"height\":1600},{\"@type\":\"BreadcrumbList\",\"@id\":\"https:\/\/kahrs.ch\/de\/grosstadt-loft\/#breadcrumb\",\"itemListElement\":[{\"@type\":\"ListItem\",\"position\":1,\"name\":\"Accueil\",\"item\":\"https:\/\/kahrs.ch\/de\/kaehrs-parkett-und-vinylboeden\/\"},{\"@type\":\"ListItem\",\"position\":2,\"name\":\"GROSSTADT LOFT\"}]},{\"@type\":\"WebSite\",\"@id\":\"https:\/\/kahrs.ch\/de\/#website\",\"url\":\"https:\/\/kahrs.ch\/de\/\",\"name\":\"K\u00e4hrs Switzerland\",\"description\":\"\",\"publisher\":{\"@id\":\"https:\/\/kahrs.ch\/de\/#organization\"},\"alternateName\":\"K\u00e4hrs Switzerland\",\"potentialAction\":[{\"@type\":\"SearchAction\",\"target\":{\"@type\":\"EntryPoint\",\"urlTemplate\":\"https:\/\/kahrs.ch\/de\/?s={search_term_string}\"},\"query-input\":{\"@type\":\"PropertyValueSpecification\",\"valueRequired\":true,\"valueName\":\"search_term_string\"}}],\"inLanguage\":\"de\"},{\"@type\":\"Organization\",\"@id\":\"https:\/\/kahrs.ch\/de\/#organization\",\"name\":\"K\u00e4hrs Switzerland\",\"url\":\"https:\/\/kahrs.ch\/de\/\",\"logo\":{\"@type\":\"ImageObject\",\"inLanguage\":\"de\",\"@id\":\"https:\/\/kahrs.ch\/de\/#\/schema\/logo\/image\/\",\"url\":\"https:\/\/kahrs.ch\/wp-content\/uploads\/2023\/08\/Kahrs-logotype-without-tagline_Print-150dpi_2-1.jpg\",\"contentUrl\":\"https:\/\/kahrs.ch\/wp-content\/uploads\/2023\/08\/Kahrs-logotype-without-tagline_Print-150dpi_2-1.jpg\",\"width\":421,\"height\":376,\"caption\":\"K\u00e4hrs Switzerland\"},\"image\":{\"@id\":\"https:\/\/kahrs.ch\/de\/#\/schema\/logo\/image\/\"}},{\"@type\":\"Person\",\"@id\":\"https:\/\/kahrs.ch\/de\/#\/schema\/person\/fa47d4f9de06b223601203e1b4552a31\",\"name\":\"lambert\",\"image\":{\"@type\":\"ImageObject\",\"inLanguage\":\"de\",\"@id\":\"https:\/\/kahrs.ch\/de\/#\/schema\/person\/image\/\",\"url\":\"https:\/\/secure.gravatar.com\/avatar\/6151d574894168a5954fae3ee3464dda7e266c271a294f7833b2b957124f9ea6?s=96&d=mm&r=g\",\"contentUrl\":\"https:\/\/secure.gravatar.com\/avatar\/6151d574894168a5954fae3ee3464dda7e266c271a294f7833b2b957124f9ea6?s=96&d=mm&r=g\",\"caption\":\"lambert\"},\"url\":\"https:\/\/kahrs.ch\/de\/author\/lambert\/\"}]}<\/script>\n<!-- \/ Yoast SEO plugin. -->","yoast_head_json":{"title":"GROSSTADT LOFT | K\u00e4hrs Switzerland","description":"Gem\u00fctlichkeit kommt in diesem Eigenheim im Industriestil durch grossz\u00fcgige Sofas, ein paar kr\u00e4ftige Farbtupfer und warme Holzb\u00f6den auf.","robots":{"index":"index","follow":"follow","max-snippet":"max-snippet:-1","max-image-preview":"max-image-preview:large","max-video-preview":"max-video-preview:-1"},"canonical":"https:\/\/kahrs.ch\/de\/grosstadt-loft\/","og_locale":"de_DE","og_type":"article","og_title":"GROSSTADT LOFT | K\u00e4hrs Switzerland","og_description":"Gem\u00fctlichkeit kommt in diesem Eigenheim im Industriestil durch grossz\u00fcgige Sofas, ein paar kr\u00e4ftige Farbtupfer und warme Holzb\u00f6den auf.","og_url":"https:\/\/kahrs.ch\/de\/grosstadt-loft\/","og_site_name":"K\u00e4hrs Switzerland","article_published_time":"2023-09-06T08:32:34+00:00","article_modified_time":"2023-10-20T09:00:13+00:00","og_image":[{"width":2400,"height":1600,"url":"https:\/\/kahrs.ch\/wp-content\/uploads\/2023\/09\/at0L5Wlk_2x.jpg","type":"image\/jpeg"}],"author":"lambert","twitter_card":"summary_large_image","twitter_misc":{"Verfasst von":"lambert","Gesch\u00e4tzte Lesezeit":"2\u00a0Minuten"},"schema":{"@context":"https:\/\/schema.org","@graph":[{"@type":"Article","@id":"https:\/\/kahrs.ch\/de\/grosstadt-loft\/#article","isPartOf":{"@id":"https:\/\/kahrs.ch\/de\/grosstadt-loft\/"},"author":{"name":"lambert","@id":"https:\/\/kahrs.ch\/de\/#\/schema\/person\/fa47d4f9de06b223601203e1b4552a31"},"headline":"GROSSTADT LOFT","datePublished":"2023-09-06T08:32:34+00:00","dateModified":"2023-10-20T09:00:13+00:00","mainEntityOfPage":{"@id":"https:\/\/kahrs.ch\/de\/grosstadt-loft\/"},"wordCount":302,"publisher":{"@id":"https:\/\/kahrs.ch\/de\/#organization"},"image":{"@id":"https:\/\/kahrs.ch\/de\/grosstadt-loft\/#primaryimage"},"thumbnailUrl":"https:\/\/kahrs.ch\/wp-content\/uploads\/2023\/09\/at0L5Wlk_2x.jpg","keywords":["Inneneinrichtungen"],"articleSection":["Artikel"],"inLanguage":"de"},{"@type":"WebPage","@id":"https:\/\/kahrs.ch\/de\/grosstadt-loft\/","url":"https:\/\/kahrs.ch\/de\/grosstadt-loft\/","name":"GROSSTADT LOFT | K\u00e4hrs Switzerland","isPartOf":{"@id":"https:\/\/kahrs.ch\/de\/#website"},"primaryImageOfPage":{"@id":"https:\/\/kahrs.ch\/de\/grosstadt-loft\/#primaryimage"},"image":{"@id":"https:\/\/kahrs.ch\/de\/grosstadt-loft\/#primaryimage"},"thumbnailUrl":"https:\/\/kahrs.ch\/wp-content\/uploads\/2023\/09\/at0L5Wlk_2x.jpg","datePublished":"2023-09-06T08:32:34+00:00","dateModified":"2023-10-20T09:00:13+00:00","description":"Gem\u00fctlichkeit kommt in diesem Eigenheim im Industriestil durch grossz\u00fcgige Sofas, ein paar kr\u00e4ftige Farbtupfer und warme Holzb\u00f6den auf.","breadcrumb":{"@id":"https:\/\/kahrs.ch\/de\/grosstadt-loft\/#breadcrumb"},"inLanguage":"de","potentialAction":[{"@type":"ReadAction","target":["https:\/\/kahrs.ch\/de\/grosstadt-loft\/"]}]},{"@type":"ImageObject","inLanguage":"de","@id":"https:\/\/kahrs.ch\/de\/grosstadt-loft\/#primaryimage","url":"https:\/\/kahrs.ch\/wp-content\/uploads\/2023\/09\/at0L5Wlk_2x.jpg","contentUrl":"https:\/\/kahrs.ch\/wp-content\/uploads\/2023\/09\/at0L5Wlk_2x.jpg","width":2400,"height":1600},{"@type":"BreadcrumbList","@id":"https:\/\/kahrs.ch\/de\/grosstadt-loft\/#breadcrumb","itemListElement":[{"@type":"ListItem","position":1,"name":"Accueil","item":"https:\/\/kahrs.ch\/de\/kaehrs-parkett-und-vinylboeden\/"},{"@type":"ListItem","position":2,"name":"GROSSTADT LOFT"}]},{"@type":"WebSite","@id":"https:\/\/kahrs.ch\/de\/#website","url":"https:\/\/kahrs.ch\/de\/","name":"K\u00e4hrs Switzerland","description":"","publisher":{"@id":"https:\/\/kahrs.ch\/de\/#organization"},"alternateName":"K\u00e4hrs Switzerland","potentialAction":[{"@type":"SearchAction","target":{"@type":"EntryPoint","urlTemplate":"https:\/\/kahrs.ch\/de\/?s={search_term_string}"},"query-input":{"@type":"PropertyValueSpecification","valueRequired":true,"valueName":"search_term_string"}}],"inLanguage":"de"},{"@type":"Organization","@id":"https:\/\/kahrs.ch\/de\/#organization","name":"K\u00e4hrs Switzerland","url":"https:\/\/kahrs.ch\/de\/","logo":{"@type":"ImageObject","inLanguage":"de","@id":"https:\/\/kahrs.ch\/de\/#\/schema\/logo\/image\/","url":"https:\/\/kahrs.ch\/wp-content\/uploads\/2023\/08\/Kahrs-logotype-without-tagline_Print-150dpi_2-1.jpg","contentUrl":"https:\/\/kahrs.ch\/wp-content\/uploads\/2023\/08\/Kahrs-logotype-without-tagline_Print-150dpi_2-1.jpg","width":421,"height":376,"caption":"K\u00e4hrs Switzerland"},"image":{"@id":"https:\/\/kahrs.ch\/de\/#\/schema\/logo\/image\/"}},{"@type":"Person","@id":"https:\/\/kahrs.ch\/de\/#\/schema\/person\/fa47d4f9de06b223601203e1b4552a31","name":"lambert","image":{"@type":"ImageObject","inLanguage":"de","@id":"https:\/\/kahrs.ch\/de\/#\/schema\/person\/image\/","url":"https:\/\/secure.gravatar.com\/avatar\/6151d574894168a5954fae3ee3464dda7e266c271a294f7833b2b957124f9ea6?s=96&d=mm&r=g","contentUrl":"https:\/\/secure.gravatar.com\/avatar\/6151d574894168a5954fae3ee3464dda7e266c271a294f7833b2b957124f9ea6?s=96&d=mm&r=g","caption":"lambert"},"url":"https:\/\/kahrs.ch\/de\/author\/lambert\/"}]}},"_links":{"self":[{"href":"https:\/\/kahrs.ch\/de\/wp-json\/wp\/v2\/posts\/11896","targetHints":{"allow":["GET"]}}],"collection":[{"href":"https:\/\/kahrs.ch\/de\/wp-json\/wp\/v2\/posts"}],"about":[{"href":"https:\/\/kahrs.ch\/de\/wp-json\/wp\/v2\/types\/post"}],"author":[{"embeddable":true,"href":"https:\/\/kahrs.ch\/de\/wp-json\/wp\/v2\/users\/2"}],"replies":[{"embeddable":true,"href":"https:\/\/kahrs.ch\/de\/wp-json\/wp\/v2\/comments?post=11896"}],"version-history":[{"count":1,"href":"https:\/\/kahrs.ch\/de\/wp-json\/wp\/v2\/posts\/11896\/revisions"}],"predecessor-version":[{"id":11897,"href":"https:\/\/kahrs.ch\/de\/wp-json\/wp\/v2\/posts\/11896\/revisions\/11897"}],"wp:featuredmedia":[{"embeddable":true,"href":"https:\/\/kahrs.ch\/de\/wp-json\/wp\/v2\/media\/7422"}],"wp:attachment":[{"href":"https:\/\/kahrs.ch\/de\/wp-json\/wp\/v2\/media?parent=11896"}],"wp:term":[{"taxonomy":"category","embeddable":true,"href":"https:\/\/kahrs.ch\/de\/wp-json\/wp\/v2\/categories?post=11896"},{"taxonomy":"post_tag","embeddable":true,"href":"https:\/\/kahrs.ch\/de\/wp-json\/wp\/v2\/tags?post=11896"},{"taxonomy":"lieux-dans-le-monde","embeddable":true,"href":"https:\/\/kahrs.ch\/de\/wp-json\/wp\/v2\/lieux-dans-le-monde?post=11896"},{"taxonomy":"references-filtres","embeddable":true,"href":"https:\/\/kahrs.ch\/de\/wp-json\/wp\/v2\/references-filtres?post=11896"}],"curies":[{"name":"wp","href":"https:\/\/api.w.org\/{rel}","templated":true}]}}