{"id":12616,"date":"2023-07-18T16:34:11","date_gmt":"2023-07-18T14:34:11","guid":{"rendered":"https:\/\/info-kahrs.ch\/massnahmen-gegen-den-klimawandel\/"},"modified":"2023-10-27T10:16:29","modified_gmt":"2023-10-27T08:16:29","slug":"massnahmen-gegen-den-klimawandel","status":"publish","type":"post","link":"https:\/\/kahrs.ch\/de\/massnahmen-gegen-den-klimawandel\/","title":{"rendered":"MASSNAHMEN GEGEN DEN KLIMAWANDEL"},"content":{"rendered":"\t\t<div data-elementor-type=\"wp-post\" data-elementor-id=\"12616\" class=\"elementor elementor-12616 elementor-284\" data-elementor-post-type=\"post\">\n\t\t\t\t<div class=\"elementor-element elementor-element-2aea302 e-flex e-con-boxed e-con e-parent\" data-id=\"2aea302\" data-element_type=\"container\" data-e-type=\"container\" data-settings=\"{&quot;jet_parallax_layout_list&quot;:[],&quot;background_background&quot;:&quot;classic&quot;}\">\n\t\t\t\t\t<div class=\"e-con-inner\">\n\t\t<div class=\"elementor-element elementor-element-967b397 e-con-full e-flex e-con e-child\" data-id=\"967b397\" data-element_type=\"container\" data-e-type=\"container\" data-settings=\"{&quot;jet_parallax_layout_list&quot;:[]}\">\n\t\t\t\t<div class=\"elementor-element elementor-element-95d1f45 elementor-widget elementor-widget-heading\" data-id=\"95d1f45\" data-element_type=\"widget\" data-e-type=\"widget\" data-widget_type=\"heading.default\">\n\t\t\t\t<div class=\"elementor-widget-container\">\n\t\t\t\t\t<h1 class=\"elementor-heading-title elementor-size-default\">MASSNAHMEN GEGEN DEN KLIMAWANDEL\n<\/h1>\t\t\t\t<\/div>\n\t\t\t\t<\/div>\n\t\t\t\t<\/div>\n\t\t\t\t\t<\/div>\n\t\t\t\t<\/div>\n\t\t<div class=\"elementor-element elementor-element-efb1de2 e-flex e-con-boxed e-con e-parent\" data-id=\"efb1de2\" data-element_type=\"container\" data-e-type=\"container\" data-settings=\"{&quot;jet_parallax_layout_list&quot;:[]}\">\n\t\t\t\t\t<div class=\"e-con-inner\">\n\t\t\t\t<div class=\"elementor-element elementor-element-8983683 elementor-widget elementor-widget-heading\" data-id=\"8983683\" data-element_type=\"widget\" data-e-type=\"widget\" data-widget_type=\"heading.default\">\n\t\t\t\t<div class=\"elementor-widget-container\">\n\t\t\t\t\t<h2 class=\"elementor-heading-title elementor-size-default\">K\u00c4HRS VERPFLICHTET SICH, WISSENSCHAFTSBASIERTE KLIMAZIELE ZU ERREICHEN\n<\/h2>\t\t\t\t<\/div>\n\t\t\t\t<\/div>\n\t\t\t\t<div class=\"elementor-element elementor-element-c748f37 elementor-widget elementor-widget-text-editor\" data-id=\"c748f37\" data-element_type=\"widget\" data-e-type=\"widget\" data-widget_type=\"text-editor.default\">\n\t\t\t\t<div class=\"elementor-widget-container\">\n\t\t\t\t\t\t\t\t\t<p>K\u00e4hrs ist einer der wenigen Bodenbelagshersteller, der sich verpflichtet hat, wissenschaftsbasierte Klimaziele zu erreichen. Wir haben unser Engagement f\u00fcr diese wissenschaftsbasierten Ziele bereits im Dezember 2021 angek\u00fcndigt und werden diese im Laufe des Jahres 2022 von der Science Based Targets Initiative (SBTi) definieren und pr\u00fcfen lassen.<\/p>\n\t\t\t\t\t\t\t\t<\/div>\n\t\t\t\t<\/div>\n\t\t\t\t\t<\/div>\n\t\t\t\t<\/div>\n\t\t<div class=\"elementor-element elementor-element-b0982b0 e-flex e-con-boxed e-con e-parent\" data-id=\"b0982b0\" data-element_type=\"container\" data-e-type=\"container\" data-settings=\"{&quot;jet_parallax_layout_list&quot;:[]}\">\n\t\t\t\t\t<div class=\"e-con-inner\">\n\t\t<div class=\"elementor-element elementor-element-3658eec e-con-full e-flex e-con e-child\" data-id=\"3658eec\" data-element_type=\"container\" data-e-type=\"container\" data-settings=\"{&quot;jet_parallax_layout_list&quot;:[]}\">\n\t\t<div class=\"elementor-element elementor-element-6dddc77 e-flex e-con-boxed e-con e-child\" data-id=\"6dddc77\" data-element_type=\"container\" data-e-type=\"container\" data-settings=\"{&quot;jet_parallax_layout_list&quot;:[]}\">\n\t\t\t\t\t<div class=\"e-con-inner\">\n\t\t\t\t<div class=\"elementor-element elementor-element-00f9347 elementor-widget elementor-widget-image\" data-id=\"00f9347\" data-element_type=\"widget\" data-e-type=\"widget\" data-widget_type=\"image.default\">\n\t\t\t\t<div class=\"elementor-widget-container\">\n\t\t\t\t\t\t\t\t\t\t\t\t\t\t\t<img fetchpriority=\"high\" decoding=\"async\" width=\"550\" height=\"449\" src=\"https:\/\/kahrs.ch\/wp-content\/uploads\/2023\/07\/climateactiontracker.png\" class=\"attachment-full size-full wp-image-6895\" alt=\"\" srcset=\"https:\/\/kahrs.ch\/wp-content\/uploads\/2023\/07\/climateactiontracker.png 550w, https:\/\/kahrs.ch\/wp-content\/uploads\/2023\/07\/climateactiontracker-300x245.png 300w\" sizes=\"(max-width: 550px) 100vw, 550px\" \/>\t\t\t\t\t\t\t\t\t\t\t\t\t\t\t<\/div>\n\t\t\t\t<\/div>\n\t\t\t\t\t<\/div>\n\t\t\t\t<\/div>\n\t\t\t\t<\/div>\n\t\t<div class=\"elementor-element elementor-element-e19c556 e-con-full e-flex e-con e-child\" data-id=\"e19c556\" data-element_type=\"container\" data-e-type=\"container\" data-settings=\"{&quot;jet_parallax_layout_list&quot;:[]}\">\n\t\t\t\t<div class=\"elementor-element elementor-element-5142693 elementor-widget__width-initial elementor-widget elementor-widget-text-editor\" data-id=\"5142693\" data-element_type=\"widget\" data-e-type=\"widget\" data-widget_type=\"text-editor.default\">\n\t\t\t\t<div class=\"elementor-widget-container\">\n\t\t\t\t\t\t\t\t\t<p>K\u00e4hrs Ma\u00dfnahmen und Ziele \u2013 \u201eK\u00e4hrs climate positive journey\u201c f\u00fcr 2025 umfassen das Reduzieren der Treibhausgasemissionen aus unseren eigenen Aktivit\u00e4ten (Scope 1) und eingekaufter Energie (Scope 2) \u2013 sowie Emissionen, die dem \u00fcbrigen Teil unserer Wertsch\u00f6pfungskette entstammen, von Lieferanten bis hin zu unseren Endkunden (Scope 3).<\/p>\n<p>In den letzten Jahren zeigt sich ein deutlicher Aufw\u00e4rtstrend in den \u00f6ffentlichen Bem\u00fchungen zur Bek\u00e4mpfung des Klimawandels. W\u00e4hrend K\u00e4hrs seit langem wichtige Schritte im Bereich Nachhaltigkeit und Innovation geht, hat ein Gro\u00dfteil der Unternehmenswelt in den vergangenen Jahren zumindest ein zunehmendes Verst\u00e4ndnis f\u00fcr die Dringlichkeit bez\u00fcglich des Themas Klimawandel und entsprechendes Engagement f\u00fcr das Klima entwickelt. Kein Land und keine Organisation kann es sich leisten, die Risiken des Klimawandels zu ignorieren.<\/p>\n<p>Das Pariser Abkommen ist ein v\u00f6lkerrechtliches Abkommen \u00fcber den Klimawandel. Im Jahr 2015 verabschiedeten 196 L\u00e4nder das Pariser Abkommen, um die globale Erw\u00e4rmung auf deutlich unter 2 Grad zum vorindustriellen Niveau auf 1,5 Grad zu begrenzen. Die Hauptma\u00dfnahme, um dieses Ziel zu erreichen, ist die weltweite Reduzierung der Treibhausgasemissionen.<\/p>\n<p>Die Hauptma\u00dfnahme, um dieses Ziel zu erreichen, ist die weltweite Reduzierung der Treibhausgasemissionen. Das Grafik veranschaulicht, wo wir heute in Bezug auf das vorindustrielle Niveau stehen sowie verschiedene Szenarien, die Ma\u00dfnahmen und Ziele des Pariser Abkommens definieren.<\/p>\n\t\t\t\t\t\t\t\t<\/div>\n\t\t\t\t<\/div>\n\t\t\t\t<\/div>\n\t\t\t\t\t<\/div>\n\t\t\t\t<\/div>\n\t\t<div class=\"elementor-element elementor-element-f20eb2f e-flex e-con-boxed e-con e-parent\" data-id=\"f20eb2f\" data-element_type=\"container\" data-e-type=\"container\" data-settings=\"{&quot;jet_parallax_layout_list&quot;:[]}\">\n\t\t\t\t\t<div class=\"e-con-inner\">\n\t\t\t\t<div class=\"elementor-element elementor-element-7c37789 elementor-widget elementor-widget-text-editor\" data-id=\"7c37789\" data-element_type=\"widget\" data-e-type=\"widget\" data-widget_type=\"text-editor.default\">\n\t\t\t\t<div class=\"elementor-widget-container\">\n\t\t\t\t\t\t\t\t\t<p>Um dem von Ziel von 1,5 \u00b0 C zu entsprechen, muss die Welt laut Klimawissenschaftlern die GHG-Emissionen bis 2030 halbieren und Netto-Null erreichen. Das bedeutet, dass bis 2050 so viele Treibhausgase wie m\u00f6glich der Atmosph\u00e4re zu entziehen sind.<\/p>\n<p>Dies erfordert langfristige Dekarbonisierungsziele von 90-95% in allen Scopes vor 2050. Dazu wird erforderlich sein, dass alle Organisationen, Unternehmen und Regierungen eng zusammenarbeiten, um diese positiven Zukunftsziele zu erreichen.<\/p>\n\t\t\t\t\t\t\t\t<\/div>\n\t\t\t\t<\/div>\n\t\t\t\t<div class=\"elementor-element elementor-element-26d4268 elementor-widget elementor-widget-heading\" data-id=\"26d4268\" data-element_type=\"widget\" data-e-type=\"widget\" data-widget_type=\"heading.default\">\n\t\t\t\t<div class=\"elementor-widget-container\">\n\t\t\t\t\t<h2 class=\"elementor-heading-title elementor-size-default\">K\u00c4HRS KLIMA ZIELE: <\/h2>\t\t\t\t<\/div>\n\t\t\t\t<\/div>\n\t\t\t\t\t<\/div>\n\t\t\t\t<\/div>\n\t\t<div class=\"elementor-element elementor-element-d82d1ca e-flex e-con-boxed e-con e-parent\" data-id=\"d82d1ca\" data-element_type=\"container\" data-e-type=\"container\" data-settings=\"{&quot;jet_parallax_layout_list&quot;:[]}\">\n\t\t\t\t\t<div class=\"e-con-inner\">\n\t\t\t\t<div class=\"elementor-element elementor-element-65b6641 elementor-widget elementor-widget-jet-horizontal-timeline\" data-id=\"65b6641\" data-element_type=\"widget\" data-e-type=\"widget\" data-settings=\"{&quot;columns&quot;:3,&quot;columns_tablet&quot;:2,&quot;columns_mobile&quot;:1}\" data-widget_type=\"jet-horizontal-timeline.default\">\n\t\t\t\t<div class=\"elementor-widget-container\">\n\t\t\t\t\t<div class=\"elementor-jet-horizontal-timeline jet-elements\">\n<div class=\"jet-hor-timeline jet-hor-timeline--layout-bottom jet-hor-timeline--align-center jet-hor-timeline--scroll-bar\">\n\t<div class=\"jet-hor-timeline-inner\">\n\t\t<div class=\"jet-hor-timeline-track\">\n\t\t\t<div class=\"jet-hor-timeline-list jet-hor-timeline-list--top\">\n<div class=\"jet-hor-timeline-item elementor-repeater-item-410ec3f is-active\" data-item-id=\"410ec3f\">\n\t\t\t<div class=\"jet-hor-timeline-item__meta\">2022<\/div>\t<\/div>\n\n<div class=\"jet-hor-timeline-item elementor-repeater-item-eeb2bf9\" data-item-id=\"eeb2bf9\">\n\t\t\t<div class=\"jet-hor-timeline-item__meta\">2025<\/div>\t<\/div>\n\n<div class=\"jet-hor-timeline-item elementor-repeater-item-5575b1f\" data-item-id=\"5575b1f\">\n\t\t\t<div class=\"jet-hor-timeline-item__meta\">2040<\/div>\t<\/div>\n<\/div>\t\t\t<div class=\"jet-hor-timeline-list jet-hor-timeline-list--middle\">\n\t<div class=\"jet-hor-timeline__line\"><\/div>\n\n<div class=\"jet-hor-timeline-item elementor-repeater-item-410ec3f is-active\" data-item-id=\"410ec3f\">\n\t<div class=\"jet-hor-timeline-item__point\"><div class=\"jet-hor-timeline-item__point-content\"><\/div><\/div><\/div>\n\n<div class=\"jet-hor-timeline-item elementor-repeater-item-eeb2bf9\" data-item-id=\"eeb2bf9\">\n\t<div class=\"jet-hor-timeline-item__point\"><div class=\"jet-hor-timeline-item__point-content\"><span class=\"jet-elements-icon\"><i aria-hidden=\"true\" class=\"fas fa-calendar-alt\"><\/i><\/span><\/div><\/div><\/div>\n\n<div class=\"jet-hor-timeline-item elementor-repeater-item-5575b1f\" data-item-id=\"5575b1f\">\n\t<div class=\"jet-hor-timeline-item__point\"><div class=\"jet-hor-timeline-item__point-content\"><span class=\"jet-elements-icon\"><i aria-hidden=\"true\" class=\"fas fa-calendar-alt\"><\/i><\/span><\/div><\/div><\/div>\n<\/div>\t\t\t<div class=\"jet-hor-timeline-list jet-hor-timeline-list--bottom\">\n<div class=\"jet-hor-timeline-item elementor-repeater-item-410ec3f is-active\" data-item-id=\"410ec3f\">\n\t\t\t\n<div class=\"jet-hor-timeline-item__card\">\n\t<div class=\"jet-hor-timeline-item__card-inner\">\n\t\t<div class=\"jet-hor-timeline-item__card-desc\">FESTLEGUNG WISSENSCHFTSBASIERTER ZIELE BIS 2022<\/div>\t<\/div>\n\t\t\t<div class=\"jet-hor-timeline-item__card-arrow\"><\/div>\n\t<\/div>\n\t<\/div>\n\n<div class=\"jet-hor-timeline-item elementor-repeater-item-eeb2bf9\" data-item-id=\"eeb2bf9\">\n\t\t\t\n<div class=\"jet-hor-timeline-item__card\">\n\t<div class=\"jet-hor-timeline-item__card-inner\">\n\t\t<div class=\"jet-hor-timeline-item__card-desc\">HALBIERUNG FAST ALLER UNSERER EIGENEN EMISSIONEN REDUZIERUNG SCOPE 1 &amp; 2 MIT 40% BIS 2025<\/div>\t<\/div>\n\t\t\t<div class=\"jet-hor-timeline-item__card-arrow\"><\/div>\n\t<\/div>\n\t<\/div>\n\n<div class=\"jet-hor-timeline-item elementor-repeater-item-5575b1f\" data-item-id=\"5575b1f\">\n\t\t\t\n<div class=\"jet-hor-timeline-item__card\">\n\t<div class=\"jet-hor-timeline-item__card-inner\">\n\t\t<div class=\"jet-hor-timeline-item__card-desc\">DIE NETTO-NULL MARKE ERREICHEN, UM BIS 2040 EIN KLIMAPOSITIVES UNTERNEHMEN ZU WERDEN<\/div>\t<\/div>\n\t\t\t<div class=\"jet-hor-timeline-item__card-arrow\"><\/div>\n\t<\/div>\n\t<\/div>\n<\/div>\t\t<\/div>\n\t<\/div>\n\t<\/div><\/div>\t\t\t\t<\/div>\n\t\t\t\t<\/div>\n\t\t\t\t\t<\/div>\n\t\t\t\t<\/div>\n\t\t<div class=\"elementor-element elementor-element-5b04561 e-flex e-con-boxed e-con e-parent\" data-id=\"5b04561\" data-element_type=\"container\" data-e-type=\"container\" data-settings=\"{&quot;jet_parallax_layout_list&quot;:[]}\">\n\t\t\t\t\t<div class=\"e-con-inner\">\n\t\t\t\t<div class=\"elementor-element elementor-element-5fd15df elementor-widget elementor-widget-heading\" data-id=\"5fd15df\" data-element_type=\"widget\" data-e-type=\"widget\" data-widget_type=\"heading.default\">\n\t\t\t\t<div class=\"elementor-widget-container\">\n\t\t\t\t\t<h2 class=\"elementor-heading-title elementor-size-default\">REDUZIERUNG VON TREIBHAUSGAS-EMISSIONEN\n<\/h2>\t\t\t\t<\/div>\n\t\t\t\t<\/div>\n\t\t\t\t<div class=\"elementor-element elementor-element-c196712 elementor-widget elementor-widget-text-editor\" data-id=\"c196712\" data-element_type=\"widget\" data-e-type=\"widget\" data-widget_type=\"text-editor.default\">\n\t\t\t\t<div class=\"elementor-widget-container\">\n\t\t\t\t\t\t\t\t\t<p>Um Emissionsreduktionsziele festlegen zu k\u00f6nnen, die mit der Wissenschaft in Einklang stehen, ist es notwendig, alle Emissionsarten zu verstehen und zu verfolgen. Viele Unternehmen stellen m\u00f6glicherweise fest, dass die gr\u00f6\u00dften ihrer Emissionen au\u00dferhalb ihrer Unternehmenst\u00e4tigkeiten und innerhalb ihrer Lieferkette bestehen. Dies erfordert eine genaue Definition diese Emissionen und woher diese kommen. Deshalb reicht es oft nicht aus, sich nur Ziele zu setzen, die sich nur auf die eigenen Aktivit\u00e4ten beziehen, um die negativen Auswirkungen auf den Klimawandel zu verringern.<\/p>\n<p>Das Greenhouse Gas Protocol, hilft Unternehmen und Regierungen dabei, Emissionen, die die Erderw\u00e4rmung vorantreiben, zu messen und zu verwalten. Es hat die Treibhausgas-Emissionen f\u00fcr Unternehmen in drei Kategorien unterteilt:<\/p>\n\t\t\t\t\t\t\t\t<\/div>\n\t\t\t\t<\/div>\n\t\t\t\t<div class=\"elementor-element elementor-element-44ecca4 e-n-tabs-mobile elementor-widget elementor-widget-n-tabs\" data-id=\"44ecca4\" data-element_type=\"widget\" data-e-type=\"widget\" data-settings=\"{&quot;horizontal_scroll&quot;:&quot;disable&quot;}\" data-widget_type=\"nested-tabs.default\">\n\t\t\t\t<div class=\"elementor-widget-container\">\n\t\t\t\t\t\t\t<div class=\"e-n-tabs\" data-widget-number=\"72273060\" aria-label=\"Tabs. Open items with Enter or Space, close with Escape and navigate using the Arrow keys.\">\n\t\t\t<div class=\"e-n-tabs-heading\" role=\"tablist\">\n\t\t\t\t\t<button id=\"e-n-tab-title-722730601\" data-tab-title-id=\"e-n-tab-title-722730601\" class=\"e-n-tab-title\" aria-selected=\"true\" data-tab-index=\"1\" role=\"tab\" tabindex=\"0\" aria-controls=\"e-n-tab-content-722730601\" style=\"--n-tabs-title-order: 1;\">\n\t\t\t\t\t\t<span class=\"e-n-tab-title-text\">\n\t\t\t\tSCOPE 1\t\t\t<\/span>\n\t\t<\/button>\n\t\t\t\t<button id=\"e-n-tab-title-722730602\" data-tab-title-id=\"e-n-tab-title-722730602\" class=\"e-n-tab-title\" aria-selected=\"false\" data-tab-index=\"2\" role=\"tab\" tabindex=\"-1\" aria-controls=\"e-n-tab-content-722730602\" style=\"--n-tabs-title-order: 2;\">\n\t\t\t\t\t\t<span class=\"e-n-tab-title-text\">\n\t\t\t\tSCOPE 2\t\t\t<\/span>\n\t\t<\/button>\n\t\t\t\t<button id=\"e-n-tab-title-722730603\" data-tab-title-id=\"e-n-tab-title-722730603\" class=\"e-n-tab-title\" aria-selected=\"false\" data-tab-index=\"3\" role=\"tab\" tabindex=\"-1\" aria-controls=\"e-n-tab-content-722730603\" style=\"--n-tabs-title-order: 3;\">\n\t\t\t\t\t\t<span class=\"e-n-tab-title-text\">\n\t\t\t\tSCOPE 3\t\t\t<\/span>\n\t\t<\/button>\n\t\t\t\t\t<\/div>\n\t\t\t<div class=\"e-n-tabs-content\">\n\t\t\t\t<div id=\"e-n-tab-content-722730601\" role=\"tabpanel\" aria-labelledby=\"e-n-tab-title-722730601\" data-tab-index=\"1\" style=\"--n-tabs-title-order: 1;\" class=\"e-active elementor-element elementor-element-0853032 e-con-full e-flex e-con e-child\" data-id=\"0853032\" data-element_type=\"container\" data-e-type=\"container\" data-settings=\"{&quot;jet_parallax_layout_list&quot;:[]}\">\n\t\t\t\t<div class=\"elementor-element elementor-element-b7aa745 elementor-widget elementor-widget-text-editor\" data-id=\"b7aa745\" data-element_type=\"widget\" data-e-type=\"widget\" data-widget_type=\"text-editor.default\">\n\t\t\t\t<div class=\"elementor-widget-container\">\n\t\t\t\t\t\t\t\t\t<p>Direkte Emissionen: Dies sind Emissionen, die aus eigenen Quellen des Unternehmens entstammen und in dessen Besitz oder Geltungsbereich sind und beispielsweise von Anlagen und Fuhrpark ausgehen. Dies schlie\u00dft die Herstellung von Produkten, die Abfallerzeugung sowie die Betankung von Fahrzeugen und Ausr\u00fcstung des Unternehmens mit ein.<\/p>\n\t\t\t\t\t\t\t\t<\/div>\n\t\t\t\t<\/div>\n\t\t\t\t<\/div>\n\t\t<div id=\"e-n-tab-content-722730602\" role=\"tabpanel\" aria-labelledby=\"e-n-tab-title-722730602\" data-tab-index=\"2\" style=\"--n-tabs-title-order: 2;\" class=\" elementor-element elementor-element-f6e2c07 e-con-full e-flex e-con e-child\" data-id=\"f6e2c07\" data-element_type=\"container\" data-e-type=\"container\" data-settings=\"{&quot;jet_parallax_layout_list&quot;:[]}\">\n\t\t\t\t<div class=\"elementor-element elementor-element-c75119a elementor-widget elementor-widget-text-editor\" data-id=\"c75119a\" data-element_type=\"widget\" data-e-type=\"widget\" data-widget_type=\"text-editor.default\">\n\t\t\t\t<div class=\"elementor-widget-container\">\n\t\t\t\t\t\t\t\t\t<p>Indirekte Emissionen von zugekaufter Energie: Diese Emissionen werden aus zugekauftem Strom, Erdgas, HVAC, K\u00fchlung und anderer Energie erzeugt, die vom Unternehmen verbraucht wird.<\/p>\n\t\t\t\t\t\t\t\t<\/div>\n\t\t\t\t<\/div>\n\t\t\t\t<\/div>\n\t\t<div id=\"e-n-tab-content-722730603\" role=\"tabpanel\" aria-labelledby=\"e-n-tab-title-722730603\" data-tab-index=\"3\" style=\"--n-tabs-title-order: 3;\" class=\" elementor-element elementor-element-0a7c0f1 e-con-full e-flex e-con e-child\" data-id=\"0a7c0f1\" data-element_type=\"container\" data-e-type=\"container\" data-settings=\"{&quot;jet_parallax_layout_list&quot;:[]}\">\n\t\t\t\t<div class=\"elementor-element elementor-element-25b8435 elementor-widget elementor-widget-text-editor\" data-id=\"25b8435\" data-element_type=\"widget\" data-e-type=\"widget\" data-widget_type=\"text-editor.default\">\n\t\t\t\t<div class=\"elementor-widget-container\">\n\t\t\t\t\t\t\t\t\t<p>Indirekte Emissionen aus dem Produkt Lebenszyklus: Scope-3-Emissionen resultieren aus Aktivit\u00e4ten, die nicht direkt zum Unternehmen geh\u00f6ren. Diese entstammen jedoch aus Quellen, die nicht im Besitz des Unternehmens sind oder von ihm kontrolliert werden. Alle indirekten Emissionen (nicht in Scope 2 enthalten), die in der Wertsch\u00f6pfungskette des berichtenden Unternehmens auftreten, einschlie\u00dflich vor- und nachgelagerter Emissionen, angefangen bei zugekauften Teilen und Materialien bis hin zum Warentransport zu Kunden sowie Gesch\u00e4ftsreisen von Mitarbeitern oder Pendlern.<\/p>\n\t\t\t\t\t\t\t\t<\/div>\n\t\t\t\t<\/div>\n\t\t\t\t<\/div>\n\t\t\t\t\t<\/div>\n\t\t<\/div>\n\t\t\t\t\t\t<\/div>\n\t\t\t\t<\/div>\n\t\t\t\t\t<\/div>\n\t\t\t\t<\/div>\n\t\t<div class=\"elementor-element elementor-element-95cbf07 e-flex e-con-boxed e-con e-parent\" data-id=\"95cbf07\" data-element_type=\"container\" data-e-type=\"container\" data-settings=\"{&quot;jet_parallax_layout_list&quot;:[]}\">\n\t\t\t\t\t<div class=\"e-con-inner\">\n\t\t\t\t<div class=\"elementor-element elementor-element-3361a18 elementor-widget elementor-widget-heading\" data-id=\"3361a18\" data-element_type=\"widget\" data-e-type=\"widget\" data-widget_type=\"heading.default\">\n\t\t\t\t<div class=\"elementor-widget-container\">\n\t\t\t\t\t<h2 class=\"elementor-heading-title elementor-size-default\">WIE K\u00c4HRS EINEN BEITRAG ZUM KLIMASCHUTZ LEISTEN KANN<\/h2>\t\t\t\t<\/div>\n\t\t\t\t<\/div>\n\t\t\t\t\t<\/div>\n\t\t\t\t<\/div>\n\t\t<div class=\"elementor-element elementor-element-008c219 e-flex e-con-boxed e-con e-parent\" data-id=\"008c219\" data-element_type=\"container\" data-e-type=\"container\" data-settings=\"{&quot;jet_parallax_layout_list&quot;:[]}\">\n\t\t\t\t\t<div class=\"e-con-inner\">\n\t\t<div class=\"elementor-element elementor-element-aec6e5b e-con-full e-flex e-con e-child\" data-id=\"aec6e5b\" data-element_type=\"container\" data-e-type=\"container\" data-settings=\"{&quot;jet_parallax_layout_list&quot;:[]}\">\n\t\t\t\t<div class=\"elementor-element elementor-element-f14159a elementor-widget elementor-widget-text-editor\" data-id=\"f14159a\" data-element_type=\"widget\" data-e-type=\"widget\" data-widget_type=\"text-editor.default\">\n\t\t\t\t<div class=\"elementor-widget-container\">\n\t\t\t\t\t\t\t\t\t<p>Die SBTi zielen darauf ab, das Engagement von Unternehmen f\u00fcr die Reduzierung von Emissionen zu erh\u00f6hen und zu veranschaulichen, wie viel und wie schnell sie ihre Treibhausgas-Emissionen reduzieren m\u00fcssen, um die schlimmsten Auswirkungen des Klimawandels zu verhindern.<\/p>\n<p>Hier setzt die Science Based Targets Initiative (SBTi) an Das SBTi ist eine Partnerschaft zwischen dem Carbon Disclosure Project (CDP), dem Global Compact der Vereinten Nationen (UNGC), dem World Resources Institute (WRI) und dem World Wildlife Fund for Nature (WWF) und wird von Unternehmen, Unternehmens- und Wohlt\u00e4tigkeitsstiftungen sowie Regierungen finanziert.<\/p>\n<p>Obwohl jedes Unternehmen Emissionsreduktionsziele erstellen kann, erfordert die SBTi-Zulassung eine Bewertung und Pr\u00fcfung durch Dritte.<\/p>\n\t\t\t\t\t\t\t\t<\/div>\n\t\t\t\t<\/div>\n\t\t\t\t<\/div>\n\t\t<div class=\"elementor-element elementor-element-a8b1f60 e-con-full e-flex e-con e-child\" data-id=\"a8b1f60\" data-element_type=\"container\" data-e-type=\"container\" data-settings=\"{&quot;jet_parallax_layout_list&quot;:[]}\">\n\t\t\t\t<div class=\"elementor-element elementor-element-949115f elementor-widget elementor-widget-image\" data-id=\"949115f\" data-element_type=\"widget\" data-e-type=\"widget\" data-widget_type=\"image.default\">\n\t\t\t\t<div class=\"elementor-widget-container\">\n\t\t\t\t\t\t\t\t\t\t\t\t\t\t\t<img decoding=\"async\" width=\"500\" height=\"287\" src=\"https:\/\/kahrs.ch\/wp-content\/uploads\/2023\/07\/sbt_logo1.png\" class=\"attachment-full size-full wp-image-6898\" alt=\"\" srcset=\"https:\/\/kahrs.ch\/wp-content\/uploads\/2023\/07\/sbt_logo1.png 500w, https:\/\/kahrs.ch\/wp-content\/uploads\/2023\/07\/sbt_logo1-300x172.png 300w\" sizes=\"(max-width: 500px) 100vw, 500px\" \/>\t\t\t\t\t\t\t\t\t\t\t\t\t\t\t<\/div>\n\t\t\t\t<\/div>\n\t\t\t\t<div class=\"elementor-element elementor-element-d9b204d elementor-widget elementor-widget-image\" data-id=\"d9b204d\" data-element_type=\"widget\" data-e-type=\"widget\" data-widget_type=\"image.default\">\n\t\t\t\t<div class=\"elementor-widget-container\">\n\t\t\t\t\t\t\t\t\t\t\t\t\t\t\t<img decoding=\"async\" width=\"1024\" height=\"170\" src=\"https:\/\/kahrs.ch\/wp-content\/uploads\/2023\/07\/1.5c_campaign_logo_-_no_our_only_future_rgb-01_1-1024x170.png\" class=\"attachment-large size-large wp-image-6892\" alt=\"\" srcset=\"https:\/\/kahrs.ch\/wp-content\/uploads\/2023\/07\/1.5c_campaign_logo_-_no_our_only_future_rgb-01_1-1024x170.png 1024w, https:\/\/kahrs.ch\/wp-content\/uploads\/2023\/07\/1.5c_campaign_logo_-_no_our_only_future_rgb-01_1-600x99.png 600w, https:\/\/kahrs.ch\/wp-content\/uploads\/2023\/07\/1.5c_campaign_logo_-_no_our_only_future_rgb-01_1-300x50.png 300w, https:\/\/kahrs.ch\/wp-content\/uploads\/2023\/07\/1.5c_campaign_logo_-_no_our_only_future_rgb-01_1-768x127.png 768w, https:\/\/kahrs.ch\/wp-content\/uploads\/2023\/07\/1.5c_campaign_logo_-_no_our_only_future_rgb-01_1-1536x255.png 1536w, https:\/\/kahrs.ch\/wp-content\/uploads\/2023\/07\/1.5c_campaign_logo_-_no_our_only_future_rgb-01_1-2048x340.png 2048w\" sizes=\"(max-width: 1024px) 100vw, 1024px\" \/>\t\t\t\t\t\t\t\t\t\t\t\t\t\t\t<\/div>\n\t\t\t\t<\/div>\n\t\t\t\t<\/div>\n\t\t<div class=\"elementor-element elementor-element-2568044 e-con-full e-flex e-con e-child\" data-id=\"2568044\" data-element_type=\"container\" data-e-type=\"container\" data-settings=\"{&quot;jet_parallax_layout_list&quot;:[]}\">\n\t\t\t\t<div class=\"elementor-element elementor-element-11f7e99 elementor-widget elementor-widget-text-editor\" data-id=\"11f7e99\" data-element_type=\"widget\" data-e-type=\"widget\" data-widget_type=\"text-editor.default\">\n\t\t\t\t<div class=\"elementor-widget-container\">\n\t\t\t\t\t\t\t\t\t<p>Hiermit wird gew\u00e4hrleistet, dass die Bem\u00fchungen eines Unternehmens ehrgeizig genug und ausreichend sind, um die globale Erw\u00e4rmung auf 1,5 Grad zu begrenzen.<\/p>\n<p>Durch die Zusammenarbeit mit SBTi und einer wissenschaftsbasierten Pr\u00fcfung unserer Emissionsreduktionsziele, k\u00f6nnen wir sicher sein, dass wir nicht nur ein festes Engagement f\u00fcr langfristiges nachhaltiges Wachstum eingegangen sind, sondern, dass wir auch auf dem richtigen Weg sind, um die Erderw\u00e4rmung auf 1,5 Grad zu begrenzen.<\/p>\n\t\t\t\t\t\t\t\t<\/div>\n\t\t\t\t<\/div>\n\t\t\t\t<\/div>\n\t\t\t\t\t<\/div>\n\t\t\t\t<\/div>\n\t\t<div class=\"elementor-element elementor-element-3d723920 e-flex e-con-boxed e-con e-parent\" data-id=\"3d723920\" data-element_type=\"container\" data-e-type=\"container\" data-settings=\"{&quot;jet_parallax_layout_list&quot;:[]}\">\n\t\t\t\t\t<div class=\"e-con-inner\">\n\t\t<div class=\"elementor-element elementor-element-329de58c e-con-full e-flex e-con e-child\" data-id=\"329de58c\" data-element_type=\"container\" data-e-type=\"container\" data-settings=\"{&quot;background_background&quot;:&quot;classic&quot;,&quot;jet_parallax_layout_list&quot;:[]}\">\n\t\t\t\t<div class=\"elementor-element elementor-element-74b7c51e elementor-widget elementor-widget-image\" data-id=\"74b7c51e\" data-element_type=\"widget\" data-e-type=\"widget\" data-widget_type=\"image.default\">\n\t\t\t\t<div class=\"elementor-widget-container\">\n\t\t\t\t\t\t\t\t\t\t\t\t\t\t\t<img loading=\"lazy\" decoding=\"async\" width=\"1000\" height=\"1000\" src=\"https:\/\/kahrs.ch\/wp-content\/uploads\/2023\/07\/1-3-1.jpg\" class=\"attachment-full size-full wp-image-2710\" alt=\"\" srcset=\"https:\/\/kahrs.ch\/wp-content\/uploads\/2023\/07\/1-3-1.jpg 1000w, https:\/\/kahrs.ch\/wp-content\/uploads\/2023\/07\/1-3-1-300x300.jpg 300w, https:\/\/kahrs.ch\/wp-content\/uploads\/2023\/07\/1-3-1-100x100.jpg 100w, https:\/\/kahrs.ch\/wp-content\/uploads\/2023\/07\/1-3-1-600x600.jpg 600w, https:\/\/kahrs.ch\/wp-content\/uploads\/2023\/07\/1-3-1-150x150.jpg 150w, https:\/\/kahrs.ch\/wp-content\/uploads\/2023\/07\/1-3-1-768x768.jpg 768w\" sizes=\"(max-width: 1000px) 100vw, 1000px\" \/>\t\t\t\t\t\t\t\t\t\t\t\t\t\t\t<\/div>\n\t\t\t\t<\/div>\n\t\t\t\t<div class=\"elementor-element elementor-element-48583452 elementor-widget elementor-widget-heading\" data-id=\"48583452\" data-element_type=\"widget\" data-e-type=\"widget\" data-widget_type=\"heading.default\">\n\t\t\t\t<div class=\"elementor-widget-container\">\n\t\t\t\t\t<h2 class=\"elementor-heading-title elementor-size-default\">FLOOR PLANNER\n<\/h2>\t\t\t\t<\/div>\n\t\t\t\t<\/div>\n\t\t\t\t<div class=\"elementor-element elementor-element-14b380f4 elementor-widget elementor-widget-text-editor\" data-id=\"14b380f4\" data-element_type=\"widget\" data-e-type=\"widget\" data-widget_type=\"text-editor.default\">\n\t\t\t\t<div class=\"elementor-widget-container\">\n\t\t\t\t\t\t\t\t\t<p>Nutzen Sie die neueste Technologie der k\u00fcnstlichen Intelligenz, um den Boden Ihrer Tr\u00e4ume in Ihrem eigenen Haus zu visualisieren.<\/p>\n\t\t\t\t\t\t\t\t<\/div>\n\t\t\t\t<\/div>\n\t\t\t\t<div class=\"elementor-element elementor-element-17b40a5c elementor-align-center elementor-widget elementor-widget-button\" data-id=\"17b40a5c\" data-element_type=\"widget\" data-e-type=\"widget\" data-widget_type=\"button.default\">\n\t\t\t\t<div class=\"elementor-widget-container\">\n\t\t\t\t\t\t\t\t\t<div class=\"elementor-button-wrapper\">\n\t\t\t\t\t<a class=\"elementor-button elementor-button-link elementor-size-sm elementor-animation-grow\" href=\"https:\/\/kahrs.ch\/de\/einen-boden-mithilfe-des-virtuellen-showrooms-vergleichen\/\">\n\t\t\t\t\t\t<span class=\"elementor-button-content-wrapper\">\n\t\t\t\t\t\t\t\t\t<span class=\"elementor-button-text\">VERSUCHEN<\/span>\n\t\t\t\t\t<\/span>\n\t\t\t\t\t<\/a>\n\t\t\t\t<\/div>\n\t\t\t\t\t\t\t\t<\/div>\n\t\t\t\t<\/div>\n\t\t\t\t<\/div>\n\t\t<div class=\"elementor-element elementor-element-44c22506 e-con-full e-flex e-con e-child\" data-id=\"44c22506\" data-element_type=\"container\" data-e-type=\"container\" data-settings=\"{&quot;background_background&quot;:&quot;classic&quot;,&quot;jet_parallax_layout_list&quot;:[]}\">\n\t\t\t\t<div class=\"elementor-element elementor-element-62c139a9 elementor-widget elementor-widget-image\" data-id=\"62c139a9\" data-element_type=\"widget\" data-e-type=\"widget\" data-widget_type=\"image.default\">\n\t\t\t\t<div class=\"elementor-widget-container\">\n\t\t\t\t\t\t\t\t\t\t\t\t\t\t\t<img loading=\"lazy\" decoding=\"async\" width=\"1000\" height=\"1000\" src=\"https:\/\/kahrs.ch\/wp-content\/uploads\/2023\/07\/2-5-1.jpg\" class=\"attachment-full size-full wp-image-2713\" alt=\"\" srcset=\"https:\/\/kahrs.ch\/wp-content\/uploads\/2023\/07\/2-5-1.jpg 1000w, https:\/\/kahrs.ch\/wp-content\/uploads\/2023\/07\/2-5-1-300x300.jpg 300w, https:\/\/kahrs.ch\/wp-content\/uploads\/2023\/07\/2-5-1-100x100.jpg 100w, https:\/\/kahrs.ch\/wp-content\/uploads\/2023\/07\/2-5-1-600x600.jpg 600w, https:\/\/kahrs.ch\/wp-content\/uploads\/2023\/07\/2-5-1-150x150.jpg 150w, https:\/\/kahrs.ch\/wp-content\/uploads\/2023\/07\/2-5-1-768x768.jpg 768w\" sizes=\"(max-width: 1000px) 100vw, 1000px\" \/>\t\t\t\t\t\t\t\t\t\t\t\t\t\t\t<\/div>\n\t\t\t\t<\/div>\n\t\t\t\t<div class=\"elementor-element elementor-element-32557c55 elementor-widget elementor-widget-heading\" data-id=\"32557c55\" data-element_type=\"widget\" data-e-type=\"widget\" data-widget_type=\"heading.default\">\n\t\t\t\t<div class=\"elementor-widget-container\">\n\t\t\t\t\t<h2 class=\"elementor-heading-title elementor-size-default\">H\u00c4NDLER\n<\/h2>\t\t\t\t<\/div>\n\t\t\t\t<\/div>\n\t\t\t\t<div class=\"elementor-element elementor-element-7a8fc296 elementor-widget elementor-widget-text-editor\" data-id=\"7a8fc296\" data-element_type=\"widget\" data-e-type=\"widget\" data-widget_type=\"text-editor.default\">\n\t\t\t\t<div class=\"elementor-widget-container\">\n\t\t\t\t\t\t\t\t\t<div class=\"elementor-element elementor-element-58e9e30 elementor-widget elementor-widget-text-editor\" data-id=\"58e9e30\" data-element_type=\"widget\" data-widget_type=\"text-editor.default\">\n<div class=\"elementor-widget-container\">\n<p>Wir empfehlen Ihnen, einen unserer H\u00e4ndler zu besuchen, denn nichts kann die Erfahrung ersetzen, unsere B\u00f6den zu sehen und zu ber\u00fchren.<\/p>\n<\/div>\n<\/div>\n\t\t\t\t\t\t\t\t<\/div>\n\t\t\t\t<\/div>\n\t\t\t\t<div class=\"elementor-element elementor-element-61235ce elementor-align-center elementor-widget elementor-widget-button\" data-id=\"61235ce\" data-element_type=\"widget\" data-e-type=\"widget\" data-widget_type=\"button.default\">\n\t\t\t\t<div class=\"elementor-widget-container\">\n\t\t\t\t\t\t\t\t\t<div class=\"elementor-button-wrapper\">\n\t\t\t\t\t<a class=\"elementor-button elementor-button-link elementor-size-sm elementor-animation-grow\" href=\"https:\/\/kahrs.ch\/de\/fachhaendler\/\">\n\t\t\t\t\t\t<span class=\"elementor-button-content-wrapper\">\n\t\t\t\t\t\t\t\t\t<span class=\"elementor-button-text\">EINEN H\u00c4NDLER FINDEN<\/span>\n\t\t\t\t\t<\/span>\n\t\t\t\t\t<\/a>\n\t\t\t\t<\/div>\n\t\t\t\t\t\t\t\t<\/div>\n\t\t\t\t<\/div>\n\t\t\t\t<\/div>\n\t\t<div class=\"elementor-element elementor-element-3b896b5a e-con-full e-flex e-con e-child\" data-id=\"3b896b5a\" data-element_type=\"container\" data-e-type=\"container\" data-settings=\"{&quot;background_background&quot;:&quot;classic&quot;,&quot;jet_parallax_layout_list&quot;:[]}\">\n\t\t\t\t<div class=\"elementor-element elementor-element-399d617f elementor-widget elementor-widget-image\" data-id=\"399d617f\" data-element_type=\"widget\" data-e-type=\"widget\" data-widget_type=\"image.default\">\n\t\t\t\t<div class=\"elementor-widget-container\">\n\t\t\t\t\t\t\t\t\t\t\t\t\t\t\t<img loading=\"lazy\" decoding=\"async\" width=\"2560\" height=\"2560\" src=\"https:\/\/kahrs.ch\/wp-content\/uploads\/2023\/09\/reference-scaled.jpg\" class=\"attachment-full size-full wp-image-10013\" alt=\"\" srcset=\"https:\/\/kahrs.ch\/wp-content\/uploads\/2023\/09\/reference-scaled.jpg 2560w, https:\/\/kahrs.ch\/wp-content\/uploads\/2023\/09\/reference-300x300.jpg 300w, https:\/\/kahrs.ch\/wp-content\/uploads\/2023\/09\/reference-scaled-100x100.jpg 100w, https:\/\/kahrs.ch\/wp-content\/uploads\/2023\/09\/reference-scaled-600x600.jpg 600w, https:\/\/kahrs.ch\/wp-content\/uploads\/2023\/09\/reference-1024x1024.jpg 1024w, https:\/\/kahrs.ch\/wp-content\/uploads\/2023\/09\/reference-150x150.jpg 150w, https:\/\/kahrs.ch\/wp-content\/uploads\/2023\/09\/reference-768x768.jpg 768w, https:\/\/kahrs.ch\/wp-content\/uploads\/2023\/09\/reference-1536x1536.jpg 1536w, https:\/\/kahrs.ch\/wp-content\/uploads\/2023\/09\/reference-2048x2048.jpg 2048w\" sizes=\"(max-width: 2560px) 100vw, 2560px\" \/>\t\t\t\t\t\t\t\t\t\t\t\t\t\t\t<\/div>\n\t\t\t\t<\/div>\n\t\t\t\t<div class=\"elementor-element elementor-element-4dd42ec3 elementor-widget elementor-widget-heading\" data-id=\"4dd42ec3\" data-element_type=\"widget\" data-e-type=\"widget\" data-widget_type=\"heading.default\">\n\t\t\t\t<div class=\"elementor-widget-container\">\n\t\t\t\t\t<h2 class=\"elementor-heading-title elementor-size-default\">Referenzen\n<\/h2>\t\t\t\t<\/div>\n\t\t\t\t<\/div>\n\t\t\t\t<div class=\"elementor-element elementor-element-54f732b1 elementor-widget elementor-widget-text-editor\" data-id=\"54f732b1\" data-element_type=\"widget\" data-e-type=\"widget\" data-widget_type=\"text-editor.default\">\n\t\t\t\t<div class=\"elementor-widget-container\">\n\t\t\t\t\t\t\t\t\t<p>K\u00e4hrs Parkettb\u00f6den wurden in Gewerbe- und Wohngebieten auf der ganzen Welt verlegt. <\/p>\n\t\t\t\t\t\t\t\t<\/div>\n\t\t\t\t<\/div>\n\t\t\t\t<div class=\"elementor-element elementor-element-4f8fe13f elementor-align-center elementor-widget elementor-widget-button\" data-id=\"4f8fe13f\" data-element_type=\"widget\" data-e-type=\"widget\" data-widget_type=\"button.default\">\n\t\t\t\t<div class=\"elementor-widget-container\">\n\t\t\t\t\t\t\t\t\t<div class=\"elementor-button-wrapper\">\n\t\t\t\t\t<a class=\"elementor-button elementor-button-link elementor-size-sm elementor-animation-grow\" href=\"https:\/\/kahrs.ch\/de\/referenzen\/\">\n\t\t\t\t\t\t<span class=\"elementor-button-content-wrapper\">\n\t\t\t\t\t\t\t\t\t<span class=\"elementor-button-text\">SIEHE REFERENZEN<\/span>\n\t\t\t\t\t<\/span>\n\t\t\t\t\t<\/a>\n\t\t\t\t<\/div>\n\t\t\t\t\t\t\t\t<\/div>\n\t\t\t\t<\/div>\n\t\t\t\t<\/div>\n\t\t\t\t\t<\/div>\n\t\t\t\t<\/div>\n\t\t\t\t<\/div>\n\t\t","protected":false},"excerpt":{"rendered":"<p>K\u00e4hrs ist einer der wenigen Bodenbelagshersteller, der sich verpflichtet hat, wissenschaftsbasierte Klimaziele zu erreichen. Wir haben unser Engagement f\u00fcr diese wissenschaftsbasierten Ziele bereits im Dezember 2021 angek\u00fcndigt und werden diese im Laufe des Jahres 2022 von der Science Based Targets Initiative (SBTi) definieren und pr\u00fcfen lassen.<\/p>\n","protected":false},"author":1,"featured_media":1770,"comment_status":"closed","ping_status":"closed","sticky":false,"template":"elementor_header_footer","format":"standard","meta":{"_acf_changed":false,"site-sidebar-layout":"default","site-content-layout":"","ast-site-content-layout":"default","site-content-style":"default","site-sidebar-style":"default","ast-global-header-display":"","ast-banner-title-visibility":"","ast-main-header-display":"","ast-hfb-above-header-display":"","ast-hfb-below-header-display":"","ast-hfb-mobile-header-display":"","site-post-title":"disabled","ast-breadcrumbs-content":"","ast-featured-img":"","footer-sml-layout":"","ast-disable-related-posts":"","theme-transparent-header-meta":"","adv-header-id-meta":"","stick-header-meta":"","header-above-stick-meta":"","header-main-stick-meta":"","header-below-stick-meta":"","astra-migrate-meta-layouts":"default","ast-page-background-enabled":"default","ast-page-background-meta":{"desktop":{"background-color":"var(--ast-global-color-4)","background-image":"","background-repeat":"repeat","background-position":"center center","background-size":"auto","background-attachment":"scroll","background-type":"","background-media":"","overlay-type":"","overlay-color":"","overlay-opacity":"","overlay-gradient":""},"tablet":{"background-color":"","background-image":"","background-repeat":"repeat","background-position":"center center","background-size":"auto","background-attachment":"scroll","background-type":"","background-media":"","overlay-type":"","overlay-color":"","overlay-opacity":"","overlay-gradient":""},"mobile":{"background-color":"","background-image":"","background-repeat":"repeat","background-position":"center center","background-size":"auto","background-attachment":"scroll","background-type":"","background-media":"","overlay-type":"","overlay-color":"","overlay-opacity":"","overlay-gradient":""}},"ast-content-background-meta":{"desktop":{"background-color":"var(--ast-global-color-5)","background-image":"","background-repeat":"repeat","background-position":"center center","background-size":"auto","background-attachment":"scroll","background-type":"","background-media":"","overlay-type":"","overlay-color":"","overlay-opacity":"","overlay-gradient":""},"tablet":{"background-color":"var(--ast-global-color-5)","background-image":"","background-repeat":"repeat","background-position":"center center","background-size":"auto","background-attachment":"scroll","background-type":"","background-media":"","overlay-type":"","overlay-color":"","overlay-opacity":"","overlay-gradient":""},"mobile":{"background-color":"var(--ast-global-color-5)","background-image":"","background-repeat":"repeat","background-position":"center center","background-size":"auto","background-attachment":"scroll","background-type":"","background-media":"","overlay-type":"","overlay-color":"","overlay-opacity":"","overlay-gradient":""}},"footnotes":""},"categories":[2850],"tags":[2856],"lieux-dans-le-monde":[],"references-filtres":[],"class_list":["post-12616","post","type-post","status-publish","format-standard","has-post-thumbnail","hentry","category-artikel","tag-umwelt"],"acf":[],"yoast_head":"<!-- This site is optimized with the Yoast SEO plugin v27.1.1 - https:\/\/yoast.com\/product\/yoast-seo-wordpress\/ -->\n<title>MASSNAHMEN GEGEN DEN KLIMAWANDEL | K\u00e4hrs Switzerland<\/title>\n<meta name=\"description\" content=\"K\u00e4hrs ist einer der wenigen Bodenbelagshersteller, der sich verpflichtet hat, wissenschaftsbasierte Klimaziele zu erreichen.\" \/>\n<meta name=\"robots\" content=\"index, follow, max-snippet:-1, max-image-preview:large, max-video-preview:-1\" \/>\n<link rel=\"canonical\" href=\"https:\/\/kahrs.ch\/de\/massnahmen-gegen-den-klimawandel\/\" \/>\n<meta property=\"og:locale\" content=\"de_DE\" \/>\n<meta property=\"og:type\" content=\"article\" \/>\n<meta property=\"og:title\" content=\"MASSNAHMEN GEGEN DEN KLIMAWANDEL | K\u00e4hrs Switzerland\" \/>\n<meta property=\"og:description\" content=\"K\u00e4hrs ist einer der wenigen Bodenbelagshersteller, der sich verpflichtet hat, wissenschaftsbasierte Klimaziele zu erreichen.\" \/>\n<meta property=\"og:url\" content=\"https:\/\/kahrs.ch\/de\/massnahmen-gegen-den-klimawandel\/\" \/>\n<meta property=\"og:site_name\" content=\"K\u00e4hrs Switzerland\" \/>\n<meta property=\"article:published_time\" content=\"2023-07-18T14:34:11+00:00\" \/>\n<meta property=\"article:modified_time\" content=\"2023-10-27T08:16:29+00:00\" \/>\n<meta property=\"og:image\" content=\"https:\/\/kahrs.ch\/wp-content\/uploads\/2023\/07\/5.jpg\" \/>\n\t<meta property=\"og:image:width\" content=\"2000\" \/>\n\t<meta property=\"og:image:height\" content=\"1000\" \/>\n\t<meta property=\"og:image:type\" content=\"image\/jpeg\" \/>\n<meta name=\"author\" content=\"kahrs\" \/>\n<meta name=\"twitter:card\" content=\"summary_large_image\" \/>\n<meta name=\"twitter:label1\" content=\"Verfasst von\" \/>\n\t<meta name=\"twitter:data1\" content=\"kahrs\" \/>\n\t<meta name=\"twitter:label2\" content=\"Gesch\u00e4tzte Lesezeit\" \/>\n\t<meta name=\"twitter:data2\" content=\"5\u00a0Minuten\" \/>\n<script type=\"application\/ld+json\" class=\"yoast-schema-graph\">{\"@context\":\"https:\/\/schema.org\",\"@graph\":[{\"@type\":\"Article\",\"@id\":\"https:\/\/kahrs.ch\/de\/massnahmen-gegen-den-klimawandel\/#article\",\"isPartOf\":{\"@id\":\"https:\/\/kahrs.ch\/de\/massnahmen-gegen-den-klimawandel\/\"},\"author\":{\"name\":\"kahrs\",\"@id\":\"https:\/\/kahrs.ch\/de\/#\/schema\/person\/352d76f01c488367b72a5b4eb27038f0\"},\"headline\":\"MASSNAHMEN GEGEN DEN KLIMAWANDEL\",\"datePublished\":\"2023-07-18T14:34:11+00:00\",\"dateModified\":\"2023-10-27T08:16:29+00:00\",\"mainEntityOfPage\":{\"@id\":\"https:\/\/kahrs.ch\/de\/massnahmen-gegen-den-klimawandel\/\"},\"wordCount\":1050,\"publisher\":{\"@id\":\"https:\/\/kahrs.ch\/de\/#organization\"},\"image\":{\"@id\":\"https:\/\/kahrs.ch\/de\/massnahmen-gegen-den-klimawandel\/#primaryimage\"},\"thumbnailUrl\":\"https:\/\/kahrs.ch\/wp-content\/uploads\/2023\/07\/5.jpg\",\"keywords\":[\"Umwelt\"],\"articleSection\":[\"Artikel\"],\"inLanguage\":\"de\"},{\"@type\":\"WebPage\",\"@id\":\"https:\/\/kahrs.ch\/de\/massnahmen-gegen-den-klimawandel\/\",\"url\":\"https:\/\/kahrs.ch\/de\/massnahmen-gegen-den-klimawandel\/\",\"name\":\"MASSNAHMEN GEGEN DEN KLIMAWANDEL | K\u00e4hrs Switzerland\",\"isPartOf\":{\"@id\":\"https:\/\/kahrs.ch\/de\/#website\"},\"primaryImageOfPage\":{\"@id\":\"https:\/\/kahrs.ch\/de\/massnahmen-gegen-den-klimawandel\/#primaryimage\"},\"image\":{\"@id\":\"https:\/\/kahrs.ch\/de\/massnahmen-gegen-den-klimawandel\/#primaryimage\"},\"thumbnailUrl\":\"https:\/\/kahrs.ch\/wp-content\/uploads\/2023\/07\/5.jpg\",\"datePublished\":\"2023-07-18T14:34:11+00:00\",\"dateModified\":\"2023-10-27T08:16:29+00:00\",\"description\":\"K\u00e4hrs ist einer der wenigen Bodenbelagshersteller, der sich verpflichtet hat, wissenschaftsbasierte Klimaziele zu erreichen.\",\"breadcrumb\":{\"@id\":\"https:\/\/kahrs.ch\/de\/massnahmen-gegen-den-klimawandel\/#breadcrumb\"},\"inLanguage\":\"de\",\"potentialAction\":[{\"@type\":\"ReadAction\",\"target\":[\"https:\/\/kahrs.ch\/de\/massnahmen-gegen-den-klimawandel\/\"]}]},{\"@type\":\"ImageObject\",\"inLanguage\":\"de\",\"@id\":\"https:\/\/kahrs.ch\/de\/massnahmen-gegen-den-klimawandel\/#primaryimage\",\"url\":\"https:\/\/kahrs.ch\/wp-content\/uploads\/2023\/07\/5.jpg\",\"contentUrl\":\"https:\/\/kahrs.ch\/wp-content\/uploads\/2023\/07\/5.jpg\",\"width\":2000,\"height\":1000},{\"@type\":\"BreadcrumbList\",\"@id\":\"https:\/\/kahrs.ch\/de\/massnahmen-gegen-den-klimawandel\/#breadcrumb\",\"itemListElement\":[{\"@type\":\"ListItem\",\"position\":1,\"name\":\"Accueil\",\"item\":\"https:\/\/kahrs.ch\/de\/kaehrs-parkett-und-vinylboeden\/\"},{\"@type\":\"ListItem\",\"position\":2,\"name\":\"MASSNAHMEN GEGEN DEN KLIMAWANDEL\"}]},{\"@type\":\"WebSite\",\"@id\":\"https:\/\/kahrs.ch\/de\/#website\",\"url\":\"https:\/\/kahrs.ch\/de\/\",\"name\":\"K\u00e4hrs Switzerland\",\"description\":\"\",\"publisher\":{\"@id\":\"https:\/\/kahrs.ch\/de\/#organization\"},\"alternateName\":\"K\u00e4hrs Switzerland\",\"potentialAction\":[{\"@type\":\"SearchAction\",\"target\":{\"@type\":\"EntryPoint\",\"urlTemplate\":\"https:\/\/kahrs.ch\/de\/?s={search_term_string}\"},\"query-input\":{\"@type\":\"PropertyValueSpecification\",\"valueRequired\":true,\"valueName\":\"search_term_string\"}}],\"inLanguage\":\"de\"},{\"@type\":\"Organization\",\"@id\":\"https:\/\/kahrs.ch\/de\/#organization\",\"name\":\"K\u00e4hrs Switzerland\",\"url\":\"https:\/\/kahrs.ch\/de\/\",\"logo\":{\"@type\":\"ImageObject\",\"inLanguage\":\"de\",\"@id\":\"https:\/\/kahrs.ch\/de\/#\/schema\/logo\/image\/\",\"url\":\"https:\/\/kahrs.ch\/wp-content\/uploads\/2023\/08\/Kahrs-logotype-without-tagline_Print-150dpi_2-1.jpg\",\"contentUrl\":\"https:\/\/kahrs.ch\/wp-content\/uploads\/2023\/08\/Kahrs-logotype-without-tagline_Print-150dpi_2-1.jpg\",\"width\":421,\"height\":376,\"caption\":\"K\u00e4hrs Switzerland\"},\"image\":{\"@id\":\"https:\/\/kahrs.ch\/de\/#\/schema\/logo\/image\/\"}},{\"@type\":\"Person\",\"@id\":\"https:\/\/kahrs.ch\/de\/#\/schema\/person\/352d76f01c488367b72a5b4eb27038f0\",\"name\":\"kahrs\",\"image\":{\"@type\":\"ImageObject\",\"inLanguage\":\"de\",\"@id\":\"https:\/\/kahrs.ch\/de\/#\/schema\/person\/image\/\",\"url\":\"https:\/\/secure.gravatar.com\/avatar\/40e3e28607210273d668ec365ae3fdf5473ae416ae5a2962757275212c356274?s=96&d=mm&r=g\",\"contentUrl\":\"https:\/\/secure.gravatar.com\/avatar\/40e3e28607210273d668ec365ae3fdf5473ae416ae5a2962757275212c356274?s=96&d=mm&r=g\",\"caption\":\"kahrs\"},\"sameAs\":[\"http:\/\/info-kahrs.ch\"],\"url\":\"https:\/\/kahrs.ch\/de\/author\/kahrs\/\"}]}<\/script>\n<!-- \/ Yoast SEO plugin. -->","yoast_head_json":{"title":"MASSNAHMEN GEGEN DEN KLIMAWANDEL | K\u00e4hrs Switzerland","description":"K\u00e4hrs ist einer der wenigen Bodenbelagshersteller, der sich verpflichtet hat, wissenschaftsbasierte Klimaziele zu erreichen.","robots":{"index":"index","follow":"follow","max-snippet":"max-snippet:-1","max-image-preview":"max-image-preview:large","max-video-preview":"max-video-preview:-1"},"canonical":"https:\/\/kahrs.ch\/de\/massnahmen-gegen-den-klimawandel\/","og_locale":"de_DE","og_type":"article","og_title":"MASSNAHMEN GEGEN DEN KLIMAWANDEL | K\u00e4hrs Switzerland","og_description":"K\u00e4hrs ist einer der wenigen Bodenbelagshersteller, der sich verpflichtet hat, wissenschaftsbasierte Klimaziele zu erreichen.","og_url":"https:\/\/kahrs.ch\/de\/massnahmen-gegen-den-klimawandel\/","og_site_name":"K\u00e4hrs Switzerland","article_published_time":"2023-07-18T14:34:11+00:00","article_modified_time":"2023-10-27T08:16:29+00:00","og_image":[{"width":2000,"height":1000,"url":"https:\/\/kahrs.ch\/wp-content\/uploads\/2023\/07\/5.jpg","type":"image\/jpeg"}],"author":"kahrs","twitter_card":"summary_large_image","twitter_misc":{"Verfasst von":"kahrs","Gesch\u00e4tzte Lesezeit":"5\u00a0Minuten"},"schema":{"@context":"https:\/\/schema.org","@graph":[{"@type":"Article","@id":"https:\/\/kahrs.ch\/de\/massnahmen-gegen-den-klimawandel\/#article","isPartOf":{"@id":"https:\/\/kahrs.ch\/de\/massnahmen-gegen-den-klimawandel\/"},"author":{"name":"kahrs","@id":"https:\/\/kahrs.ch\/de\/#\/schema\/person\/352d76f01c488367b72a5b4eb27038f0"},"headline":"MASSNAHMEN GEGEN DEN KLIMAWANDEL","datePublished":"2023-07-18T14:34:11+00:00","dateModified":"2023-10-27T08:16:29+00:00","mainEntityOfPage":{"@id":"https:\/\/kahrs.ch\/de\/massnahmen-gegen-den-klimawandel\/"},"wordCount":1050,"publisher":{"@id":"https:\/\/kahrs.ch\/de\/#organization"},"image":{"@id":"https:\/\/kahrs.ch\/de\/massnahmen-gegen-den-klimawandel\/#primaryimage"},"thumbnailUrl":"https:\/\/kahrs.ch\/wp-content\/uploads\/2023\/07\/5.jpg","keywords":["Umwelt"],"articleSection":["Artikel"],"inLanguage":"de"},{"@type":"WebPage","@id":"https:\/\/kahrs.ch\/de\/massnahmen-gegen-den-klimawandel\/","url":"https:\/\/kahrs.ch\/de\/massnahmen-gegen-den-klimawandel\/","name":"MASSNAHMEN GEGEN DEN KLIMAWANDEL | K\u00e4hrs Switzerland","isPartOf":{"@id":"https:\/\/kahrs.ch\/de\/#website"},"primaryImageOfPage":{"@id":"https:\/\/kahrs.ch\/de\/massnahmen-gegen-den-klimawandel\/#primaryimage"},"image":{"@id":"https:\/\/kahrs.ch\/de\/massnahmen-gegen-den-klimawandel\/#primaryimage"},"thumbnailUrl":"https:\/\/kahrs.ch\/wp-content\/uploads\/2023\/07\/5.jpg","datePublished":"2023-07-18T14:34:11+00:00","dateModified":"2023-10-27T08:16:29+00:00","description":"K\u00e4hrs ist einer der wenigen Bodenbelagshersteller, der sich verpflichtet hat, wissenschaftsbasierte Klimaziele zu erreichen.","breadcrumb":{"@id":"https:\/\/kahrs.ch\/de\/massnahmen-gegen-den-klimawandel\/#breadcrumb"},"inLanguage":"de","potentialAction":[{"@type":"ReadAction","target":["https:\/\/kahrs.ch\/de\/massnahmen-gegen-den-klimawandel\/"]}]},{"@type":"ImageObject","inLanguage":"de","@id":"https:\/\/kahrs.ch\/de\/massnahmen-gegen-den-klimawandel\/#primaryimage","url":"https:\/\/kahrs.ch\/wp-content\/uploads\/2023\/07\/5.jpg","contentUrl":"https:\/\/kahrs.ch\/wp-content\/uploads\/2023\/07\/5.jpg","width":2000,"height":1000},{"@type":"BreadcrumbList","@id":"https:\/\/kahrs.ch\/de\/massnahmen-gegen-den-klimawandel\/#breadcrumb","itemListElement":[{"@type":"ListItem","position":1,"name":"Accueil","item":"https:\/\/kahrs.ch\/de\/kaehrs-parkett-und-vinylboeden\/"},{"@type":"ListItem","position":2,"name":"MASSNAHMEN GEGEN DEN KLIMAWANDEL"}]},{"@type":"WebSite","@id":"https:\/\/kahrs.ch\/de\/#website","url":"https:\/\/kahrs.ch\/de\/","name":"K\u00e4hrs Switzerland","description":"","publisher":{"@id":"https:\/\/kahrs.ch\/de\/#organization"},"alternateName":"K\u00e4hrs Switzerland","potentialAction":[{"@type":"SearchAction","target":{"@type":"EntryPoint","urlTemplate":"https:\/\/kahrs.ch\/de\/?s={search_term_string}"},"query-input":{"@type":"PropertyValueSpecification","valueRequired":true,"valueName":"search_term_string"}}],"inLanguage":"de"},{"@type":"Organization","@id":"https:\/\/kahrs.ch\/de\/#organization","name":"K\u00e4hrs Switzerland","url":"https:\/\/kahrs.ch\/de\/","logo":{"@type":"ImageObject","inLanguage":"de","@id":"https:\/\/kahrs.ch\/de\/#\/schema\/logo\/image\/","url":"https:\/\/kahrs.ch\/wp-content\/uploads\/2023\/08\/Kahrs-logotype-without-tagline_Print-150dpi_2-1.jpg","contentUrl":"https:\/\/kahrs.ch\/wp-content\/uploads\/2023\/08\/Kahrs-logotype-without-tagline_Print-150dpi_2-1.jpg","width":421,"height":376,"caption":"K\u00e4hrs Switzerland"},"image":{"@id":"https:\/\/kahrs.ch\/de\/#\/schema\/logo\/image\/"}},{"@type":"Person","@id":"https:\/\/kahrs.ch\/de\/#\/schema\/person\/352d76f01c488367b72a5b4eb27038f0","name":"kahrs","image":{"@type":"ImageObject","inLanguage":"de","@id":"https:\/\/kahrs.ch\/de\/#\/schema\/person\/image\/","url":"https:\/\/secure.gravatar.com\/avatar\/40e3e28607210273d668ec365ae3fdf5473ae416ae5a2962757275212c356274?s=96&d=mm&r=g","contentUrl":"https:\/\/secure.gravatar.com\/avatar\/40e3e28607210273d668ec365ae3fdf5473ae416ae5a2962757275212c356274?s=96&d=mm&r=g","caption":"kahrs"},"sameAs":["http:\/\/info-kahrs.ch"],"url":"https:\/\/kahrs.ch\/de\/author\/kahrs\/"}]}},"_links":{"self":[{"href":"https:\/\/kahrs.ch\/de\/wp-json\/wp\/v2\/posts\/12616","targetHints":{"allow":["GET"]}}],"collection":[{"href":"https:\/\/kahrs.ch\/de\/wp-json\/wp\/v2\/posts"}],"about":[{"href":"https:\/\/kahrs.ch\/de\/wp-json\/wp\/v2\/types\/post"}],"author":[{"embeddable":true,"href":"https:\/\/kahrs.ch\/de\/wp-json\/wp\/v2\/users\/1"}],"replies":[{"embeddable":true,"href":"https:\/\/kahrs.ch\/de\/wp-json\/wp\/v2\/comments?post=12616"}],"version-history":[{"count":1,"href":"https:\/\/kahrs.ch\/de\/wp-json\/wp\/v2\/posts\/12616\/revisions"}],"predecessor-version":[{"id":12617,"href":"https:\/\/kahrs.ch\/de\/wp-json\/wp\/v2\/posts\/12616\/revisions\/12617"}],"wp:featuredmedia":[{"embeddable":true,"href":"https:\/\/kahrs.ch\/de\/wp-json\/wp\/v2\/media\/1770"}],"wp:attachment":[{"href":"https:\/\/kahrs.ch\/de\/wp-json\/wp\/v2\/media?parent=12616"}],"wp:term":[{"taxonomy":"category","embeddable":true,"href":"https:\/\/kahrs.ch\/de\/wp-json\/wp\/v2\/categories?post=12616"},{"taxonomy":"post_tag","embeddable":true,"href":"https:\/\/kahrs.ch\/de\/wp-json\/wp\/v2\/tags?post=12616"},{"taxonomy":"lieux-dans-le-monde","embeddable":true,"href":"https:\/\/kahrs.ch\/de\/wp-json\/wp\/v2\/lieux-dans-le-monde?post=12616"},{"taxonomy":"references-filtres","embeddable":true,"href":"https:\/\/kahrs.ch\/de\/wp-json\/wp\/v2\/references-filtres?post=12616"}],"curies":[{"name":"wp","href":"https:\/\/api.w.org\/{rel}","templated":true}]}}