{"id":15410,"date":"2024-02-19T17:16:38","date_gmt":"2024-02-19T16:16:38","guid":{"rendered":"https:\/\/kahrs.ch\/trends-2024\/"},"modified":"2024-06-27T13:37:40","modified_gmt":"2024-06-27T11:37:40","slug":"trends-2024","status":"publish","type":"post","link":"https:\/\/kahrs.ch\/de\/trends-2024\/","title":{"rendered":"Die Dekorationstrends von 2024"},"content":{"rendered":"\t\t<div data-elementor-type=\"wp-post\" data-elementor-id=\"15410\" class=\"elementor elementor-15410 elementor-15310\" data-elementor-post-type=\"post\">\n\t\t\t\t<div class=\"elementor-element elementor-element-adc81d0 e-flex e-con-boxed e-con e-parent\" data-id=\"adc81d0\" data-element_type=\"container\" data-e-type=\"container\" data-settings=\"{&quot;jet_parallax_layout_list&quot;:[],&quot;background_background&quot;:&quot;classic&quot;,&quot;background_motion_fx_motion_fx_scrolling&quot;:&quot;yes&quot;,&quot;background_motion_fx_blur_effect&quot;:&quot;yes&quot;,&quot;background_motion_fx_blur_level&quot;:{&quot;unit&quot;:&quot;px&quot;,&quot;size&quot;:1,&quot;sizes&quot;:[]},&quot;background_motion_fx_blur_direction&quot;:&quot;out-in&quot;,&quot;background_motion_fx_blur_range&quot;:{&quot;unit&quot;:&quot;%&quot;,&quot;size&quot;:&quot;&quot;,&quot;sizes&quot;:{&quot;start&quot;:20,&quot;end&quot;:80}},&quot;background_motion_fx_devices&quot;:[&quot;widescreen&quot;,&quot;desktop&quot;,&quot;tablet&quot;,&quot;mobile&quot;]}\">\n\t\t\t\t\t<div class=\"e-con-inner\">\n\t\t<div class=\"elementor-element elementor-element-3b5f241 e-con-full e-flex e-con e-child\" data-id=\"3b5f241\" data-element_type=\"container\" data-e-type=\"container\" data-settings=\"{&quot;jet_parallax_layout_list&quot;:[]}\">\n\t\t\t\t<div class=\"elementor-element elementor-element-030dd52 elementor-widget elementor-widget-heading\" data-id=\"030dd52\" data-element_type=\"widget\" data-e-type=\"widget\" data-widget_type=\"heading.default\">\n\t\t\t\t<div class=\"elementor-widget-container\">\n\t\t\t\t\t<h1 class=\"elementor-heading-title elementor-size-default\">hier sind die Trends 2024<\/h1>\t\t\t\t<\/div>\n\t\t\t\t<\/div>\n\t\t\t\t<div class=\"elementor-element elementor-element-dec68dc uael-mobile-heading-align-center elementor-widget elementor-widget-uael-advanced-heading\" data-id=\"dec68dc\" data-element_type=\"widget\" data-e-type=\"widget\" data-widget_type=\"uael-advanced-heading.default\">\n\t\t\t\t<div class=\"elementor-widget-container\">\n\t\t\t\t\t\n\t\t<div class=\"uael-module-content uael-heading-wrapper\">\n\t\t\t\t\t\t\n\t\t\t<h2 class=\"uael-heading\">\n\t\t\t\t\t\t\t\t\t\t<span class=\"uael-heading-text elementor-inline-editing uael-size--medium\" data-elementor-setting-key=\"heading_title\" data-elementor-inline-editing-toolbar=\"basic\">DIESE VIER INTERIOR DESIGN TRENDS SIND PR\u00c4GEND IN 2024<\/span>\n\t\t\t\t\t\t\t<\/h2>\n\n\t\t\t\n\t\t\t\n\t\t\t\t\t\t\t<div class=\"uael-subheading elementor-inline-editing\" data-elementor-setting-key=\"heading_description\" data-elementor-inline-editing-toolbar=\"advanced\" >\n\t\t\t\t\tNeue Trends bei Innendekorationen und Bodenbel\u00e4gen.\t\t\t\t<\/div>\n\t\t\t\t\n\t\t\t\t\t\t<\/div>\n\t\t\t\t\t\t<\/div>\n\t\t\t\t<\/div>\n\t\t\t\t<\/div>\n\t\t\t\t\t<\/div>\n\t\t\t\t<\/div>\n\t\t<div class=\"elementor-element elementor-element-89aef93 e-flex e-con-boxed e-con e-parent\" data-id=\"89aef93\" data-element_type=\"container\" data-e-type=\"container\" data-settings=\"{&quot;jet_parallax_layout_list&quot;:[]}\">\n\t\t\t\t\t<div class=\"e-con-inner\">\n\t\t\t\t<div class=\"elementor-element elementor-element-ddbbe85 elementor-widget elementor-widget-text-editor\" data-id=\"ddbbe85\" data-element_type=\"widget\" data-e-type=\"widget\" data-widget_type=\"text-editor.default\">\n\t\t\t\t<div class=\"elementor-widget-container\">\n\t\t\t\t\t\t\t\t\t<p>K\u00e4hrs Designerin Petra Lundblad ist Vorreiterin, wenn es um innovative Trends geht. Input daf\u00fcr liefern ihr ihre Beobachtungen und Recherchen zu gesellschaftlichen Entwicklungen und Str\u00f6mungen, die sich in der Design-Community abzeichnen. Eine Essenz ihrer Erkenntnisse stellt sie hier anhand vier neuer Makrotrends vor.<\/p>\n\t\t\t\t\t\t\t\t<\/div>\n\t\t\t\t<\/div>\n\t\t\t\t\t<\/div>\n\t\t\t\t<\/div>\n\t\t<div class=\"elementor-element elementor-element-c54ac7f e-flex e-con-boxed e-con e-parent\" data-id=\"c54ac7f\" data-element_type=\"container\" data-e-type=\"container\" data-settings=\"{&quot;jet_parallax_layout_list&quot;:[]}\">\n\t\t\t\t\t<div class=\"e-con-inner\">\n\t\t<div class=\"elementor-element elementor-element-ffa3178 e-con-full e-flex e-con e-child\" data-id=\"ffa3178\" data-element_type=\"container\" data-e-type=\"container\" data-settings=\"{&quot;jet_parallax_layout_list&quot;:[]}\">\n\t\t\t\t<div class=\"elementor-element elementor-element-59adc46 elementor-widget elementor-widget-heading\" data-id=\"59adc46\" data-element_type=\"widget\" data-e-type=\"widget\" data-widget_type=\"heading.default\">\n\t\t\t\t<div class=\"elementor-widget-container\">\n\t\t\t\t\t<h2 class=\"elementor-heading-title elementor-size-default\">Harmonische Farbwelten f\u00fcr ihr Zuhause<\/h2>\t\t\t\t<\/div>\n\t\t\t\t<\/div>\n\t\t\t\t<\/div>\n\t\t<div class=\"elementor-element elementor-element-bd6dc50 e-con-full e-flex e-con e-child\" data-id=\"bd6dc50\" data-element_type=\"container\" data-e-type=\"container\" data-settings=\"{&quot;jet_parallax_layout_list&quot;:[]}\">\n\t\t\t\t<div class=\"elementor-element elementor-element-2121ddf animated-slow elementor-invisible elementor-widget elementor-widget-image\" data-id=\"2121ddf\" data-element_type=\"widget\" data-e-type=\"widget\" data-settings=\"{&quot;_animation&quot;:&quot;slideInRight&quot;}\" data-widget_type=\"image.default\">\n\t\t\t\t<div class=\"elementor-widget-container\">\n\t\t\t\t\t\t\t\t\t\t\t\t\t\t\t<img fetchpriority=\"high\" decoding=\"async\" width=\"1920\" height=\"2560\" src=\"https:\/\/kahrs.ch\/wp-content\/uploads\/2024\/02\/IMG_6521-1-scaled.jpg\" class=\"attachment-full size-full wp-image-15317\" alt=\"\" srcset=\"https:\/\/kahrs.ch\/wp-content\/uploads\/2024\/02\/IMG_6521-1-scaled.jpg 1920w, https:\/\/kahrs.ch\/wp-content\/uploads\/2024\/02\/IMG_6521-1-scaled-600x800.jpg 600w, https:\/\/kahrs.ch\/wp-content\/uploads\/2024\/02\/IMG_6521-1-225x300.jpg 225w, https:\/\/kahrs.ch\/wp-content\/uploads\/2024\/02\/IMG_6521-1-768x1024.jpg 768w, https:\/\/kahrs.ch\/wp-content\/uploads\/2024\/02\/IMG_6521-1-1152x1536.jpg 1152w, https:\/\/kahrs.ch\/wp-content\/uploads\/2024\/02\/IMG_6521-1-1536x2048.jpg 1536w\" sizes=\"(max-width: 1920px) 100vw, 1920px\" \/>\t\t\t\t\t\t\t\t\t\t\t\t\t\t\t<\/div>\n\t\t\t\t<\/div>\n\t\t\t\t<\/div>\n\t\t\t\t\t<\/div>\n\t\t\t\t<\/div>\n\t\t<div class=\"elementor-element elementor-element-1990058 e-flex e-con-boxed e-con e-parent\" data-id=\"1990058\" data-element_type=\"container\" data-e-type=\"container\" data-settings=\"{&quot;jet_parallax_layout_list&quot;:[]}\">\n\t\t\t\t\t<div class=\"e-con-inner\">\n\t\t\t\t<div class=\"elementor-element elementor-element-1df0fc4 elementor-widget elementor-widget-text-editor\" data-id=\"1df0fc4\" data-element_type=\"widget\" data-e-type=\"widget\" data-widget_type=\"text-editor.default\">\n\t\t\t\t<div class=\"elementor-widget-container\">\n\t\t\t\t\t\t\t\t\t<p><em><span>&#8222;Design bedeutet nach der n\u00e4chsten grossen Sache Ausschau zu halten. Es ist auch eine Suche danach Bed\u00fcrfnisse zu erkennen und zu verstehen, eine Art L\u00f6sungsfindung, auch um Dinge besser zu machen. So lassen sich beispielsweise die Ressourcen unseres Planeten auf immer intelligentere Weise nutzen.&#8220;<\/span><\/em><\/p>\n<p><span>Stimmige Farbwelten sowie das Bed\u00fcrfnis nach Wohlgef\u00fchl und Komfort bestimmen auch im 2024, wie wir R\u00e4ume gestalten. Unser Zuhause wird zu unserem sicheren Hafen. Wir m\u00f6chten uns ausdr\u00fccken und dabei unseren Werten treu bleiben. Wir suchen nach Materialien und Designs, die langlebig sind, die uns auf einer tieferen Ebene ansprechen und m\u00f6glichst wenig negative Auswirkungen auf unseren Planeten haben.<\/span><\/p>\n<p><span>Wir finden Sch\u00f6nheit in unbearbeiteten und ungeschliffenen Materialien. Dunkle Farben und Elemente sorgen dabei f\u00fcr Gem\u00fctlichkeit w\u00e4hrend sanfte Farbt\u00f6ne Ruhe ins Interior bringen. Mit den diesj\u00e4hrig angesagten sanften Aprikosen- und Pastellt\u00f6nen lassen sich traumhafte romantische Innenr\u00e4ume gestalten. Erdige T\u00f6ne wie Gr\u00fcn und Braun bringen uns zur\u00fcck zur Natur und zu dem, was sich vertraut und echt anf\u00fchlt.<\/span><\/p>\n\t\t\t\t\t\t\t\t<\/div>\n\t\t\t\t<\/div>\n\t\t\t\t\t<\/div>\n\t\t\t\t<\/div>\n\t\t<div class=\"elementor-element elementor-element-1eaaa9f e-flex e-con-boxed e-con e-parent\" data-id=\"1eaaa9f\" data-element_type=\"container\" data-e-type=\"container\" data-settings=\"{&quot;jet_parallax_layout_list&quot;:[]}\">\n\t\t\t\t\t<div class=\"e-con-inner\">\n\t\t\t\t<div class=\"elementor-element elementor-element-32fd4ba elementor-widget elementor-widget-heading\" data-id=\"32fd4ba\" data-element_type=\"widget\" data-e-type=\"widget\" data-widget_type=\"heading.default\">\n\t\t\t\t<div class=\"elementor-widget-container\">\n\t\t\t\t\t<h2 class=\"elementor-heading-title elementor-size-default\">Die Makrotrends f\u00fcr 2024<\/h2>\t\t\t\t<\/div>\n\t\t\t\t<\/div>\n\t\t\t\t\t<\/div>\n\t\t\t\t<\/div>\n\t\t<div class=\"elementor-element elementor-element-874afb5 e-con-full e-flex e-con e-parent\" data-id=\"874afb5\" data-element_type=\"container\" data-e-type=\"container\" data-settings=\"{&quot;jet_parallax_layout_list&quot;:[]}\">\n\t\t<div class=\"elementor-element elementor-element-cbf4a7d e-con-full e-flex e-con e-child\" data-id=\"cbf4a7d\" data-element_type=\"container\" data-e-type=\"container\" data-settings=\"{&quot;background_background&quot;:&quot;classic&quot;,&quot;jet_parallax_layout_list&quot;:[]}\">\n\t\t\t\t<div class=\"elementor-element elementor-element-bc54ab4 elementor-widget elementor-widget-heading\" data-id=\"bc54ab4\" data-element_type=\"widget\" data-e-type=\"widget\" data-widget_type=\"heading.default\">\n\t\t\t\t<div class=\"elementor-widget-container\">\n\t\t\t\t\t<div class=\"elementor-heading-title elementor-size-default\"><a href=\"#Awareness\">AWARENESS<\/a><\/div>\t\t\t\t<\/div>\n\t\t\t\t<\/div>\n\t\t\t\t<\/div>\n\t\t<div class=\"elementor-element elementor-element-6e97ff7 e-con-full e-flex e-con e-child\" data-id=\"6e97ff7\" data-element_type=\"container\" data-e-type=\"container\" data-settings=\"{&quot;background_background&quot;:&quot;classic&quot;,&quot;jet_parallax_layout_list&quot;:[]}\">\n\t\t\t\t<div class=\"elementor-element elementor-element-7b271e0 elementor-widget elementor-widget-heading\" data-id=\"7b271e0\" data-element_type=\"widget\" data-e-type=\"widget\" data-widget_type=\"heading.default\">\n\t\t\t\t<div class=\"elementor-widget-container\">\n\t\t\t\t\t<div class=\"elementor-heading-title elementor-size-default\"><a href=\"#Utopia\">Utopia<\/a><\/div>\t\t\t\t<\/div>\n\t\t\t\t<\/div>\n\t\t\t\t<\/div>\n\t\t<div class=\"elementor-element elementor-element-bcb6fe5 e-con-full e-flex e-con e-child\" data-id=\"bcb6fe5\" data-element_type=\"container\" data-e-type=\"container\" data-settings=\"{&quot;background_background&quot;:&quot;classic&quot;,&quot;jet_parallax_layout_list&quot;:[]}\">\n\t\t\t\t<div class=\"elementor-element elementor-element-e5291b2 elementor-widget elementor-widget-heading\" data-id=\"e5291b2\" data-element_type=\"widget\" data-e-type=\"widget\" data-widget_type=\"heading.default\">\n\t\t\t\t<div class=\"elementor-widget-container\">\n\t\t\t\t\t<div class=\"elementor-heading-title elementor-size-default\"><a href=\"#Escapism\">Escapism<\/a><\/div>\t\t\t\t<\/div>\n\t\t\t\t<\/div>\n\t\t\t\t<\/div>\n\t\t<div class=\"elementor-element elementor-element-b564089 e-con-full e-flex e-con e-child\" data-id=\"b564089\" data-element_type=\"container\" data-e-type=\"container\" data-settings=\"{&quot;background_background&quot;:&quot;classic&quot;,&quot;jet_parallax_layout_list&quot;:[]}\">\n\t\t\t\t<div class=\"elementor-element elementor-element-b3be61a elementor-widget elementor-widget-heading\" data-id=\"b3be61a\" data-element_type=\"widget\" data-e-type=\"widget\" data-widget_type=\"heading.default\">\n\t\t\t\t<div class=\"elementor-widget-container\">\n\t\t\t\t\t<div class=\"elementor-heading-title elementor-size-default\"><a href=\"#reflect\">Reflect<\/a><\/div>\t\t\t\t<\/div>\n\t\t\t\t<\/div>\n\t\t\t\t<\/div>\n\t\t\t\t<\/div>\n\t\t<div class=\"elementor-element elementor-element-59b95b9 e-flex e-con-boxed e-con e-parent\" data-id=\"59b95b9\" data-element_type=\"container\" data-e-type=\"container\" data-settings=\"{&quot;jet_parallax_layout_list&quot;:[]}\">\n\t\t\t\t\t<div class=\"e-con-inner\">\n\t\t\t\t<div class=\"elementor-element elementor-element-31e4012 elementor-widget elementor-widget-heading\" data-id=\"31e4012\" data-element_type=\"widget\" data-e-type=\"widget\" id=\"Awareness\" data-widget_type=\"heading.default\">\n\t\t\t\t<div class=\"elementor-widget-container\">\n\t\t\t\t\t<h3 class=\"elementor-heading-title elementor-size-default\">Awareness\n<\/h3>\t\t\t\t<\/div>\n\t\t\t\t<\/div>\n\t\t\t\t<div class=\"elementor-element elementor-element-35f92c7 elementor-widget elementor-widget-text-editor\" data-id=\"35f92c7\" data-element_type=\"widget\" data-e-type=\"widget\" data-widget_type=\"text-editor.default\">\n\t\t\t\t<div class=\"elementor-widget-container\">\n\t\t\t\t\t\t\t\t\t<p>Der Trend, den wir Awareness nennen, war bereits einer der letzten Makrotrends. Grund daf\u00fcr ist, dass Awareness eigentlich kein Trend ist, vielmehr ist es eine Entscheidung und Haltung, die wir bewusst f\u00fcr einen Lebensstil treffen. Verantwortungsbewusstsein und das Wohlergehen von Mensch und Umwelt machen diesen Trend aus.<\/p>\n\t\t\t\t\t\t\t\t<\/div>\n\t\t\t\t<\/div>\n\t\t\t\t<div class=\"elementor-element elementor-element-4149dc9 elementor-widget elementor-widget-image\" data-id=\"4149dc9\" data-element_type=\"widget\" data-e-type=\"widget\" data-widget_type=\"image.default\">\n\t\t\t\t<div class=\"elementor-widget-container\">\n\t\t\t\t\t\t\t\t\t\t\t\t\t\t\t<img decoding=\"async\" width=\"1000\" height=\"625\" src=\"https:\/\/kahrs.ch\/wp-content\/uploads\/2024\/02\/trends-2024-awarness.jpg\" class=\"attachment-full size-full wp-image-15336\" alt=\"\" srcset=\"https:\/\/kahrs.ch\/wp-content\/uploads\/2024\/02\/trends-2024-awarness.jpg 1000w, https:\/\/kahrs.ch\/wp-content\/uploads\/2024\/02\/trends-2024-awarness-600x375.jpg 600w, https:\/\/kahrs.ch\/wp-content\/uploads\/2024\/02\/trends-2024-awarness-300x188.jpg 300w, https:\/\/kahrs.ch\/wp-content\/uploads\/2024\/02\/trends-2024-awarness-768x480.jpg 768w\" sizes=\"(max-width: 1000px) 100vw, 1000px\" \/>\t\t\t\t\t\t\t\t\t\t\t\t\t\t\t<\/div>\n\t\t\t\t<\/div>\n\t\t\t\t<div class=\"elementor-element elementor-element-8691b44 elementor-widget elementor-widget-text-editor\" data-id=\"8691b44\" data-element_type=\"widget\" data-e-type=\"widget\" data-widget_type=\"text-editor.default\">\n\t\t\t\t<div class=\"elementor-widget-container\">\n\t\t\t\t\t\t\t\t\t<p><em>\u201cDieser Bewusstseinswandel beim Verbraucher hat zu einer neuen Designphilosophie gef\u00fchrt, die ehrliche und zeitlose Materialien in den Fokus r\u00fcckt. Vorbei sind die Zeiten, in denen Schnelligkeit und ein erschwinglicher Preis die Hauptkriterien sind. Stattdessen suchen wir nach Materialien und Designs, die best\u00e4ndig sind, die uns auf einer tieferen Ebene ansprechen und unseren Co2 Fussabdruck minimieren.\u201d<\/em><\/p>\n<p>Die Bodenbel\u00e4ge bei \u201eAwareness\u201c zeigen sich in zeitlosen neutralen T\u00f6nen und eignen sich f\u00fcr die Gestaltung von gehobenen Designs und f\u00fcr ruhigere Looks. Mit Natur und Nachhaltigkeit als Hauptthema, sind die neutralen Farbpaletten bei diesem Trend oft von Organic-Materialien inspiriert.<\/p>\n\t\t\t\t\t\t\t\t<\/div>\n\t\t\t\t<\/div>\n\t\t\t\t\t<\/div>\n\t\t\t\t<\/div>\n\t\t<div class=\"elementor-element elementor-element-d959f56 e-flex e-con-boxed e-con e-parent\" data-id=\"d959f56\" data-element_type=\"container\" data-e-type=\"container\" data-settings=\"{&quot;jet_parallax_layout_list&quot;:[]}\">\n\t\t\t\t\t<div class=\"e-con-inner\">\n\t\t\t\t<div class=\"elementor-element elementor-element-0b159bb elementor-widget elementor-widget-heading\" data-id=\"0b159bb\" data-element_type=\"widget\" data-e-type=\"widget\" id=\"Utopia\" data-widget_type=\"heading.default\">\n\t\t\t\t<div class=\"elementor-widget-container\">\n\t\t\t\t\t<h3 class=\"elementor-heading-title elementor-size-default\">Utopia<\/h3>\t\t\t\t<\/div>\n\t\t\t\t<\/div>\n\t\t\t\t<div class=\"elementor-element elementor-element-3db3b5d elementor-widget elementor-widget-text-editor\" data-id=\"3db3b5d\" data-element_type=\"widget\" data-e-type=\"widget\" data-widget_type=\"text-editor.default\">\n\t\t\t\t<div class=\"elementor-widget-container\">\n\t\t\t\t\t\t\t\t\t<p>In Zeiten der Unsicherheit und raschen Ver\u00e4nderungen suchen wir alle nach einem Ort, an dem wir Frieden und Ruhe finden, ein Utopia, in dem Hoffnung und Optimismus herrschen. Wasser, das immer ein Symbol f\u00fcr Leben und Reinheit war, erscheint als ultimatives Heiligtum, ein heiliger Zufluchtsort, an dem wir, wir selbst sein k\u00f6nnen.<\/p>\n\t\t\t\t\t\t\t\t<\/div>\n\t\t\t\t<\/div>\n\t\t\t\t<div class=\"elementor-element elementor-element-b713d90 elementor-widget elementor-widget-image\" data-id=\"b713d90\" data-element_type=\"widget\" data-e-type=\"widget\" data-widget_type=\"image.default\">\n\t\t\t\t<div class=\"elementor-widget-container\">\n\t\t\t\t\t\t\t\t\t\t\t\t\t\t\t<img decoding=\"async\" width=\"1000\" height=\"625\" src=\"https:\/\/kahrs.ch\/wp-content\/uploads\/2024\/02\/trends-2024-utopia.jpg\" class=\"attachment-full size-full wp-image-15342\" alt=\"\" srcset=\"https:\/\/kahrs.ch\/wp-content\/uploads\/2024\/02\/trends-2024-utopia.jpg 1000w, https:\/\/kahrs.ch\/wp-content\/uploads\/2024\/02\/trends-2024-utopia-600x375.jpg 600w, https:\/\/kahrs.ch\/wp-content\/uploads\/2024\/02\/trends-2024-utopia-300x188.jpg 300w, https:\/\/kahrs.ch\/wp-content\/uploads\/2024\/02\/trends-2024-utopia-768x480.jpg 768w\" sizes=\"(max-width: 1000px) 100vw, 1000px\" \/>\t\t\t\t\t\t\t\t\t\t\t\t\t\t\t<\/div>\n\t\t\t\t<\/div>\n\t\t\t\t<div class=\"elementor-element elementor-element-e88664c elementor-widget elementor-widget-text-editor\" data-id=\"e88664c\" data-element_type=\"widget\" data-e-type=\"widget\" data-widget_type=\"text-editor.default\">\n\t\t\t\t<div class=\"elementor-widget-container\">\n\t\t\t\t\t\t\t\t\t<p><em>\u201cBei diesem Trend blicken wir hoffnungsvoll und positiv in die Zukunft. Diese ist kein fremder negativer Ort, sondern eine vertraute Umgebung, die Ruhe und Zuversicht bietet. Die Ruhe von Utopia dient als Br\u00fccke zwischen Vergangenheit und Zukunft, einer Retro-Zukunft, in der alte Ideen mit neuen M\u00f6glichkeiten verschmelzen.\u201d<\/em><\/p>\n<p>\u201eUtopia\u201c definiert sich durch \u201ewir zeigen, wer wir sind\u201c. Dabei nutzen wir Farben und wellige Formen spielerisch. Bodenbel\u00e4ge d\u00fcrfen hier raumeinehmend und expressiv sein &#8211; am besten in Kombination mit einer Inneneinrichtung in nostalgischen Pastellt\u00f6nen, wobei Apricot die Hauptrolle in der Farbpalette spielt.<\/p>\n<p>Die Bodenbel\u00e4ge bei \u201eAwareness\u201c zeigen sich in zeitlosen neutralen T\u00f6nen und eignen sich f\u00fcr die Gestaltung von gehobenen Designs und f\u00fcr ruhigere Looks. Mit Natur und Nachhaltigkeit als Hauptthema, sind die neutralen Farbpaletten bei diesem Trend oft von Organic-Materialien inspiriert.<\/p>\n\t\t\t\t\t\t\t\t<\/div>\n\t\t\t\t<\/div>\n\t\t\t\t\t<\/div>\n\t\t\t\t<\/div>\n\t\t<div class=\"elementor-element elementor-element-121cd71 e-flex e-con-boxed e-con e-parent\" data-id=\"121cd71\" data-element_type=\"container\" data-e-type=\"container\" id=\"Escapism\" data-settings=\"{&quot;jet_parallax_layout_list&quot;:[]}\">\n\t\t\t\t\t<div class=\"e-con-inner\">\n\t\t\t\t<div class=\"elementor-element elementor-element-690c67d elementor-widget elementor-widget-heading\" data-id=\"690c67d\" data-element_type=\"widget\" data-e-type=\"widget\" data-widget_type=\"heading.default\">\n\t\t\t\t<div class=\"elementor-widget-container\">\n\t\t\t\t\t<h3 class=\"elementor-heading-title elementor-size-default\">Escapism<\/h3>\t\t\t\t<\/div>\n\t\t\t\t<\/div>\n\t\t\t\t<div class=\"elementor-element elementor-element-248fe8b elementor-widget elementor-widget-text-editor\" data-id=\"248fe8b\" data-element_type=\"widget\" data-e-type=\"widget\" data-widget_type=\"text-editor.default\">\n\t\t\t\t<div class=\"elementor-widget-container\">\n\t\t\t\t\t\t\t\t\t<p>In einer Welt st\u00e4ndiger Ver\u00e4nderungen suchen wir verschiedene Wege, um dem Alltagsstress zu entkommen. Eskapismus ist hier mehr als nur eine mentale Ablenkung; er wird zu einer Kunstform, die sich im Geheimnisvollen widerspiegelt, zum Nachdenken anregt und neue Technologien f\u00f6rdert, die wiederum neue Welten \u00f6ffnen.<\/p>\n\t\t\t\t\t\t\t\t<\/div>\n\t\t\t\t<\/div>\n\t\t\t\t<div class=\"elementor-element elementor-element-ddc0492 elementor-widget elementor-widget-image\" data-id=\"ddc0492\" data-element_type=\"widget\" data-e-type=\"widget\" data-widget_type=\"image.default\">\n\t\t\t\t<div class=\"elementor-widget-container\">\n\t\t\t\t\t\t\t\t\t\t\t\t\t\t\t<img loading=\"lazy\" decoding=\"async\" width=\"1000\" height=\"625\" src=\"https:\/\/kahrs.ch\/wp-content\/uploads\/2024\/02\/trends-2024-escapism.jpg\" class=\"attachment-full size-full wp-image-15351\" alt=\"\" srcset=\"https:\/\/kahrs.ch\/wp-content\/uploads\/2024\/02\/trends-2024-escapism.jpg 1000w, https:\/\/kahrs.ch\/wp-content\/uploads\/2024\/02\/trends-2024-escapism-600x375.jpg 600w, https:\/\/kahrs.ch\/wp-content\/uploads\/2024\/02\/trends-2024-escapism-300x188.jpg 300w, https:\/\/kahrs.ch\/wp-content\/uploads\/2024\/02\/trends-2024-escapism-768x480.jpg 768w\" sizes=\"(max-width: 1000px) 100vw, 1000px\" \/>\t\t\t\t\t\t\t\t\t\t\t\t\t\t\t<\/div>\n\t\t\t\t<\/div>\n\t\t\t\t<div class=\"elementor-element elementor-element-b88cd28 elementor-widget elementor-widget-text-editor\" data-id=\"b88cd28\" data-element_type=\"widget\" data-e-type=\"widget\" data-widget_type=\"text-editor.default\">\n\t\t\t\t<div class=\"elementor-widget-container\">\n\t\t\t\t\t\t\t\t\t<p><em>\u201cNeben geheimnisvollen Elementen und Technologien, geht es beim Eskapismus-Trend um Farben, die ein behagliches Ambiente schaffen und um luxuri\u00f6se Materialien.\u201d<\/em><\/p>\n<p>Die durch den Eskapismus-Trend inspirierten B\u00f6den sind dunkel und ausdrucksstark f\u00fcr die Gestaltung wohnlicher R\u00e4ume mit taktilen Materialien und abgerundeten Formen. Die Farbpalette ist dunkel und urig, die Sch\u00f6nheit liegt hier in rustikalen Grundmaterialien.<\/p>\n\t\t\t\t\t\t\t\t<\/div>\n\t\t\t\t<\/div>\n\t\t\t\t\t<\/div>\n\t\t\t\t<\/div>\n\t\t<div class=\"elementor-element elementor-element-7afae64 e-flex e-con-boxed e-con e-parent\" data-id=\"7afae64\" data-element_type=\"container\" data-e-type=\"container\" data-settings=\"{&quot;jet_parallax_layout_list&quot;:[]}\">\n\t\t\t\t\t<div class=\"e-con-inner\">\n\t\t\t\t<div class=\"elementor-element elementor-element-cd2c4b3 elementor-widget elementor-widget-heading\" data-id=\"cd2c4b3\" data-element_type=\"widget\" data-e-type=\"widget\" id=\"reflect\" data-widget_type=\"heading.default\">\n\t\t\t\t<div class=\"elementor-widget-container\">\n\t\t\t\t\t<h3 class=\"elementor-heading-title elementor-size-default\">Reflect<\/h3>\t\t\t\t<\/div>\n\t\t\t\t<\/div>\n\t\t\t\t<div class=\"elementor-element elementor-element-f80d729 elementor-widget elementor-widget-text-editor\" data-id=\"f80d729\" data-element_type=\"widget\" data-e-type=\"widget\" data-widget_type=\"text-editor.default\">\n\t\t\t\t<div class=\"elementor-widget-container\">\n\t\t\t\t\t\t\t\t\t<p>In einer schnelllebigen Welt ist es wichtig, innezuhalten und zu reflektieren. Luft, das Element, das immer um uns herum ist, aber selten gesehen wird, wird zum Symbol. Es erinnert uns wieder daran zu atmen und Balance im Leben zu finden.<\/p>\n\t\t\t\t\t\t\t\t<\/div>\n\t\t\t\t<\/div>\n\t\t\t\t<div class=\"elementor-element elementor-element-85c9636 elementor-widget elementor-widget-image\" data-id=\"85c9636\" data-element_type=\"widget\" data-e-type=\"widget\" data-widget_type=\"image.default\">\n\t\t\t\t<div class=\"elementor-widget-container\">\n\t\t\t\t\t\t\t\t\t\t\t\t\t\t\t<img loading=\"lazy\" decoding=\"async\" width=\"1000\" height=\"625\" src=\"https:\/\/kahrs.ch\/wp-content\/uploads\/2024\/02\/trends-2024-reflect.jpg\" class=\"attachment-full size-full wp-image-15357\" alt=\"\" srcset=\"https:\/\/kahrs.ch\/wp-content\/uploads\/2024\/02\/trends-2024-reflect.jpg 1000w, https:\/\/kahrs.ch\/wp-content\/uploads\/2024\/02\/trends-2024-reflect-600x375.jpg 600w, https:\/\/kahrs.ch\/wp-content\/uploads\/2024\/02\/trends-2024-reflect-300x188.jpg 300w, https:\/\/kahrs.ch\/wp-content\/uploads\/2024\/02\/trends-2024-reflect-768x480.jpg 768w\" sizes=\"(max-width: 1000px) 100vw, 1000px\" \/>\t\t\t\t\t\t\t\t\t\t\t\t\t\t\t<\/div>\n\t\t\t\t<\/div>\n\t\t\t\t<div class=\"elementor-element elementor-element-5e68c84 elementor-widget elementor-widget-text-editor\" data-id=\"5e68c84\" data-element_type=\"widget\" data-e-type=\"widget\" data-widget_type=\"text-editor.default\">\n\t\t\t\t<div class=\"elementor-widget-container\">\n\t\t\t\t\t\t\t\t\t<p><em>\u201cInspiriert von der Natur und ihren gr\u00fcnen Wundern, streben wir einen Lebensstil an, der so ausgewogen ist wie das \u00d6kosystem, aus dem wir entstammen. Dabei geht nicht nur um k\u00f6rperliches Wohlbefinden, sondern auch um eine geistige Haltung und eine R\u00fcckkehr zu dem, was sich vertraut und authentisch anf\u00fchlt.\u201d<br \/><\/em>Der \u201eReflect\u201c Trend bedeutet, sich der Natur und ihrer nat\u00fcrlichen Rohstoffe als Inspirationsquelle zuzuwenden, eine M\u00f6glichkeit, sich an die einfachen Dinge im Leben zu erinnern und diese zu sch\u00e4tzen. Materialien und Handwerkskunst stehen bei diesem Trend im Vordergrund.<\/p>\n<p>F\u00fcr Menschen, die sich mit \u201eReflect\u201c identifizieren, sind Bodenbel\u00e4ge hier nicht nur reiner Belag, sondern erz\u00e4hlen Geschichten. Die Farbpalette f\u00fcr Inneneinrichtung und Bodenbelag umfasst hier Erdt\u00f6ne, Gr\u00fcnt\u00f6ne sowie Lehmt\u00f6ne- und Texturen.<\/p>\n\t\t\t\t\t\t\t\t<\/div>\n\t\t\t\t<\/div>\n\t\t\t\t\t<\/div>\n\t\t\t\t<\/div>\n\t\t<div class=\"elementor-element elementor-element-235df6dc animated-slow e-flex e-con-boxed elementor-invisible e-con e-parent\" data-id=\"235df6dc\" data-element_type=\"container\" data-e-type=\"container\" data-settings=\"{&quot;jet_parallax_layout_list&quot;:[],&quot;animation&quot;:&quot;slideInLeft&quot;}\">\n\t\t\t\t\t<div class=\"e-con-inner\">\n\t\t<div class=\"elementor-element elementor-element-1575b3bd e-con-full e-flex e-con e-child\" data-id=\"1575b3bd\" data-element_type=\"container\" data-e-type=\"container\" data-settings=\"{&quot;jet_parallax_layout_list&quot;:[]}\">\n\t\t\t\t<div class=\"elementor-element elementor-element-316ca183 elementor-widget elementor-widget-heading\" data-id=\"316ca183\" data-element_type=\"widget\" data-e-type=\"widget\" data-widget_type=\"heading.default\">\n\t\t\t\t<div class=\"elementor-widget-container\">\n\t\t\t\t\t<h2 class=\"elementor-heading-title elementor-size-default\">Trendb\u00f6den f\u00fcr 2024<\/h2>\t\t\t\t<\/div>\n\t\t\t\t<\/div>\n\t\t\t\t<div class=\"elementor-element elementor-element-48b31be7 elementor-widget elementor-widget-jet-woo-products\" data-id=\"48b31be7\" data-element_type=\"widget\" data-e-type=\"widget\" data-settings=\"{&quot;columns&quot;:&quot;5&quot;,&quot;columns_mobile&quot;:&quot;3&quot;}\" data-widget_type=\"jet-woo-products.default\">\n\t\t\t\t<div class=\"elementor-widget-container\">\n\t\t\t\t\t<div class=\"elementor-jet-woo-products jet-woo-builder\"><div class=\"jet-woo-products jet-woo-products--preset-1 col-row  \" data-mobile-hover=\"\" >\n<div class=\"jet-woo-products__item jet-woo-builder-product jet-woo-thumb-with-effect\" data-product-id=\"20294\">\n\t<div class=\"jet-woo-products__inner-box\"  >\n\t\t\n<div class=\"jet-woo-product-thumbnail\">\n\t\n\t<a href=\"https:\/\/kahrs.ch\/de\/produkt\/n115-15\/\"><img decoding=\"async\" width=\"300\" height=\"300\" src=\"https:\/\/kahrs.ch\/wp-content\/uploads\/2025\/08\/s-115.15-300x300.jpg\" class=\"attachment-woocommerce_thumbnail size-woocommerce_thumbnail\" alt=\"\" data-no-lazy=\"1\" loading=\"auto\" \/><\/a>\n\t<div class=\"jet-woo-product-img-overlay\"><\/div>\n\n\t\n\t<\/div><div class=\"jet-woo-product-title\"><a href=\"https:\/\/kahrs.ch\/de\/produkt\/n115-15\/\">N\u00b0115.15<\/a><\/div>\n<div class=\"jet-woo-products-cqw-wrapper\">\n\t<\/div>\t<\/div>\n\n\t<\/div>\n<div class=\"jet-woo-products__item jet-woo-builder-product jet-woo-thumb-with-effect\" data-product-id=\"20293\">\n\t<div class=\"jet-woo-products__inner-box\"  >\n\t\t\n<div class=\"jet-woo-product-thumbnail\">\n\t\n\t<a href=\"https:\/\/kahrs.ch\/de\/produkt\/n115-1\/\"><img decoding=\"async\" width=\"300\" height=\"300\" src=\"https:\/\/kahrs.ch\/wp-content\/uploads\/2025\/08\/s-115.1-300x300.jpg\" class=\"attachment-woocommerce_thumbnail size-woocommerce_thumbnail\" alt=\"\" data-no-lazy=\"1\" loading=\"auto\" \/><\/a>\n\t<div class=\"jet-woo-product-img-overlay\"><\/div>\n\n\t\n\t<\/div><div class=\"jet-woo-product-title\"><a href=\"https:\/\/kahrs.ch\/de\/produkt\/n115-1\/\">N\u00b0115.1<\/a><\/div>\n<div class=\"jet-woo-products-cqw-wrapper\">\n\t<\/div>\t<\/div>\n\n\t<\/div>\n<div class=\"jet-woo-products__item jet-woo-builder-product jet-woo-thumb-with-effect\" data-product-id=\"20292\">\n\t<div class=\"jet-woo-products__inner-box\"  >\n\t\t\n<div class=\"jet-woo-product-thumbnail\">\n\t\n\t<a href=\"https:\/\/kahrs.ch\/de\/produkt\/n113-15\/\"><img decoding=\"async\" width=\"300\" height=\"300\" src=\"https:\/\/kahrs.ch\/wp-content\/uploads\/2025\/08\/s-113.15-300x300.jpg\" class=\"attachment-woocommerce_thumbnail size-woocommerce_thumbnail\" alt=\"\" data-no-lazy=\"1\" loading=\"auto\" \/><\/a>\n\t<div class=\"jet-woo-product-img-overlay\"><\/div>\n\n\t\n\t<\/div><div class=\"jet-woo-product-title\"><a href=\"https:\/\/kahrs.ch\/de\/produkt\/n113-15\/\">N\u00b0113.15<\/a><\/div>\n<div class=\"jet-woo-products-cqw-wrapper\">\n\t<\/div>\t<\/div>\n\n\t<\/div>\n<div class=\"jet-woo-products__item jet-woo-builder-product jet-woo-thumb-with-effect\" data-product-id=\"20295\">\n\t<div class=\"jet-woo-products__inner-box\"  >\n\t\t\n<div class=\"jet-woo-product-thumbnail\">\n\t\n\t<a href=\"https:\/\/kahrs.ch\/de\/produkt\/n113-1\/\"><img decoding=\"async\" width=\"300\" height=\"300\" src=\"https:\/\/kahrs.ch\/wp-content\/uploads\/2025\/08\/s-113.1-300x300.jpg\" class=\"attachment-woocommerce_thumbnail size-woocommerce_thumbnail\" alt=\"\" data-no-lazy=\"1\" loading=\"auto\" \/><\/a>\n\t<div class=\"jet-woo-product-img-overlay\"><\/div>\n\n\t\n\t<\/div><div class=\"jet-woo-product-title\"><a href=\"https:\/\/kahrs.ch\/de\/produkt\/n113-1\/\">N\u00b0113.1<\/a><\/div>\n<div class=\"jet-woo-products-cqw-wrapper\">\n\t<\/div>\t<\/div>\n\n\t<\/div>\n<div class=\"jet-woo-products__item jet-woo-builder-product jet-woo-thumb-with-effect\" data-product-id=\"20063\">\n\t<div class=\"jet-woo-products__inner-box\"  >\n\t\t\n<div class=\"jet-woo-product-thumbnail\">\n\t\n\t<a href=\"https:\/\/kahrs.ch\/de\/produkt\/n109-3\/\"><div class=\"jet-woo-product-thumbs effect-fade\"><div class=\"jet-woo-product-thumbs__inner\"><img decoding=\"async\" width=\"300\" height=\"300\" src=\"https:\/\/kahrs.ch\/wp-content\/uploads\/2025\/06\/s-109.3-300x300.jpg\" class=\"attachment-woocommerce_thumbnail size-woocommerce_thumbnail\" alt=\"\" data-no-lazy=\"1\" loading=\"auto\" \/><img decoding=\"async\" width=\"300\" height=\"300\" src=\"https:\/\/kahrs.ch\/wp-content\/uploads\/2025\/06\/a-109.3-300x300.jpg\" class=\"attachment-woocommerce_thumbnail size-woocommerce_thumbnail\" alt=\"\" data-no-lazy=\"1\" loading=\"auto\" \/><\/div><\/div><\/a>\n\t<div class=\"jet-woo-product-img-overlay\"><\/div>\n\n\t\n\t<\/div><div class=\"jet-woo-product-title\"><a href=\"https:\/\/kahrs.ch\/de\/produkt\/n109-3\/\">N\u00b0109.3<\/a><\/div>\n<div class=\"jet-woo-products-cqw-wrapper\">\n\t<\/div>\t<\/div>\n\n\t<\/div>\n<div class=\"jet-woo-products__item jet-woo-builder-product jet-woo-thumb-with-effect\" data-product-id=\"20067\">\n\t<div class=\"jet-woo-products__inner-box\"  >\n\t\t\n<div class=\"jet-woo-product-thumbnail\">\n\t\n\t<a href=\"https:\/\/kahrs.ch\/de\/produkt\/n109-15\/\"><div class=\"jet-woo-product-thumbs effect-fade\"><div class=\"jet-woo-product-thumbs__inner\"><img decoding=\"async\" width=\"300\" height=\"300\" src=\"https:\/\/kahrs.ch\/wp-content\/uploads\/2025\/06\/s-109.15-300x300.jpg\" class=\"attachment-woocommerce_thumbnail size-woocommerce_thumbnail\" alt=\"\" data-no-lazy=\"1\" loading=\"auto\" \/><img decoding=\"async\" width=\"300\" height=\"300\" src=\"https:\/\/kahrs.ch\/wp-content\/uploads\/2025\/06\/a-109.15-300x300.jpg\" class=\"attachment-woocommerce_thumbnail size-woocommerce_thumbnail\" alt=\"\" data-no-lazy=\"1\" loading=\"auto\" \/><\/div><\/div><\/a>\n\t<div class=\"jet-woo-product-img-overlay\"><\/div>\n\n\t\n\t<\/div><div class=\"jet-woo-product-title\"><a href=\"https:\/\/kahrs.ch\/de\/produkt\/n109-15\/\">N\u00b0109.15<\/a><\/div>\n<div class=\"jet-woo-products-cqw-wrapper\">\n\t<\/div>\t<\/div>\n\n\t<\/div>\n<div class=\"jet-woo-products__item jet-woo-builder-product jet-woo-thumb-with-effect\" data-product-id=\"20066\">\n\t<div class=\"jet-woo-products__inner-box\"  >\n\t\t\n<div class=\"jet-woo-product-thumbnail\">\n\t\n\t<a href=\"https:\/\/kahrs.ch\/de\/produkt\/n108-3\/\"><div class=\"jet-woo-product-thumbs effect-fade\"><div class=\"jet-woo-product-thumbs__inner\"><img decoding=\"async\" width=\"300\" height=\"300\" src=\"https:\/\/kahrs.ch\/wp-content\/uploads\/2025\/06\/s-108.3-300x300.jpg\" class=\"attachment-woocommerce_thumbnail size-woocommerce_thumbnail\" alt=\"\" data-no-lazy=\"1\" loading=\"auto\" \/><img decoding=\"async\" width=\"300\" height=\"300\" src=\"https:\/\/kahrs.ch\/wp-content\/uploads\/2025\/06\/a-108.3-300x300.jpg\" class=\"attachment-woocommerce_thumbnail size-woocommerce_thumbnail\" alt=\"\" data-no-lazy=\"1\" loading=\"auto\" \/><\/div><\/div><\/a>\n\t<div class=\"jet-woo-product-img-overlay\"><\/div>\n\n\t\n\t<\/div><div class=\"jet-woo-product-title\"><a href=\"https:\/\/kahrs.ch\/de\/produkt\/n108-3\/\">N\u00b0108.3<\/a><\/div>\n<div class=\"jet-woo-products-cqw-wrapper\">\n\t<\/div>\t<\/div>\n\n\t<\/div>\n<div class=\"jet-woo-products__item jet-woo-builder-product jet-woo-thumb-with-effect\" data-product-id=\"20065\">\n\t<div class=\"jet-woo-products__inner-box\"  >\n\t\t\n<div class=\"jet-woo-product-thumbnail\">\n\t\n\t<a href=\"https:\/\/kahrs.ch\/de\/produkt\/n109-1\/\"><div class=\"jet-woo-product-thumbs effect-fade\"><div class=\"jet-woo-product-thumbs__inner\"><img decoding=\"async\" width=\"300\" height=\"300\" src=\"https:\/\/kahrs.ch\/wp-content\/uploads\/2025\/06\/s-109.1-300x300.jpg\" class=\"attachment-woocommerce_thumbnail size-woocommerce_thumbnail\" alt=\"\" data-no-lazy=\"1\" loading=\"auto\" \/><img decoding=\"async\" width=\"300\" height=\"300\" src=\"https:\/\/kahrs.ch\/wp-content\/uploads\/2025\/06\/a-109.1-300x300.jpg\" class=\"attachment-woocommerce_thumbnail size-woocommerce_thumbnail\" alt=\"\" data-no-lazy=\"1\" loading=\"auto\" \/><\/div><\/div><\/a>\n\t<div class=\"jet-woo-product-img-overlay\"><\/div>\n\n\t\n\t<\/div><div class=\"jet-woo-product-title\"><a href=\"https:\/\/kahrs.ch\/de\/produkt\/n109-1\/\">N\u00b0109.1<\/a><\/div>\n<div class=\"jet-woo-products-cqw-wrapper\">\n\t<\/div>\t<\/div>\n\n\t<\/div>\n<div class=\"jet-woo-products__item jet-woo-builder-product jet-woo-thumb-with-effect\" data-product-id=\"20064\">\n\t<div class=\"jet-woo-products__inner-box\"  >\n\t\t\n<div class=\"jet-woo-product-thumbnail\">\n\t\n\t<a href=\"https:\/\/kahrs.ch\/de\/produkt\/n108-1\/\"><div class=\"jet-woo-product-thumbs effect-fade\"><div class=\"jet-woo-product-thumbs__inner\"><img decoding=\"async\" width=\"300\" height=\"300\" src=\"https:\/\/kahrs.ch\/wp-content\/uploads\/2025\/06\/s-108.1-300x300.jpg\" class=\"attachment-woocommerce_thumbnail size-woocommerce_thumbnail\" alt=\"\" data-no-lazy=\"1\" loading=\"auto\" \/><img decoding=\"async\" width=\"300\" height=\"300\" src=\"https:\/\/kahrs.ch\/wp-content\/uploads\/2025\/06\/a-108.1-300x300.jpg\" class=\"attachment-woocommerce_thumbnail size-woocommerce_thumbnail\" alt=\"\" data-no-lazy=\"1\" loading=\"auto\" \/><\/div><\/div><\/a>\n\t<div class=\"jet-woo-product-img-overlay\"><\/div>\n\n\t\n\t<\/div><div class=\"jet-woo-product-title\"><a href=\"https:\/\/kahrs.ch\/de\/produkt\/n108-1\/\">N\u00b0108.1<\/a><\/div>\n<div class=\"jet-woo-products-cqw-wrapper\">\n\t<\/div>\t<\/div>\n\n\t<\/div>\n<div class=\"jet-woo-products__item jet-woo-builder-product jet-woo-thumb-with-effect\" data-product-id=\"19933\">\n\t<div class=\"jet-woo-products__inner-box\"  >\n\t\t\n<div class=\"jet-woo-product-thumbnail\">\n\t\n\t<a href=\"https:\/\/kahrs.ch\/de\/produkt\/n111-6\/\"><div class=\"jet-woo-product-thumbs effect-fade\"><div class=\"jet-woo-product-thumbs__inner\"><img decoding=\"async\" width=\"300\" height=\"300\" src=\"https:\/\/kahrs.ch\/wp-content\/uploads\/2025\/05\/s-111.6-300x300.jpg\" class=\"attachment-woocommerce_thumbnail size-woocommerce_thumbnail\" alt=\"\" data-no-lazy=\"1\" loading=\"auto\" \/><img decoding=\"async\" width=\"300\" height=\"300\" src=\"https:\/\/kahrs.ch\/wp-content\/uploads\/2025\/05\/a-111.6-300x300.jpg\" class=\"attachment-woocommerce_thumbnail size-woocommerce_thumbnail\" alt=\"\" data-no-lazy=\"1\" loading=\"auto\" \/><\/div><\/div><\/a>\n\t<div class=\"jet-woo-product-img-overlay\"><\/div>\n\n\t\n\t<\/div><div class=\"jet-woo-product-title\"><a href=\"https:\/\/kahrs.ch\/de\/produkt\/n111-6\/\">N\u00b0111.6<\/a><\/div>\n<div class=\"jet-woo-products-cqw-wrapper\">\n\t<\/div>\t<\/div>\n\n\t<\/div><\/div>\n<\/div>\t\t\t\t<\/div>\n\t\t\t\t<\/div>\n\t\t\t\t<\/div>\n\t\t\t\t\t<\/div>\n\t\t\t\t<\/div>\n\t\t<div class=\"elementor-element elementor-element-05b5c6e e-con-full e-flex e-con e-parent\" data-id=\"05b5c6e\" data-element_type=\"container\" data-e-type=\"container\" data-settings=\"{&quot;background_background&quot;:&quot;classic&quot;,&quot;jet_parallax_layout_list&quot;:[]}\">\n\t\t<div class=\"elementor-element elementor-element-82edb69 e-flex e-con-boxed e-con e-child\" data-id=\"82edb69\" data-element_type=\"container\" data-e-type=\"container\" data-settings=\"{&quot;jet_parallax_layout_list&quot;:[]}\">\n\t\t\t\t\t<div class=\"e-con-inner\">\n\t\t\t\t<div class=\"elementor-element elementor-element-115f087 elementor-widget elementor-widget-button\" data-id=\"115f087\" data-element_type=\"widget\" data-e-type=\"widget\" data-widget_type=\"button.default\">\n\t\t\t\t<div class=\"elementor-widget-container\">\n\t\t\t\t\t\t\t\t\t<div class=\"elementor-button-wrapper\">\n\t\t\t\t\t<a class=\"elementor-button elementor-button-link elementor-size-sm elementor-animation-grow\" href=\"https:\/\/kahrs.ch\/de\/design-stories\/\">\n\t\t\t\t\t\t<span class=\"elementor-button-content-wrapper\">\n\t\t\t\t\t\t<span class=\"elementor-button-icon\">\n\t\t\t\t<i aria-hidden=\"true\" class=\"fas fa-chevron-right\"><\/i>\t\t\t<\/span>\n\t\t\t\t\t\t\t\t\t<span class=\"elementor-button-text\">Entdecken Sie unsere anderen Design Stories<\/span>\n\t\t\t\t\t<\/span>\n\t\t\t\t\t<\/a>\n\t\t\t\t<\/div>\n\t\t\t\t\t\t\t\t<\/div>\n\t\t\t\t<\/div>\n\t\t\t\t\t<\/div>\n\t\t\t\t<\/div>\n\t\t\t\t<\/div>\n\t\t\t\t<\/div>\n\t\t","protected":false},"excerpt":{"rendered":"<p>hier sind die Trends 2024 DIESE VIER INTERIOR DESIGN TRENDS SIND PR\u00c4GEND IN 2024 Neue Trends bei Innendekorationen und Bodenbel\u00e4gen. K\u00e4hrs Designerin Petra Lundblad ist Vorreiterin, wenn es um innovative Trends geht. Input daf\u00fcr liefern ihr ihre Beobachtungen und Recherchen zu gesellschaftlichen Entwicklungen und Str\u00f6mungen, die sich in der Design-Community abzeichnen. Eine Essenz ihrer Erkenntnisse [&hellip;]<\/p>\n","protected":false},"author":2,"featured_media":15329,"comment_status":"closed","ping_status":"closed","sticky":false,"template":"elementor_header_footer","format":"standard","meta":{"_acf_changed":false,"site-sidebar-layout":"default","site-content-layout":"","ast-site-content-layout":"default","site-content-style":"default","site-sidebar-style":"default","ast-global-header-display":"","ast-banner-title-visibility":"","ast-main-header-display":"","ast-hfb-above-header-display":"","ast-hfb-below-header-display":"","ast-hfb-mobile-header-display":"","site-post-title":"","ast-breadcrumbs-content":"","ast-featured-img":"","footer-sml-layout":"","ast-disable-related-posts":"","theme-transparent-header-meta":"","adv-header-id-meta":"","stick-header-meta":"","header-above-stick-meta":"","header-main-stick-meta":"","header-below-stick-meta":"","astra-migrate-meta-layouts":"default","ast-page-background-enabled":"default","ast-page-background-meta":{"desktop":{"background-color":"var(--ast-global-color-4)","background-image":"","background-repeat":"repeat","background-position":"center center","background-size":"auto","background-attachment":"scroll","background-type":"","background-media":"","overlay-type":"","overlay-color":"","overlay-opacity":"","overlay-gradient":""},"tablet":{"background-color":"","background-image":"","background-repeat":"repeat","background-position":"center center","background-size":"auto","background-attachment":"scroll","background-type":"","background-media":"","overlay-type":"","overlay-color":"","overlay-opacity":"","overlay-gradient":""},"mobile":{"background-color":"","background-image":"","background-repeat":"repeat","background-position":"center center","background-size":"auto","background-attachment":"scroll","background-type":"","background-media":"","overlay-type":"","overlay-color":"","overlay-opacity":"","overlay-gradient":""}},"ast-content-background-meta":{"desktop":{"background-color":"var(--ast-global-color-5)","background-image":"","background-repeat":"repeat","background-position":"center center","background-size":"auto","background-attachment":"scroll","background-type":"","background-media":"","overlay-type":"","overlay-color":"","overlay-opacity":"","overlay-gradient":""},"tablet":{"background-color":"var(--ast-global-color-5)","background-image":"","background-repeat":"repeat","background-position":"center center","background-size":"auto","background-attachment":"scroll","background-type":"","background-media":"","overlay-type":"","overlay-color":"","overlay-opacity":"","overlay-gradient":""},"mobile":{"background-color":"var(--ast-global-color-5)","background-image":"","background-repeat":"repeat","background-position":"center center","background-size":"auto","background-attachment":"scroll","background-type":"","background-media":"","overlay-type":"","overlay-color":"","overlay-opacity":"","overlay-gradient":""}},"footnotes":""},"categories":[2850],"tags":[2854],"lieux-dans-le-monde":[],"references-filtres":[],"class_list":["post-15410","post","type-post","status-publish","format-standard","has-post-thumbnail","hentry","category-artikel","tag-design"],"acf":[],"yoast_head":"<!-- This site is optimized with the Yoast SEO plugin v27.1.1 - https:\/\/yoast.com\/product\/yoast-seo-wordpress\/ -->\n<title>Die Dekorationstrends von 2024 | K\u00e4hrs Switzerland<\/title>\n<meta name=\"description\" content=\"Hier ist der neue Trend f\u00fcr 2024 in Sachen Inneneinrichtung und Bodenbelag, lassen Sie sich inspirieren!\" \/>\n<meta name=\"robots\" content=\"index, follow, max-snippet:-1, max-image-preview:large, max-video-preview:-1\" \/>\n<link rel=\"canonical\" href=\"https:\/\/kahrs.ch\/de\/trends-2024\/\" \/>\n<meta property=\"og:locale\" content=\"de_DE\" \/>\n<meta property=\"og:type\" content=\"article\" \/>\n<meta property=\"og:title\" content=\"Die Dekorationstrends von 2024 | K\u00e4hrs Switzerland\" \/>\n<meta property=\"og:description\" content=\"Hier ist der neue Trend f\u00fcr 2024 in Sachen Inneneinrichtung und Bodenbelag, lassen Sie sich inspirieren!\" \/>\n<meta property=\"og:url\" content=\"https:\/\/kahrs.ch\/de\/trends-2024\/\" \/>\n<meta property=\"og:site_name\" content=\"K\u00e4hrs Switzerland\" \/>\n<meta property=\"article:published_time\" content=\"2024-02-19T16:16:38+00:00\" \/>\n<meta property=\"article:modified_time\" content=\"2024-06-27T11:37:40+00:00\" \/>\n<meta property=\"og:image\" content=\"https:\/\/kahrs.ch\/wp-content\/uploads\/2024\/02\/3.png\" \/>\n\t<meta property=\"og:image:width\" content=\"1000\" \/>\n\t<meta property=\"og:image:height\" content=\"1000\" \/>\n\t<meta property=\"og:image:type\" content=\"image\/png\" \/>\n<meta name=\"author\" content=\"lambert\" \/>\n<meta name=\"twitter:card\" content=\"summary_large_image\" \/>\n<meta name=\"twitter:label1\" content=\"Verfasst von\" \/>\n\t<meta name=\"twitter:data1\" content=\"lambert\" \/>\n\t<meta name=\"twitter:label2\" content=\"Gesch\u00e4tzte Lesezeit\" \/>\n\t<meta name=\"twitter:data2\" content=\"5\u00a0Minuten\" \/>\n<script type=\"application\/ld+json\" class=\"yoast-schema-graph\">{\"@context\":\"https:\/\/schema.org\",\"@graph\":[{\"@type\":\"Article\",\"@id\":\"https:\/\/kahrs.ch\/de\/trends-2024\/#article\",\"isPartOf\":{\"@id\":\"https:\/\/kahrs.ch\/de\/trends-2024\/\"},\"author\":{\"name\":\"lambert\",\"@id\":\"https:\/\/kahrs.ch\/de\/#\/schema\/person\/fa47d4f9de06b223601203e1b4552a31\"},\"headline\":\"Die Dekorationstrends von 2024\",\"datePublished\":\"2024-02-19T16:16:38+00:00\",\"dateModified\":\"2024-06-27T11:37:40+00:00\",\"mainEntityOfPage\":{\"@id\":\"https:\/\/kahrs.ch\/de\/trends-2024\/\"},\"wordCount\":911,\"publisher\":{\"@id\":\"https:\/\/kahrs.ch\/de\/#organization\"},\"image\":{\"@id\":\"https:\/\/kahrs.ch\/de\/trends-2024\/#primaryimage\"},\"thumbnailUrl\":\"https:\/\/kahrs.ch\/wp-content\/uploads\/2024\/02\/3.png\",\"keywords\":[\"Design\"],\"articleSection\":[\"Artikel\"],\"inLanguage\":\"de\"},{\"@type\":\"WebPage\",\"@id\":\"https:\/\/kahrs.ch\/de\/trends-2024\/\",\"url\":\"https:\/\/kahrs.ch\/de\/trends-2024\/\",\"name\":\"Die Dekorationstrends von 2024 | K\u00e4hrs Switzerland\",\"isPartOf\":{\"@id\":\"https:\/\/kahrs.ch\/de\/#website\"},\"primaryImageOfPage\":{\"@id\":\"https:\/\/kahrs.ch\/de\/trends-2024\/#primaryimage\"},\"image\":{\"@id\":\"https:\/\/kahrs.ch\/de\/trends-2024\/#primaryimage\"},\"thumbnailUrl\":\"https:\/\/kahrs.ch\/wp-content\/uploads\/2024\/02\/3.png\",\"datePublished\":\"2024-02-19T16:16:38+00:00\",\"dateModified\":\"2024-06-27T11:37:40+00:00\",\"description\":\"Hier ist der neue Trend f\u00fcr 2024 in Sachen Inneneinrichtung und Bodenbelag, lassen Sie sich inspirieren!\",\"breadcrumb\":{\"@id\":\"https:\/\/kahrs.ch\/de\/trends-2024\/#breadcrumb\"},\"inLanguage\":\"de\",\"potentialAction\":[{\"@type\":\"ReadAction\",\"target\":[\"https:\/\/kahrs.ch\/de\/trends-2024\/\"]}]},{\"@type\":\"ImageObject\",\"inLanguage\":\"de\",\"@id\":\"https:\/\/kahrs.ch\/de\/trends-2024\/#primaryimage\",\"url\":\"https:\/\/kahrs.ch\/wp-content\/uploads\/2024\/02\/3.png\",\"contentUrl\":\"https:\/\/kahrs.ch\/wp-content\/uploads\/2024\/02\/3.png\",\"width\":1000,\"height\":1000},{\"@type\":\"BreadcrumbList\",\"@id\":\"https:\/\/kahrs.ch\/de\/trends-2024\/#breadcrumb\",\"itemListElement\":[{\"@type\":\"ListItem\",\"position\":1,\"name\":\"Accueil\",\"item\":\"https:\/\/kahrs.ch\/de\/kaehrs-parkett-und-vinylboeden\/\"},{\"@type\":\"ListItem\",\"position\":2,\"name\":\"Die Dekorationstrends von 2024\"}]},{\"@type\":\"WebSite\",\"@id\":\"https:\/\/kahrs.ch\/de\/#website\",\"url\":\"https:\/\/kahrs.ch\/de\/\",\"name\":\"K\u00e4hrs Switzerland\",\"description\":\"\",\"publisher\":{\"@id\":\"https:\/\/kahrs.ch\/de\/#organization\"},\"alternateName\":\"K\u00e4hrs Switzerland\",\"potentialAction\":[{\"@type\":\"SearchAction\",\"target\":{\"@type\":\"EntryPoint\",\"urlTemplate\":\"https:\/\/kahrs.ch\/de\/?s={search_term_string}\"},\"query-input\":{\"@type\":\"PropertyValueSpecification\",\"valueRequired\":true,\"valueName\":\"search_term_string\"}}],\"inLanguage\":\"de\"},{\"@type\":\"Organization\",\"@id\":\"https:\/\/kahrs.ch\/de\/#organization\",\"name\":\"K\u00e4hrs Switzerland\",\"url\":\"https:\/\/kahrs.ch\/de\/\",\"logo\":{\"@type\":\"ImageObject\",\"inLanguage\":\"de\",\"@id\":\"https:\/\/kahrs.ch\/de\/#\/schema\/logo\/image\/\",\"url\":\"https:\/\/kahrs.ch\/wp-content\/uploads\/2023\/08\/Kahrs-logotype-without-tagline_Print-150dpi_2-1.jpg\",\"contentUrl\":\"https:\/\/kahrs.ch\/wp-content\/uploads\/2023\/08\/Kahrs-logotype-without-tagline_Print-150dpi_2-1.jpg\",\"width\":421,\"height\":376,\"caption\":\"K\u00e4hrs Switzerland\"},\"image\":{\"@id\":\"https:\/\/kahrs.ch\/de\/#\/schema\/logo\/image\/\"}},{\"@type\":\"Person\",\"@id\":\"https:\/\/kahrs.ch\/de\/#\/schema\/person\/fa47d4f9de06b223601203e1b4552a31\",\"name\":\"lambert\",\"image\":{\"@type\":\"ImageObject\",\"inLanguage\":\"de\",\"@id\":\"https:\/\/kahrs.ch\/de\/#\/schema\/person\/image\/\",\"url\":\"https:\/\/secure.gravatar.com\/avatar\/6151d574894168a5954fae3ee3464dda7e266c271a294f7833b2b957124f9ea6?s=96&d=mm&r=g\",\"contentUrl\":\"https:\/\/secure.gravatar.com\/avatar\/6151d574894168a5954fae3ee3464dda7e266c271a294f7833b2b957124f9ea6?s=96&d=mm&r=g\",\"caption\":\"lambert\"},\"url\":\"https:\/\/kahrs.ch\/de\/author\/lambert\/\"}]}<\/script>\n<!-- \/ Yoast SEO plugin. -->","yoast_head_json":{"title":"Die Dekorationstrends von 2024 | K\u00e4hrs Switzerland","description":"Hier ist der neue Trend f\u00fcr 2024 in Sachen Inneneinrichtung und Bodenbelag, lassen Sie sich inspirieren!","robots":{"index":"index","follow":"follow","max-snippet":"max-snippet:-1","max-image-preview":"max-image-preview:large","max-video-preview":"max-video-preview:-1"},"canonical":"https:\/\/kahrs.ch\/de\/trends-2024\/","og_locale":"de_DE","og_type":"article","og_title":"Die Dekorationstrends von 2024 | K\u00e4hrs Switzerland","og_description":"Hier ist der neue Trend f\u00fcr 2024 in Sachen Inneneinrichtung und Bodenbelag, lassen Sie sich inspirieren!","og_url":"https:\/\/kahrs.ch\/de\/trends-2024\/","og_site_name":"K\u00e4hrs Switzerland","article_published_time":"2024-02-19T16:16:38+00:00","article_modified_time":"2024-06-27T11:37:40+00:00","og_image":[{"url":"https:\/\/kahrs.ch\/wp-content\/uploads\/2024\/02\/3.png","width":1000,"height":1000,"type":"image\/png"}],"author":"lambert","twitter_card":"summary_large_image","twitter_misc":{"Verfasst von":"lambert","Gesch\u00e4tzte Lesezeit":"5\u00a0Minuten"},"schema":{"@context":"https:\/\/schema.org","@graph":[{"@type":"Article","@id":"https:\/\/kahrs.ch\/de\/trends-2024\/#article","isPartOf":{"@id":"https:\/\/kahrs.ch\/de\/trends-2024\/"},"author":{"name":"lambert","@id":"https:\/\/kahrs.ch\/de\/#\/schema\/person\/fa47d4f9de06b223601203e1b4552a31"},"headline":"Die Dekorationstrends von 2024","datePublished":"2024-02-19T16:16:38+00:00","dateModified":"2024-06-27T11:37:40+00:00","mainEntityOfPage":{"@id":"https:\/\/kahrs.ch\/de\/trends-2024\/"},"wordCount":911,"publisher":{"@id":"https:\/\/kahrs.ch\/de\/#organization"},"image":{"@id":"https:\/\/kahrs.ch\/de\/trends-2024\/#primaryimage"},"thumbnailUrl":"https:\/\/kahrs.ch\/wp-content\/uploads\/2024\/02\/3.png","keywords":["Design"],"articleSection":["Artikel"],"inLanguage":"de"},{"@type":"WebPage","@id":"https:\/\/kahrs.ch\/de\/trends-2024\/","url":"https:\/\/kahrs.ch\/de\/trends-2024\/","name":"Die Dekorationstrends von 2024 | K\u00e4hrs Switzerland","isPartOf":{"@id":"https:\/\/kahrs.ch\/de\/#website"},"primaryImageOfPage":{"@id":"https:\/\/kahrs.ch\/de\/trends-2024\/#primaryimage"},"image":{"@id":"https:\/\/kahrs.ch\/de\/trends-2024\/#primaryimage"},"thumbnailUrl":"https:\/\/kahrs.ch\/wp-content\/uploads\/2024\/02\/3.png","datePublished":"2024-02-19T16:16:38+00:00","dateModified":"2024-06-27T11:37:40+00:00","description":"Hier ist der neue Trend f\u00fcr 2024 in Sachen Inneneinrichtung und Bodenbelag, lassen Sie sich inspirieren!","breadcrumb":{"@id":"https:\/\/kahrs.ch\/de\/trends-2024\/#breadcrumb"},"inLanguage":"de","potentialAction":[{"@type":"ReadAction","target":["https:\/\/kahrs.ch\/de\/trends-2024\/"]}]},{"@type":"ImageObject","inLanguage":"de","@id":"https:\/\/kahrs.ch\/de\/trends-2024\/#primaryimage","url":"https:\/\/kahrs.ch\/wp-content\/uploads\/2024\/02\/3.png","contentUrl":"https:\/\/kahrs.ch\/wp-content\/uploads\/2024\/02\/3.png","width":1000,"height":1000},{"@type":"BreadcrumbList","@id":"https:\/\/kahrs.ch\/de\/trends-2024\/#breadcrumb","itemListElement":[{"@type":"ListItem","position":1,"name":"Accueil","item":"https:\/\/kahrs.ch\/de\/kaehrs-parkett-und-vinylboeden\/"},{"@type":"ListItem","position":2,"name":"Die Dekorationstrends von 2024"}]},{"@type":"WebSite","@id":"https:\/\/kahrs.ch\/de\/#website","url":"https:\/\/kahrs.ch\/de\/","name":"K\u00e4hrs Switzerland","description":"","publisher":{"@id":"https:\/\/kahrs.ch\/de\/#organization"},"alternateName":"K\u00e4hrs Switzerland","potentialAction":[{"@type":"SearchAction","target":{"@type":"EntryPoint","urlTemplate":"https:\/\/kahrs.ch\/de\/?s={search_term_string}"},"query-input":{"@type":"PropertyValueSpecification","valueRequired":true,"valueName":"search_term_string"}}],"inLanguage":"de"},{"@type":"Organization","@id":"https:\/\/kahrs.ch\/de\/#organization","name":"K\u00e4hrs Switzerland","url":"https:\/\/kahrs.ch\/de\/","logo":{"@type":"ImageObject","inLanguage":"de","@id":"https:\/\/kahrs.ch\/de\/#\/schema\/logo\/image\/","url":"https:\/\/kahrs.ch\/wp-content\/uploads\/2023\/08\/Kahrs-logotype-without-tagline_Print-150dpi_2-1.jpg","contentUrl":"https:\/\/kahrs.ch\/wp-content\/uploads\/2023\/08\/Kahrs-logotype-without-tagline_Print-150dpi_2-1.jpg","width":421,"height":376,"caption":"K\u00e4hrs Switzerland"},"image":{"@id":"https:\/\/kahrs.ch\/de\/#\/schema\/logo\/image\/"}},{"@type":"Person","@id":"https:\/\/kahrs.ch\/de\/#\/schema\/person\/fa47d4f9de06b223601203e1b4552a31","name":"lambert","image":{"@type":"ImageObject","inLanguage":"de","@id":"https:\/\/kahrs.ch\/de\/#\/schema\/person\/image\/","url":"https:\/\/secure.gravatar.com\/avatar\/6151d574894168a5954fae3ee3464dda7e266c271a294f7833b2b957124f9ea6?s=96&d=mm&r=g","contentUrl":"https:\/\/secure.gravatar.com\/avatar\/6151d574894168a5954fae3ee3464dda7e266c271a294f7833b2b957124f9ea6?s=96&d=mm&r=g","caption":"lambert"},"url":"https:\/\/kahrs.ch\/de\/author\/lambert\/"}]}},"_links":{"self":[{"href":"https:\/\/kahrs.ch\/de\/wp-json\/wp\/v2\/posts\/15410","targetHints":{"allow":["GET"]}}],"collection":[{"href":"https:\/\/kahrs.ch\/de\/wp-json\/wp\/v2\/posts"}],"about":[{"href":"https:\/\/kahrs.ch\/de\/wp-json\/wp\/v2\/types\/post"}],"author":[{"embeddable":true,"href":"https:\/\/kahrs.ch\/de\/wp-json\/wp\/v2\/users\/2"}],"replies":[{"embeddable":true,"href":"https:\/\/kahrs.ch\/de\/wp-json\/wp\/v2\/comments?post=15410"}],"version-history":[{"count":14,"href":"https:\/\/kahrs.ch\/de\/wp-json\/wp\/v2\/posts\/15410\/revisions"}],"predecessor-version":[{"id":16727,"href":"https:\/\/kahrs.ch\/de\/wp-json\/wp\/v2\/posts\/15410\/revisions\/16727"}],"wp:featuredmedia":[{"embeddable":true,"href":"https:\/\/kahrs.ch\/de\/wp-json\/wp\/v2\/media\/15329"}],"wp:attachment":[{"href":"https:\/\/kahrs.ch\/de\/wp-json\/wp\/v2\/media?parent=15410"}],"wp:term":[{"taxonomy":"category","embeddable":true,"href":"https:\/\/kahrs.ch\/de\/wp-json\/wp\/v2\/categories?post=15410"},{"taxonomy":"post_tag","embeddable":true,"href":"https:\/\/kahrs.ch\/de\/wp-json\/wp\/v2\/tags?post=15410"},{"taxonomy":"lieux-dans-le-monde","embeddable":true,"href":"https:\/\/kahrs.ch\/de\/wp-json\/wp\/v2\/lieux-dans-le-monde?post=15410"},{"taxonomy":"references-filtres","embeddable":true,"href":"https:\/\/kahrs.ch\/de\/wp-json\/wp\/v2\/references-filtres?post=15410"}],"curies":[{"name":"wp","href":"https:\/\/api.w.org\/{rel}","templated":true}]}}