{"id":15503,"date":"2024-02-23T10:49:29","date_gmt":"2024-02-23T09:49:29","guid":{"rendered":"https:\/\/kahrs.ch\/wohngenuss-auf-danisch\/"},"modified":"2024-03-05T09:12:58","modified_gmt":"2024-03-05T08:12:58","slug":"wohngenuss-auf-danisch","status":"publish","type":"post","link":"https:\/\/kahrs.ch\/de\/wohngenuss-auf-danisch\/","title":{"rendered":"Wohngenuss auf danisch"},"content":{"rendered":"\t\t<div data-elementor-type=\"wp-post\" data-elementor-id=\"15503\" class=\"elementor elementor-15503 elementor-15412\" data-elementor-post-type=\"post\">\n\t\t\t\t<div class=\"elementor-element elementor-element-01ae038 e-flex e-con-boxed e-con e-parent\" data-id=\"01ae038\" data-element_type=\"container\" data-e-type=\"container\" data-settings=\"{&quot;jet_parallax_layout_list&quot;:[],&quot;background_background&quot;:&quot;classic&quot;,&quot;background_motion_fx_motion_fx_scrolling&quot;:&quot;yes&quot;,&quot;background_motion_fx_blur_effect&quot;:&quot;yes&quot;,&quot;background_motion_fx_blur_level&quot;:{&quot;unit&quot;:&quot;px&quot;,&quot;size&quot;:1,&quot;sizes&quot;:[]},&quot;background_motion_fx_blur_direction&quot;:&quot;out-in&quot;,&quot;background_motion_fx_blur_range&quot;:{&quot;unit&quot;:&quot;%&quot;,&quot;size&quot;:&quot;&quot;,&quot;sizes&quot;:{&quot;start&quot;:20,&quot;end&quot;:80}},&quot;background_motion_fx_devices&quot;:[&quot;widescreen&quot;,&quot;desktop&quot;,&quot;tablet&quot;,&quot;mobile&quot;]}\">\n\t\t\t\t\t<div class=\"e-con-inner\">\n\t\t<div class=\"elementor-element elementor-element-a0440ea e-con-full e-flex e-con e-child\" data-id=\"a0440ea\" data-element_type=\"container\" data-e-type=\"container\" data-settings=\"{&quot;jet_parallax_layout_list&quot;:[]}\">\n\t\t\t\t<div class=\"elementor-element elementor-element-fe7ee2b elementor-widget elementor-widget-heading\" data-id=\"fe7ee2b\" data-element_type=\"widget\" data-e-type=\"widget\" data-widget_type=\"heading.default\">\n\t\t\t\t<div class=\"elementor-widget-container\">\n\t\t\t\t\t<h1 class=\"elementor-heading-title elementor-size-default\">Wohngenuss auf danisch<\/h1>\t\t\t\t<\/div>\n\t\t\t\t<\/div>\n\t\t\t\t<div class=\"elementor-element elementor-element-5c22020 uael-mobile-heading-align-center elementor-widget elementor-widget-uael-advanced-heading\" data-id=\"5c22020\" data-element_type=\"widget\" data-e-type=\"widget\" data-widget_type=\"uael-advanced-heading.default\">\n\t\t\t\t<div class=\"elementor-widget-container\">\n\t\t\t\t\t\n\t\t<div class=\"uael-module-content uael-heading-wrapper\">\n\t\t\t\t\t\t\n\t\t\t<h2 class=\"uael-heading\">\n\t\t\t\t\t\t\t\t\t\t<span class=\"uael-heading-text elementor-inline-editing uael-size--medium\" data-elementor-setting-key=\"heading_title\" data-elementor-inline-editing-toolbar=\"basic\">BAUERNHAUS TRIFFT AUF INDUSTRIESTIL\n<\/span>\n\t\t\t\t\t\t\t<\/h2>\n\n\t\t\t\n\t\t\t\n\t\t\t\t\t\t\t<div class=\"uael-subheading elementor-inline-editing\" data-elementor-setting-key=\"heading_description\" data-elementor-inline-editing-toolbar=\"advanced\" >\n\t\t\t\t\t<p>Die B\u00f6den, die Decke und die Balken sind aus einem warmen, braunen Holz und werden mit Textilien in gedeckten Farben und wenigen gl\u00e4nzenden Objekten kombiniert. Sie m\u00f6gen es richtig gem\u00fctlich?<\/p>\t\t\t\t<\/div>\n\t\t\t\t\n\t\t\t\t\t\t<\/div>\n\t\t\t\t\t\t<\/div>\n\t\t\t\t<\/div>\n\t\t\t\t<\/div>\n\t\t\t\t\t<\/div>\n\t\t\t\t<\/div>\n\t\t<div class=\"elementor-element elementor-element-88c9c9e e-flex e-con-boxed e-con e-parent\" data-id=\"88c9c9e\" data-element_type=\"container\" data-e-type=\"container\" data-settings=\"{&quot;jet_parallax_layout_list&quot;:[]}\">\n\t\t\t\t\t<div class=\"e-con-inner\">\n\t\t\t\t<div class=\"elementor-element elementor-element-3df629d elementor-widget elementor-widget-heading\" data-id=\"3df629d\" data-element_type=\"widget\" data-e-type=\"widget\" data-widget_type=\"heading.default\">\n\t\t\t\t<div class=\"elementor-widget-container\">\n\t\t\t\t\t<h2 class=\"elementor-heading-title elementor-size-default\">Besuch in D\u00e4nemark<\/h2>\t\t\t\t<\/div>\n\t\t\t\t<\/div>\n\t\t\t\t<div class=\"elementor-element elementor-element-faf84d3 elementor-widget elementor-widget-text-editor\" data-id=\"faf84d3\" data-element_type=\"widget\" data-e-type=\"widget\" data-widget_type=\"text-editor.default\">\n\t\t\t\t<div class=\"elementor-widget-container\">\n\t\t\t\t\t\t\t\t\t<p>Dieses offene und schicke Landhaus verbindet Rustikalit\u00e4t und industriellen Stil. Die Besitzer dieses schicken, ger\u00e4umigen Landhauses, liessen sich beim Entwurf ihres Traumhauses von der umliegenden Landschaft inspirieren. F\u00fcr die Decke und die Deckenbalken wurde Altholz verwendet, das zusammen mit den perfekt passenden Holzb\u00f6den in einem warmen Braunton eine rustikale Kulisse bildet. Die gedeckten Grau- und Blaut\u00f6ne, die f\u00fcr die M\u00f6bel und Textilien gew\u00e4hlt wurden, verleihen der Einrichtung Raffinesse.<\/p>\n\t\t\t\t\t\t\t\t<\/div>\n\t\t\t\t<\/div>\n\t\t\t\t\t<\/div>\n\t\t\t\t<\/div>\n\t\t<div class=\"elementor-element elementor-element-064e3b9 e-flex e-con-boxed e-con e-parent\" data-id=\"064e3b9\" data-element_type=\"container\" data-e-type=\"container\" data-settings=\"{&quot;jet_parallax_layout_list&quot;:[]}\">\n\t\t\t\t\t<div class=\"e-con-inner\">\n\t\t<div class=\"elementor-element elementor-element-5848507 e-con-full e-flex e-con e-child\" data-id=\"5848507\" data-element_type=\"container\" data-e-type=\"container\" data-settings=\"{&quot;jet_parallax_layout_list&quot;:[]}\">\n\t\t\t\t<div class=\"elementor-element elementor-element-10a0bb8 elementor-widget elementor-widget-heading\" data-id=\"10a0bb8\" data-element_type=\"widget\" data-e-type=\"widget\" data-widget_type=\"heading.default\">\n\t\t\t\t<div class=\"elementor-widget-container\">\n\t\t\t\t\t<h2 class=\"elementor-heading-title elementor-size-default\">wohngenuss auf danisch<\/h2>\t\t\t\t<\/div>\n\t\t\t\t<\/div>\n\t\t\t\t<div class=\"elementor-element elementor-element-b80dc28 elementor-widget elementor-widget-text-editor\" data-id=\"b80dc28\" data-element_type=\"widget\" data-e-type=\"widget\" data-widget_type=\"text-editor.default\">\n\t\t\t\t<div class=\"elementor-widget-container\">\n\t\t\t\t\t\t\t\t\t<div class=\"et_pb_module et_pb_text et_pb_text_2 et_pb_text_align_left et_pb_bg_layout_light\">\n<div class=\"et_pb_text_inner\">\n<p>Das Haus erzeugt perfekte Harmonie zwischen rustikal und modern und schafft einen auff\u00e4lligen, aber ruhigen Kontrast zwischen alt und neu, Design und antiken Objekten. Herrliche Ausblicke auf die l\u00e4ndliche Umgebung durch grosse Sprossenfenster erh\u00f6hen das Gef\u00fchl der Gelassenheit.<\/p>\n<\/div>\n<\/div>\n<div class=\"et_pb_module et_pb_text et_pb_text_3 et_pb_text_align_left et_pb_bg_layout_light\">\n<div class=\"et_pb_text_inner\">\n<div class=\"et_pb_module et_pb_text et_pb_text_3 et_pb_text_align_left et_pb_bg_layout_light\">\n<div class=\"et_pb_text_inner\">\n<h2>BRAUNE HOLZB\u00d6DEN<\/h2>\n<\/div>\n<\/div>\n<div class=\"et_pb_module et_pb_text et_pb_text_4 et_pb_text_align_left et_pb_bg_layout_light\">\n<div class=\"et_pb_text_inner\">\n<p>in brauner Boden sorgt in R\u00e4umen f\u00fcr eine warme Atmosph\u00e4re. Die satten, erdigen Bernstein- und Tabakt\u00f6ne bilden dabei eine perfekte Basis in traditionellen als auch modernen Einrichtungen. Unsere braunen B\u00f6den sind in mehreren satten Schattierungen sowie in verschiedenen Designs und Oberfl\u00e4chenbehandlungen erh\u00e4ltlich.<\/p>\n<\/div>\n<\/div>\n<\/div>\n<\/div>\n\t\t\t\t\t\t\t\t<\/div>\n\t\t\t\t<\/div>\n\t\t\t\t<\/div>\n\t\t<div class=\"elementor-element elementor-element-91bda39 e-con-full e-flex e-con e-child\" data-id=\"91bda39\" data-element_type=\"container\" data-e-type=\"container\" data-settings=\"{&quot;jet_parallax_layout_list&quot;:[]}\">\n\t\t\t\t<div class=\"elementor-element elementor-element-40b8b1d elementor-widget elementor-widget-image\" data-id=\"40b8b1d\" data-element_type=\"widget\" data-e-type=\"widget\" data-widget_type=\"image.default\">\n\t\t\t\t<div class=\"elementor-widget-container\">\n\t\t\t\t\t\t\t\t\t\t\t\t\t\t\t<img fetchpriority=\"high\" decoding=\"async\" width=\"800\" height=\"1200\" src=\"https:\/\/kahrs.ch\/wp-content\/uploads\/2024\/02\/danish-delight-210-image2.jpg\" class=\"attachment-full size-full wp-image-15420\" alt=\"S\u00e9jour au design modern en bois\" srcset=\"https:\/\/kahrs.ch\/wp-content\/uploads\/2024\/02\/danish-delight-210-image2.jpg 800w, https:\/\/kahrs.ch\/wp-content\/uploads\/2024\/02\/danish-delight-210-image2-600x900.jpg 600w, https:\/\/kahrs.ch\/wp-content\/uploads\/2024\/02\/danish-delight-210-image2-200x300.jpg 200w, https:\/\/kahrs.ch\/wp-content\/uploads\/2024\/02\/danish-delight-210-image2-683x1024.jpg 683w, https:\/\/kahrs.ch\/wp-content\/uploads\/2024\/02\/danish-delight-210-image2-768x1152.jpg 768w\" sizes=\"(max-width: 800px) 100vw, 800px\" \/>\t\t\t\t\t\t\t\t\t\t\t\t\t\t\t<\/div>\n\t\t\t\t<\/div>\n\t\t\t\t<\/div>\n\t\t\t\t\t<\/div>\n\t\t\t\t<\/div>\n\t\t<div class=\"elementor-element elementor-element-ff0d98b e-flex e-con-boxed e-con e-parent\" data-id=\"ff0d98b\" data-element_type=\"container\" data-e-type=\"container\" data-settings=\"{&quot;jet_parallax_layout_list&quot;:[]}\">\n\t\t\t\t\t<div class=\"e-con-inner\">\n\t\t\t\t<div class=\"elementor-element elementor-element-b9a412a elementor-widget elementor-widget-heading\" data-id=\"b9a412a\" data-element_type=\"widget\" data-e-type=\"widget\" data-widget_type=\"heading.default\">\n\t\t\t\t<div class=\"elementor-widget-container\">\n\t\t\t\t\t<h2 class=\"elementor-heading-title elementor-size-default\">F\u00dcR DIESE WOHNUNG GEW\u00c4HLTE B\u00d6DEN<\/h2>\t\t\t\t<\/div>\n\t\t\t\t<\/div>\n\t\t\t\t<div class=\"elementor-element elementor-element-a7747d0 elementor-widget elementor-widget-text-editor\" data-id=\"a7747d0\" data-element_type=\"widget\" data-e-type=\"widget\" data-widget_type=\"text-editor.default\">\n\t\t\t\t<div class=\"elementor-widget-container\">\n\t\t\t\t\t\t\t\t\t<p><strong>Diele, Wohnzimmer und K\u00fcche :<\/strong>&nbsp;&nbsp;<a title=\"Parkett n\u00b0210.\" href=\"https:\/\/kahrs.ch\/de\/produkt\/n210\/\" target=\"_blank\" rel=\"noopener noreferrer\">Parkett n\u00b0210.<\/a>&nbsp;CDieser naturge\u00f6lte 1-Stab-Eichenboden zeichnet sich durch grosse Dielen mit markanten Rissen und Spachtelungen sowie \u00c4sten und einer lebhabten Maserung aus. Die Dielen sind geb\u00fcrstet, ge\u00f6lt und ger\u00e4uchert. Die Braunt\u00f6ne werden durch Kaffeet\u00f6ne und honigfarbene Akzente erg\u00e4nzt. Daraus entsteht ein atemberaubender Boden mit einer ausgesprochen rustikalen Ausstrahlung.<\/p>\n<p><strong>Flur<\/strong>&nbsp;:&nbsp;<a title=\"Parkett n\u00b0209.2\" href=\"https:\/\/kahrs.ch\/de\/produkt\/n209-2\/\" target=\"_blank\" rel=\"noopener noreferrer\">Parkett n\u00b0209.2<\/a>. Rotbraune Nuancen sind bei diesem handgehobelten 1-Stab-Eichenboden mit ausgepr\u00e4gten dunkelbraunen \u00c4sten durchsetzt. Jede Diele wurde sorgf\u00e4ltig geb\u00fcrstet, um den Charakter des Holzes hervorzuheben und die nat\u00fcrliche Maserung des Holzes zu betonen . Das Hobeln von Hand hebt das abgenutzte Aussehen des Parketts hervor.<\/p>\n<p><strong>Schlafzimmer<\/strong>&nbsp;:&nbsp;<a title=\"Parkett n\u00b0219.6\" href=\"https:\/\/kahrs.ch\/produit\/n219-6\/\" target=\"_blank\" rel=\"noopener noreferrer\">Parkett n\u00b0219.6<\/a>. Zeichnet sich besonders durch bewusste Wassermarken und Farbvariationen der Dielen aus. Helle Beige Nuancen, bis satte Erdt\u00f6ne verleihen dem Boden eine dramatische und verwitterte Ausstrahlung. Kleinere \u00c4ste und die raue Maserung unterstreichen den gewollten Used-Look.<\/p>\t\t\t\t\t\t\t\t<\/div>\n\t\t\t\t<\/div>\n\t\t\t\t\t<\/div>\n\t\t\t\t<\/div>\n\t\t<div class=\"elementor-element elementor-element-9a599bd e-flex e-con-boxed e-con e-parent\" data-id=\"9a599bd\" data-element_type=\"container\" data-e-type=\"container\" data-settings=\"{&quot;jet_parallax_layout_list&quot;:[]}\">\n\t\t\t\t\t<div class=\"e-con-inner\">\n\t\t\t\t<div class=\"elementor-element elementor-element-c78c4f5 elementor-widget elementor-widget-jet-images-layout\" data-id=\"c78c4f5\" data-element_type=\"widget\" data-e-type=\"widget\" data-widget_type=\"jet-images-layout.default\">\n\t\t\t\t<div class=\"elementor-widget-container\">\n\t\t\t\t\t<div class=\"elementor-jet-images-layout jet-elements\">\n<div class=\"jet-images-layout layout-type-justify\" data-settings='{&quot;layoutType&quot;:&quot;justify&quot;,&quot;justifyHeight&quot;:300}'>\n\t<div class=\"jet-images-layout__list column-desktop-3 column-tablet-2 column-mobile-1\" >\n<div class=\"jet-images-layout__item \">\n\t<div class=\"jet-images-layout__inner\">\n\t\t<div class=\"jet-images-layout__image-loader\"><span><\/span><\/div>\n\t\t<a class=\"jet-images-layout__link \" href=\"https:\/\/kahrs.ch\/wp-content\/uploads\/2024\/02\/danish-delight-209.2-image5.jpg\" data-elementor-open-lightbox=\"yes\" data-elementor-lightbox-slideshow=\"c78c4f5\" data-elementor-lightbox-title=\"209.2\">\n\t\t\t<div class=\"jet-images-layout__image\">\n\t\t\t\t<img decoding=\"async\" class=\"jet-images-layout__image-instance\" src=\"https:\/\/kahrs.ch\/wp-content\/uploads\/2024\/02\/danish-delight-209.2-image5.jpg\" data-width=\"800\" data-height=\"1200\" alt=\"Couloir moderne\" loading=\"lazy\">\t\t\t<\/div>\n\t\t\t<div class=\"jet-images-layout__content\"><h5 class=\"jet-images-layout__title\">209.2<\/h5><\/div>\n\t\t<\/a>\n\t<\/div>\n<\/div>\n<div class=\"jet-images-layout__item \">\n\t<div class=\"jet-images-layout__inner\">\n\t\t<div class=\"jet-images-layout__image-loader\"><span><\/span><\/div>\n\t\t<a class=\"jet-images-layout__link \" href=\"https:\/\/kahrs.ch\/wp-content\/uploads\/2024\/02\/danish-delight-219.6-image6.jpg\" data-elementor-open-lightbox=\"yes\" data-elementor-lightbox-slideshow=\"c78c4f5\" data-elementor-lightbox-title=\"291.6\">\n\t\t\t<div class=\"jet-images-layout__image\">\n\t\t\t\t<img decoding=\"async\" class=\"jet-images-layout__image-instance\" src=\"https:\/\/kahrs.ch\/wp-content\/uploads\/2024\/02\/danish-delight-219.6-image6.jpg\" data-width=\"800\" data-height=\"1200\" alt=\"Chambre au ton chaud\" loading=\"lazy\">\t\t\t<\/div>\n\t\t\t<div class=\"jet-images-layout__content\"><h5 class=\"jet-images-layout__title\">291.6<\/h5><\/div>\n\t\t<\/a>\n\t<\/div>\n<\/div>\n<div class=\"jet-images-layout__item \">\n\t<div class=\"jet-images-layout__inner\">\n\t\t<div class=\"jet-images-layout__image-loader\"><span><\/span><\/div>\n\t\t<a class=\"jet-images-layout__link \" href=\"https:\/\/kahrs.ch\/wp-content\/uploads\/2024\/02\/danish-delight-210-image2.jpg\" data-elementor-open-lightbox=\"yes\" data-elementor-lightbox-slideshow=\"c78c4f5\" data-elementor-lightbox-title=\"210\">\n\t\t\t<div class=\"jet-images-layout__image\">\n\t\t\t\t<img decoding=\"async\" class=\"jet-images-layout__image-instance\" src=\"https:\/\/kahrs.ch\/wp-content\/uploads\/2024\/02\/danish-delight-210-image2.jpg\" data-width=\"800\" data-height=\"1200\" alt=\"S\u00e9jour au design modern en bois\" loading=\"lazy\">\t\t\t<\/div>\n\t\t\t<div class=\"jet-images-layout__content\"><h5 class=\"jet-images-layout__title\">210<\/h5><\/div>\n\t\t<\/a>\n\t<\/div>\n<\/div>\n<div class=\"jet-images-layout__item \">\n\t<div class=\"jet-images-layout__inner\">\n\t\t<div class=\"jet-images-layout__image-loader\"><span><\/span><\/div>\n\t\t<a class=\"jet-images-layout__link \" href=\"https:\/\/kahrs.ch\/wp-content\/uploads\/2024\/02\/danish-delight-210-image3.jpg\" data-elementor-open-lightbox=\"yes\" data-elementor-lightbox-slideshow=\"c78c4f5\" data-elementor-lightbox-title=\"202.5\">\n\t\t\t<div class=\"jet-images-layout__image\">\n\t\t\t\t<img decoding=\"async\" class=\"jet-images-layout__image-instance\" src=\"https:\/\/kahrs.ch\/wp-content\/uploads\/2024\/02\/danish-delight-210-image3.jpg\" data-width=\"800\" data-height=\"1200\" alt=\"Salle \u00e0 manger ouverte\" loading=\"lazy\">\t\t\t<\/div>\n\t\t\t<div class=\"jet-images-layout__content\"><h5 class=\"jet-images-layout__title\">202.5<\/h5><\/div>\n\t\t<\/a>\n\t<\/div>\n<\/div>\n<div class=\"jet-images-layout__item \">\n\t<div class=\"jet-images-layout__inner\">\n\t\t<div class=\"jet-images-layout__image-loader\"><span><\/span><\/div>\n\t\t<a class=\"jet-images-layout__link \" href=\"https:\/\/kahrs.ch\/wp-content\/uploads\/2024\/02\/danish-delight-210-image4.jpg\" data-elementor-open-lightbox=\"yes\" data-elementor-lightbox-slideshow=\"c78c4f5\" data-elementor-lightbox-title=\"210\">\n\t\t\t<div class=\"jet-images-layout__image\">\n\t\t\t\t<img decoding=\"async\" class=\"jet-images-layout__image-instance\" src=\"https:\/\/kahrs.ch\/wp-content\/uploads\/2024\/02\/danish-delight-210-image4.jpg\" data-width=\"1200\" data-height=\"800\" alt=\"S\u00e9jour en bois scandinave\" loading=\"lazy\">\t\t\t<\/div>\n\t\t\t<div class=\"jet-images-layout__content\"><h5 class=\"jet-images-layout__title\">210<\/h5><\/div>\n\t\t<\/a>\n\t<\/div>\n<\/div>\n<div class=\"jet-images-layout__item \">\n\t<div class=\"jet-images-layout__inner\">\n\t\t<div class=\"jet-images-layout__image-loader\"><span><\/span><\/div>\n\t\t<a class=\"jet-images-layout__link \" href=\"https:\/\/kahrs.ch\/wp-content\/uploads\/2024\/02\/g-danoise.jpg\" data-elementor-open-lightbox=\"yes\" data-elementor-lightbox-slideshow=\"c78c4f5\" data-elementor-lightbox-title=\"\">\n\t\t\t<div class=\"jet-images-layout__image\">\n\t\t\t\t<img decoding=\"async\" class=\"jet-images-layout__image-instance\" src=\"https:\/\/kahrs.ch\/wp-content\/uploads\/2024\/02\/g-danoise.jpg\" data-width=\"1200\" data-height=\"801\" alt=\"Ferme danoise\" loading=\"lazy\">\t\t\t<\/div>\n\t\t\t<div class=\"jet-images-layout__content\"><\/div>\n\t\t<\/a>\n\t<\/div>\n<\/div>\n<\/div><\/div>\n<\/div>\t\t\t\t<\/div>\n\t\t\t\t<\/div>\n\t\t\t\t\t<\/div>\n\t\t\t\t<\/div>\n\t\t<div class=\"elementor-element elementor-element-5d21acec animated-slow e-flex e-con-boxed elementor-invisible e-con e-parent\" data-id=\"5d21acec\" data-element_type=\"container\" data-e-type=\"container\" data-settings=\"{&quot;background_background&quot;:&quot;classic&quot;,&quot;jet_parallax_layout_list&quot;:[],&quot;animation&quot;:&quot;slideInLeft&quot;}\">\n\t\t\t\t\t<div class=\"e-con-inner\">\n\t\t\t\t<div class=\"elementor-element elementor-element-2856a0a9 elementor-widget elementor-widget-button\" data-id=\"2856a0a9\" data-element_type=\"widget\" data-e-type=\"widget\" data-widget_type=\"button.default\">\n\t\t\t\t<div class=\"elementor-widget-container\">\n\t\t\t\t\t\t\t\t\t<div class=\"elementor-button-wrapper\">\n\t\t\t\t\t<a class=\"elementor-button elementor-button-link elementor-size-sm elementor-animation-grow\" href=\"https:\/\/kahrs.ch\/de\/design-stories\/\">\n\t\t\t\t\t\t<span class=\"elementor-button-content-wrapper\">\n\t\t\t\t\t\t<span class=\"elementor-button-icon\">\n\t\t\t\t<i aria-hidden=\"true\" class=\"fas fa-angle-right\"><\/i>\t\t\t<\/span>\n\t\t\t\t\t\t\t\t\t<span class=\"elementor-button-text\">Entdecken Sie unsere anderen Design Stories<\/span>\n\t\t\t\t\t<\/span>\n\t\t\t\t\t<\/a>\n\t\t\t\t<\/div>\n\t\t\t\t\t\t\t\t<\/div>\n\t\t\t\t<\/div>\n\t\t\t\t\t<\/div>\n\t\t\t\t<\/div>\n\t\t\t\t<\/div>\n\t\t","protected":false},"excerpt":{"rendered":"<p>Die B\u00f6den, die Decke und die Balken sind aus einem warmen, braunen Holz und werden mit Textilien in gedeckten Farben und wenigen gl\u00e4nzenden Objekten kombiniert. Sie m\u00f6gen es richtig gem\u00fctlich.<\/p>\n","protected":false},"author":2,"featured_media":15432,"comment_status":"closed","ping_status":"closed","sticky":false,"template":"elementor_header_footer","format":"standard","meta":{"_acf_changed":false,"site-sidebar-layout":"default","site-content-layout":"","ast-site-content-layout":"default","site-content-style":"default","site-sidebar-style":"default","ast-global-header-display":"","ast-banner-title-visibility":"","ast-main-header-display":"","ast-hfb-above-header-display":"","ast-hfb-below-header-display":"","ast-hfb-mobile-header-display":"","site-post-title":"","ast-breadcrumbs-content":"","ast-featured-img":"","footer-sml-layout":"","ast-disable-related-posts":"","theme-transparent-header-meta":"","adv-header-id-meta":"","stick-header-meta":"","header-above-stick-meta":"","header-main-stick-meta":"","header-below-stick-meta":"","astra-migrate-meta-layouts":"default","ast-page-background-enabled":"default","ast-page-background-meta":{"desktop":{"background-color":"var(--ast-global-color-4)","background-image":"","background-repeat":"repeat","background-position":"center center","background-size":"auto","background-attachment":"scroll","background-type":"","background-media":"","overlay-type":"","overlay-color":"","overlay-opacity":"","overlay-gradient":""},"tablet":{"background-color":"","background-image":"","background-repeat":"repeat","background-position":"center center","background-size":"auto","background-attachment":"scroll","background-type":"","background-media":"","overlay-type":"","overlay-color":"","overlay-opacity":"","overlay-gradient":""},"mobile":{"background-color":"","background-image":"","background-repeat":"repeat","background-position":"center center","background-size":"auto","background-attachment":"scroll","background-type":"","background-media":"","overlay-type":"","overlay-color":"","overlay-opacity":"","overlay-gradient":""}},"ast-content-background-meta":{"desktop":{"background-color":"var(--ast-global-color-5)","background-image":"","background-repeat":"repeat","background-position":"center center","background-size":"auto","background-attachment":"scroll","background-type":"","background-media":"","overlay-type":"","overlay-color":"","overlay-opacity":"","overlay-gradient":""},"tablet":{"background-color":"var(--ast-global-color-5)","background-image":"","background-repeat":"repeat","background-position":"center center","background-size":"auto","background-attachment":"scroll","background-type":"","background-media":"","overlay-type":"","overlay-color":"","overlay-opacity":"","overlay-gradient":""},"mobile":{"background-color":"var(--ast-global-color-5)","background-image":"","background-repeat":"repeat","background-position":"center center","background-size":"auto","background-attachment":"scroll","background-type":"","background-media":"","overlay-type":"","overlay-color":"","overlay-opacity":"","overlay-gradient":""}},"footnotes":""},"categories":[2850],"tags":[2863],"lieux-dans-le-monde":[],"references-filtres":[],"class_list":["post-15503","post","type-post","status-publish","format-standard","has-post-thumbnail","hentry","category-artikel","tag-inneneinrichtungen"],"acf":[],"yoast_head":"<!-- This site is optimized with the Yoast SEO plugin v27.1.1 - https:\/\/yoast.com\/product\/yoast-seo-wordpress\/ -->\n<title>Wohngenuss auf danisch | K\u00e4hrs Switzerland<\/title>\n<meta name=\"description\" content=\"Die B\u00f6den, die Decke und die Balken sind aus einem warmen, braunen Holz und werden mit Textilien in gedeckten Farben und wenigen gl\u00e4nzenden Objekten kombiniert. Sie m\u00f6gen es richtig gem\u00fctlich.\" \/>\n<meta name=\"robots\" content=\"index, follow, max-snippet:-1, max-image-preview:large, max-video-preview:-1\" \/>\n<link rel=\"canonical\" href=\"https:\/\/kahrs.ch\/de\/wohngenuss-auf-danisch\/\" \/>\n<meta property=\"og:locale\" content=\"de_DE\" \/>\n<meta property=\"og:type\" content=\"article\" \/>\n<meta property=\"og:title\" content=\"Wohngenuss auf danisch | K\u00e4hrs Switzerland\" \/>\n<meta property=\"og:description\" content=\"Die B\u00f6den, die Decke und die Balken sind aus einem warmen, braunen Holz und werden mit Textilien in gedeckten Farben und wenigen gl\u00e4nzenden Objekten kombiniert. Sie m\u00f6gen es richtig gem\u00fctlich.\" \/>\n<meta property=\"og:url\" content=\"https:\/\/kahrs.ch\/de\/wohngenuss-auf-danisch\/\" \/>\n<meta property=\"og:site_name\" content=\"K\u00e4hrs Switzerland\" \/>\n<meta property=\"article:published_time\" content=\"2024-02-23T09:49:29+00:00\" \/>\n<meta property=\"article:modified_time\" content=\"2024-03-05T08:12:58+00:00\" \/>\n<meta property=\"og:image\" content=\"https:\/\/kahrs.ch\/wp-content\/uploads\/2024\/02\/g-danoise.jpg\" \/>\n\t<meta property=\"og:image:width\" content=\"1200\" \/>\n\t<meta property=\"og:image:height\" content=\"801\" \/>\n\t<meta property=\"og:image:type\" content=\"image\/jpeg\" \/>\n<meta name=\"author\" content=\"lambert\" \/>\n<meta name=\"twitter:card\" content=\"summary_large_image\" \/>\n<meta name=\"twitter:label1\" content=\"Verfasst von\" \/>\n\t<meta name=\"twitter:data1\" content=\"lambert\" \/>\n\t<meta name=\"twitter:label2\" content=\"Gesch\u00e4tzte Lesezeit\" \/>\n\t<meta name=\"twitter:data2\" content=\"2\u00a0Minuten\" \/>\n<script type=\"application\/ld+json\" class=\"yoast-schema-graph\">{\"@context\":\"https:\/\/schema.org\",\"@graph\":[{\"@type\":\"Article\",\"@id\":\"https:\/\/kahrs.ch\/de\/wohngenuss-auf-danisch\/#article\",\"isPartOf\":{\"@id\":\"https:\/\/kahrs.ch\/de\/wohngenuss-auf-danisch\/\"},\"author\":{\"name\":\"lambert\",\"@id\":\"https:\/\/kahrs.ch\/de\/#\/schema\/person\/fa47d4f9de06b223601203e1b4552a31\"},\"headline\":\"Wohngenuss auf danisch\",\"datePublished\":\"2024-02-23T09:49:29+00:00\",\"dateModified\":\"2024-03-05T08:12:58+00:00\",\"mainEntityOfPage\":{\"@id\":\"https:\/\/kahrs.ch\/de\/wohngenuss-auf-danisch\/\"},\"wordCount\":390,\"publisher\":{\"@id\":\"https:\/\/kahrs.ch\/de\/#organization\"},\"image\":{\"@id\":\"https:\/\/kahrs.ch\/de\/wohngenuss-auf-danisch\/#primaryimage\"},\"thumbnailUrl\":\"https:\/\/kahrs.ch\/wp-content\/uploads\/2024\/02\/g-danoise.jpg\",\"keywords\":[\"Inneneinrichtungen\"],\"articleSection\":[\"Artikel\"],\"inLanguage\":\"de\"},{\"@type\":\"WebPage\",\"@id\":\"https:\/\/kahrs.ch\/de\/wohngenuss-auf-danisch\/\",\"url\":\"https:\/\/kahrs.ch\/de\/wohngenuss-auf-danisch\/\",\"name\":\"Wohngenuss auf danisch | K\u00e4hrs Switzerland\",\"isPartOf\":{\"@id\":\"https:\/\/kahrs.ch\/de\/#website\"},\"primaryImageOfPage\":{\"@id\":\"https:\/\/kahrs.ch\/de\/wohngenuss-auf-danisch\/#primaryimage\"},\"image\":{\"@id\":\"https:\/\/kahrs.ch\/de\/wohngenuss-auf-danisch\/#primaryimage\"},\"thumbnailUrl\":\"https:\/\/kahrs.ch\/wp-content\/uploads\/2024\/02\/g-danoise.jpg\",\"datePublished\":\"2024-02-23T09:49:29+00:00\",\"dateModified\":\"2024-03-05T08:12:58+00:00\",\"description\":\"Die B\u00f6den, die Decke und die Balken sind aus einem warmen, braunen Holz und werden mit Textilien in gedeckten Farben und wenigen gl\u00e4nzenden Objekten kombiniert. Sie m\u00f6gen es richtig gem\u00fctlich.\",\"breadcrumb\":{\"@id\":\"https:\/\/kahrs.ch\/de\/wohngenuss-auf-danisch\/#breadcrumb\"},\"inLanguage\":\"de\",\"potentialAction\":[{\"@type\":\"ReadAction\",\"target\":[\"https:\/\/kahrs.ch\/de\/wohngenuss-auf-danisch\/\"]}]},{\"@type\":\"ImageObject\",\"inLanguage\":\"de\",\"@id\":\"https:\/\/kahrs.ch\/de\/wohngenuss-auf-danisch\/#primaryimage\",\"url\":\"https:\/\/kahrs.ch\/wp-content\/uploads\/2024\/02\/g-danoise.jpg\",\"contentUrl\":\"https:\/\/kahrs.ch\/wp-content\/uploads\/2024\/02\/g-danoise.jpg\",\"width\":1200,\"height\":801,\"caption\":\"Ferme danoise\"},{\"@type\":\"BreadcrumbList\",\"@id\":\"https:\/\/kahrs.ch\/de\/wohngenuss-auf-danisch\/#breadcrumb\",\"itemListElement\":[{\"@type\":\"ListItem\",\"position\":1,\"name\":\"Accueil\",\"item\":\"https:\/\/kahrs.ch\/de\/kaehrs-parkett-und-vinylboeden\/\"},{\"@type\":\"ListItem\",\"position\":2,\"name\":\"Wohngenuss auf danisch\"}]},{\"@type\":\"WebSite\",\"@id\":\"https:\/\/kahrs.ch\/de\/#website\",\"url\":\"https:\/\/kahrs.ch\/de\/\",\"name\":\"K\u00e4hrs Switzerland\",\"description\":\"\",\"publisher\":{\"@id\":\"https:\/\/kahrs.ch\/de\/#organization\"},\"alternateName\":\"K\u00e4hrs Switzerland\",\"potentialAction\":[{\"@type\":\"SearchAction\",\"target\":{\"@type\":\"EntryPoint\",\"urlTemplate\":\"https:\/\/kahrs.ch\/de\/?s={search_term_string}\"},\"query-input\":{\"@type\":\"PropertyValueSpecification\",\"valueRequired\":true,\"valueName\":\"search_term_string\"}}],\"inLanguage\":\"de\"},{\"@type\":\"Organization\",\"@id\":\"https:\/\/kahrs.ch\/de\/#organization\",\"name\":\"K\u00e4hrs Switzerland\",\"url\":\"https:\/\/kahrs.ch\/de\/\",\"logo\":{\"@type\":\"ImageObject\",\"inLanguage\":\"de\",\"@id\":\"https:\/\/kahrs.ch\/de\/#\/schema\/logo\/image\/\",\"url\":\"https:\/\/kahrs.ch\/wp-content\/uploads\/2023\/08\/Kahrs-logotype-without-tagline_Print-150dpi_2-1.jpg\",\"contentUrl\":\"https:\/\/kahrs.ch\/wp-content\/uploads\/2023\/08\/Kahrs-logotype-without-tagline_Print-150dpi_2-1.jpg\",\"width\":421,\"height\":376,\"caption\":\"K\u00e4hrs Switzerland\"},\"image\":{\"@id\":\"https:\/\/kahrs.ch\/de\/#\/schema\/logo\/image\/\"}},{\"@type\":\"Person\",\"@id\":\"https:\/\/kahrs.ch\/de\/#\/schema\/person\/fa47d4f9de06b223601203e1b4552a31\",\"name\":\"lambert\",\"image\":{\"@type\":\"ImageObject\",\"inLanguage\":\"de\",\"@id\":\"https:\/\/kahrs.ch\/de\/#\/schema\/person\/image\/\",\"url\":\"https:\/\/secure.gravatar.com\/avatar\/6151d574894168a5954fae3ee3464dda7e266c271a294f7833b2b957124f9ea6?s=96&d=mm&r=g\",\"contentUrl\":\"https:\/\/secure.gravatar.com\/avatar\/6151d574894168a5954fae3ee3464dda7e266c271a294f7833b2b957124f9ea6?s=96&d=mm&r=g\",\"caption\":\"lambert\"},\"url\":\"https:\/\/kahrs.ch\/de\/author\/lambert\/\"}]}<\/script>\n<!-- \/ Yoast SEO plugin. -->","yoast_head_json":{"title":"Wohngenuss auf danisch | K\u00e4hrs Switzerland","description":"Die B\u00f6den, die Decke und die Balken sind aus einem warmen, braunen Holz und werden mit Textilien in gedeckten Farben und wenigen gl\u00e4nzenden Objekten kombiniert. Sie m\u00f6gen es richtig gem\u00fctlich.","robots":{"index":"index","follow":"follow","max-snippet":"max-snippet:-1","max-image-preview":"max-image-preview:large","max-video-preview":"max-video-preview:-1"},"canonical":"https:\/\/kahrs.ch\/de\/wohngenuss-auf-danisch\/","og_locale":"de_DE","og_type":"article","og_title":"Wohngenuss auf danisch | K\u00e4hrs Switzerland","og_description":"Die B\u00f6den, die Decke und die Balken sind aus einem warmen, braunen Holz und werden mit Textilien in gedeckten Farben und wenigen gl\u00e4nzenden Objekten kombiniert. Sie m\u00f6gen es richtig gem\u00fctlich.","og_url":"https:\/\/kahrs.ch\/de\/wohngenuss-auf-danisch\/","og_site_name":"K\u00e4hrs Switzerland","article_published_time":"2024-02-23T09:49:29+00:00","article_modified_time":"2024-03-05T08:12:58+00:00","og_image":[{"width":1200,"height":801,"url":"https:\/\/kahrs.ch\/wp-content\/uploads\/2024\/02\/g-danoise.jpg","type":"image\/jpeg"}],"author":"lambert","twitter_card":"summary_large_image","twitter_misc":{"Verfasst von":"lambert","Gesch\u00e4tzte Lesezeit":"2\u00a0Minuten"},"schema":{"@context":"https:\/\/schema.org","@graph":[{"@type":"Article","@id":"https:\/\/kahrs.ch\/de\/wohngenuss-auf-danisch\/#article","isPartOf":{"@id":"https:\/\/kahrs.ch\/de\/wohngenuss-auf-danisch\/"},"author":{"name":"lambert","@id":"https:\/\/kahrs.ch\/de\/#\/schema\/person\/fa47d4f9de06b223601203e1b4552a31"},"headline":"Wohngenuss auf danisch","datePublished":"2024-02-23T09:49:29+00:00","dateModified":"2024-03-05T08:12:58+00:00","mainEntityOfPage":{"@id":"https:\/\/kahrs.ch\/de\/wohngenuss-auf-danisch\/"},"wordCount":390,"publisher":{"@id":"https:\/\/kahrs.ch\/de\/#organization"},"image":{"@id":"https:\/\/kahrs.ch\/de\/wohngenuss-auf-danisch\/#primaryimage"},"thumbnailUrl":"https:\/\/kahrs.ch\/wp-content\/uploads\/2024\/02\/g-danoise.jpg","keywords":["Inneneinrichtungen"],"articleSection":["Artikel"],"inLanguage":"de"},{"@type":"WebPage","@id":"https:\/\/kahrs.ch\/de\/wohngenuss-auf-danisch\/","url":"https:\/\/kahrs.ch\/de\/wohngenuss-auf-danisch\/","name":"Wohngenuss auf danisch | K\u00e4hrs Switzerland","isPartOf":{"@id":"https:\/\/kahrs.ch\/de\/#website"},"primaryImageOfPage":{"@id":"https:\/\/kahrs.ch\/de\/wohngenuss-auf-danisch\/#primaryimage"},"image":{"@id":"https:\/\/kahrs.ch\/de\/wohngenuss-auf-danisch\/#primaryimage"},"thumbnailUrl":"https:\/\/kahrs.ch\/wp-content\/uploads\/2024\/02\/g-danoise.jpg","datePublished":"2024-02-23T09:49:29+00:00","dateModified":"2024-03-05T08:12:58+00:00","description":"Die B\u00f6den, die Decke und die Balken sind aus einem warmen, braunen Holz und werden mit Textilien in gedeckten Farben und wenigen gl\u00e4nzenden Objekten kombiniert. Sie m\u00f6gen es richtig gem\u00fctlich.","breadcrumb":{"@id":"https:\/\/kahrs.ch\/de\/wohngenuss-auf-danisch\/#breadcrumb"},"inLanguage":"de","potentialAction":[{"@type":"ReadAction","target":["https:\/\/kahrs.ch\/de\/wohngenuss-auf-danisch\/"]}]},{"@type":"ImageObject","inLanguage":"de","@id":"https:\/\/kahrs.ch\/de\/wohngenuss-auf-danisch\/#primaryimage","url":"https:\/\/kahrs.ch\/wp-content\/uploads\/2024\/02\/g-danoise.jpg","contentUrl":"https:\/\/kahrs.ch\/wp-content\/uploads\/2024\/02\/g-danoise.jpg","width":1200,"height":801,"caption":"Ferme danoise"},{"@type":"BreadcrumbList","@id":"https:\/\/kahrs.ch\/de\/wohngenuss-auf-danisch\/#breadcrumb","itemListElement":[{"@type":"ListItem","position":1,"name":"Accueil","item":"https:\/\/kahrs.ch\/de\/kaehrs-parkett-und-vinylboeden\/"},{"@type":"ListItem","position":2,"name":"Wohngenuss auf danisch"}]},{"@type":"WebSite","@id":"https:\/\/kahrs.ch\/de\/#website","url":"https:\/\/kahrs.ch\/de\/","name":"K\u00e4hrs Switzerland","description":"","publisher":{"@id":"https:\/\/kahrs.ch\/de\/#organization"},"alternateName":"K\u00e4hrs Switzerland","potentialAction":[{"@type":"SearchAction","target":{"@type":"EntryPoint","urlTemplate":"https:\/\/kahrs.ch\/de\/?s={search_term_string}"},"query-input":{"@type":"PropertyValueSpecification","valueRequired":true,"valueName":"search_term_string"}}],"inLanguage":"de"},{"@type":"Organization","@id":"https:\/\/kahrs.ch\/de\/#organization","name":"K\u00e4hrs Switzerland","url":"https:\/\/kahrs.ch\/de\/","logo":{"@type":"ImageObject","inLanguage":"de","@id":"https:\/\/kahrs.ch\/de\/#\/schema\/logo\/image\/","url":"https:\/\/kahrs.ch\/wp-content\/uploads\/2023\/08\/Kahrs-logotype-without-tagline_Print-150dpi_2-1.jpg","contentUrl":"https:\/\/kahrs.ch\/wp-content\/uploads\/2023\/08\/Kahrs-logotype-without-tagline_Print-150dpi_2-1.jpg","width":421,"height":376,"caption":"K\u00e4hrs Switzerland"},"image":{"@id":"https:\/\/kahrs.ch\/de\/#\/schema\/logo\/image\/"}},{"@type":"Person","@id":"https:\/\/kahrs.ch\/de\/#\/schema\/person\/fa47d4f9de06b223601203e1b4552a31","name":"lambert","image":{"@type":"ImageObject","inLanguage":"de","@id":"https:\/\/kahrs.ch\/de\/#\/schema\/person\/image\/","url":"https:\/\/secure.gravatar.com\/avatar\/6151d574894168a5954fae3ee3464dda7e266c271a294f7833b2b957124f9ea6?s=96&d=mm&r=g","contentUrl":"https:\/\/secure.gravatar.com\/avatar\/6151d574894168a5954fae3ee3464dda7e266c271a294f7833b2b957124f9ea6?s=96&d=mm&r=g","caption":"lambert"},"url":"https:\/\/kahrs.ch\/de\/author\/lambert\/"}]}},"_links":{"self":[{"href":"https:\/\/kahrs.ch\/de\/wp-json\/wp\/v2\/posts\/15503","targetHints":{"allow":["GET"]}}],"collection":[{"href":"https:\/\/kahrs.ch\/de\/wp-json\/wp\/v2\/posts"}],"about":[{"href":"https:\/\/kahrs.ch\/de\/wp-json\/wp\/v2\/types\/post"}],"author":[{"embeddable":true,"href":"https:\/\/kahrs.ch\/de\/wp-json\/wp\/v2\/users\/2"}],"replies":[{"embeddable":true,"href":"https:\/\/kahrs.ch\/de\/wp-json\/wp\/v2\/comments?post=15503"}],"version-history":[{"count":3,"href":"https:\/\/kahrs.ch\/de\/wp-json\/wp\/v2\/posts\/15503\/revisions"}],"predecessor-version":[{"id":15637,"href":"https:\/\/kahrs.ch\/de\/wp-json\/wp\/v2\/posts\/15503\/revisions\/15637"}],"wp:featuredmedia":[{"embeddable":true,"href":"https:\/\/kahrs.ch\/de\/wp-json\/wp\/v2\/media\/15432"}],"wp:attachment":[{"href":"https:\/\/kahrs.ch\/de\/wp-json\/wp\/v2\/media?parent=15503"}],"wp:term":[{"taxonomy":"category","embeddable":true,"href":"https:\/\/kahrs.ch\/de\/wp-json\/wp\/v2\/categories?post=15503"},{"taxonomy":"post_tag","embeddable":true,"href":"https:\/\/kahrs.ch\/de\/wp-json\/wp\/v2\/tags?post=15503"},{"taxonomy":"lieux-dans-le-monde","embeddable":true,"href":"https:\/\/kahrs.ch\/de\/wp-json\/wp\/v2\/lieux-dans-le-monde?post=15503"},{"taxonomy":"references-filtres","embeddable":true,"href":"https:\/\/kahrs.ch\/de\/wp-json\/wp\/v2\/references-filtres?post=15503"}],"curies":[{"name":"wp","href":"https:\/\/api.w.org\/{rel}","templated":true}]}}