{"id":15610,"date":"2024-02-26T15:39:21","date_gmt":"2024-02-26T14:39:21","guid":{"rendered":"https:\/\/kahrs.ch\/emotion-collection\/"},"modified":"2024-06-28T11:34:02","modified_gmt":"2024-06-28T09:34:02","slug":"emotion-collection","status":"publish","type":"post","link":"https:\/\/kahrs.ch\/de\/emotion-collection\/","title":{"rendered":"Entdecken Sie die Emotion Collection"},"content":{"rendered":"\t\t<div data-elementor-type=\"wp-post\" data-elementor-id=\"15610\" class=\"elementor elementor-15610 elementor-15534\" data-elementor-post-type=\"post\">\n\t\t\t\t<div class=\"elementor-element elementor-element-6f79fac e-flex e-con-boxed e-con e-parent\" data-id=\"6f79fac\" data-element_type=\"container\" data-e-type=\"container\" data-settings=\"{&quot;jet_parallax_layout_list&quot;:[],&quot;background_background&quot;:&quot;classic&quot;}\">\n\t\t\t\t\t<div class=\"e-con-inner\">\n\t\t<div class=\"elementor-element elementor-element-0902c50 e-con-full e-flex e-con e-child\" data-id=\"0902c50\" data-element_type=\"container\" data-e-type=\"container\" data-settings=\"{&quot;jet_parallax_layout_list&quot;:[]}\">\n\t\t\t\t<div class=\"elementor-element elementor-element-b0b1e7a elementor-widget elementor-widget-heading\" data-id=\"b0b1e7a\" data-element_type=\"widget\" data-e-type=\"widget\" data-widget_type=\"heading.default\">\n\t\t\t\t<div class=\"elementor-widget-container\">\n\t\t\t\t\t<h1 class=\"elementor-heading-title elementor-size-default\">Emotion collection<\/h1>\t\t\t\t<\/div>\n\t\t\t\t<\/div>\n\t\t\t\t<div class=\"elementor-element elementor-element-cfc59ae uael-mobile-heading-align-center elementor-widget elementor-widget-uael-advanced-heading\" data-id=\"cfc59ae\" data-element_type=\"widget\" data-e-type=\"widget\" data-widget_type=\"uael-advanced-heading.default\">\n\t\t\t\t<div class=\"elementor-widget-container\">\n\t\t\t\t\t\n\t\t<div class=\"uael-module-content uael-heading-wrapper\">\n\t\t\t\t\t\t\n\t\t\t<h2 class=\"uael-heading\">\n\t\t\t\t\t\t\t\t\t\t<span class=\"uael-heading-text elementor-inline-editing uael-size--medium\" data-elementor-setting-key=\"heading_title\" data-elementor-inline-editing-toolbar=\"basic\">INSPIRIERT VOM RHYTHMUS DER NATUR\n<\/span>\n\t\t\t\t\t\t\t<\/h2>\n\n\t\t\t\n\t\t\t\n\t\t\t\n\t\t\t\t\t\t<\/div>\n\t\t\t\t\t\t<\/div>\n\t\t\t\t<\/div>\n\t\t\t\t<\/div>\n\t\t\t\t\t<\/div>\n\t\t\t\t<\/div>\n\t\t<div class=\"elementor-element elementor-element-7b2514b e-flex e-con-boxed e-con e-parent\" data-id=\"7b2514b\" data-element_type=\"container\" data-e-type=\"container\" data-settings=\"{&quot;jet_parallax_layout_list&quot;:[]}\">\n\t\t\t\t\t<div class=\"e-con-inner\">\n\t\t\t\t<div class=\"elementor-element elementor-element-4d5da1d elementor-widget elementor-widget-heading\" data-id=\"4d5da1d\" data-element_type=\"widget\" data-e-type=\"widget\" data-widget_type=\"heading.default\">\n\t\t\t\t<div class=\"elementor-widget-container\">\n\t\t\t\t\t<h2 class=\"elementor-heading-title elementor-size-default\">\u00dcber die neue Emotion Collection<\/h2>\t\t\t\t<\/div>\n\t\t\t\t<\/div>\n\t\t\t\t<div class=\"elementor-element elementor-element-a6be878 elementor-widget elementor-widget-text-editor\" data-id=\"a6be878\" data-element_type=\"widget\" data-e-type=\"widget\" data-widget_type=\"text-editor.default\">\n\t\t\t\t<div class=\"elementor-widget-container\">\n\t\t\t\t\t\t\t\t\t<p>Mit nat\u00fcrlichen Materialien, Licht- und Raummustern, warmen Naturt\u00f6nen und haptischen Oberfl\u00e4chen verk\u00f6rpert das Design der Emotion-Kollektion eine minimalistische und klare Philosophie. Ein Design, bei dem sich alles um nat\u00fcrliche Farben in sanften T\u00f6nen wie Weiss, Grau, Beige oder warmen Braunt\u00f6nen dreht. Farben, die Entspannung und Ruhe verbreiten.<\/p>\n\t\t\t\t\t\t\t\t<\/div>\n\t\t\t\t<\/div>\n\t\t\t\t\t<\/div>\n\t\t\t\t<\/div>\n\t\t<div class=\"elementor-element elementor-element-c18a0bd e-flex e-con-boxed e-con e-parent\" data-id=\"c18a0bd\" data-element_type=\"container\" data-e-type=\"container\" data-settings=\"{&quot;jet_parallax_layout_list&quot;:[]}\">\n\t\t\t\t\t<div class=\"e-con-inner\">\n\t\t<div class=\"elementor-element elementor-element-306b0be e-con-full e-flex e-con e-child\" data-id=\"306b0be\" data-element_type=\"container\" data-e-type=\"container\" data-settings=\"{&quot;jet_parallax_layout_list&quot;:[]}\">\n\t\t\t\t<div class=\"elementor-element elementor-element-983c275 elementor-widget elementor-widget-heading\" data-id=\"983c275\" data-element_type=\"widget\" data-e-type=\"widget\" data-widget_type=\"heading.default\">\n\t\t\t\t<div class=\"elementor-widget-container\">\n\t\t\t\t\t<h2 class=\"elementor-heading-title elementor-size-default\">INSPIRIERT VOM RHYTHMUS DER NATUR\n<\/h2>\t\t\t\t<\/div>\n\t\t\t\t<\/div>\n\t\t\t\t<\/div>\n\t\t<div class=\"elementor-element elementor-element-87ee74e e-con-full e-flex e-con e-child\" data-id=\"87ee74e\" data-element_type=\"container\" data-e-type=\"container\" data-settings=\"{&quot;jet_parallax_layout_list&quot;:[]}\">\n\t\t\t\t<div class=\"elementor-element elementor-element-25bf8c6 elementor-widget elementor-widget-image\" data-id=\"25bf8c6\" data-element_type=\"widget\" data-e-type=\"widget\" data-widget_type=\"image.default\">\n\t\t\t\t<div class=\"elementor-widget-container\">\n\t\t\t\t\t\t\t\t\t\t\t\t\t\t\t<img fetchpriority=\"high\" decoding=\"async\" width=\"2560\" height=\"2350\" src=\"https:\/\/kahrs.ch\/wp-content\/uploads\/2024\/01\/a-284-scaled.jpg\" class=\"attachment-full size-full wp-image-15135\" alt=\"\" srcset=\"https:\/\/kahrs.ch\/wp-content\/uploads\/2024\/01\/a-284-scaled.jpg 2560w, https:\/\/kahrs.ch\/wp-content\/uploads\/2024\/01\/a-284-scaled-600x551.jpg 600w, https:\/\/kahrs.ch\/wp-content\/uploads\/2024\/01\/a-284-300x275.jpg 300w, https:\/\/kahrs.ch\/wp-content\/uploads\/2024\/01\/a-284-1024x940.jpg 1024w, https:\/\/kahrs.ch\/wp-content\/uploads\/2024\/01\/a-284-768x705.jpg 768w, https:\/\/kahrs.ch\/wp-content\/uploads\/2024\/01\/a-284-1536x1410.jpg 1536w, https:\/\/kahrs.ch\/wp-content\/uploads\/2024\/01\/a-284-2048x1880.jpg 2048w\" sizes=\"(max-width: 2560px) 100vw, 2560px\" \/>\t\t\t\t\t\t\t\t\t\t\t\t\t\t\t<\/div>\n\t\t\t\t<\/div>\n\t\t\t\t<\/div>\n\t\t\t\t\t<\/div>\n\t\t\t\t<\/div>\n\t\t<div class=\"elementor-element elementor-element-61e4a95 e-flex e-con-boxed e-con e-parent\" data-id=\"61e4a95\" data-element_type=\"container\" data-e-type=\"container\" data-settings=\"{&quot;jet_parallax_layout_list&quot;:[]}\">\n\t\t\t\t\t<div class=\"e-con-inner\">\n\t\t\t\t<div class=\"elementor-element elementor-element-ca0a50c elementor-widget elementor-widget-text-editor\" data-id=\"ca0a50c\" data-element_type=\"widget\" data-e-type=\"widget\" data-widget_type=\"text-editor.default\">\n\t\t\t\t<div class=\"elementor-widget-container\">\n\t\t\t\t\t\t\t\t\t<p>Mit der neuen Emotion-Kollektion von K\u00e4hrs haben wir Farben gew\u00e4hlt, die weder auffallen noch protzen, sondern sich ganz nat\u00fcrlich als Teil des Interieurs einf\u00fcgen. Sie schaffen ein Gef\u00fchl von Beruhigung und Erholung. Die Holzsortierung wurde so gew\u00e4hlt, dass sie dem nat\u00fcrlichen Design entspricht. Das Holz hat wenige \u00c4ste und Risse, aber eine sch\u00f6ne, nat\u00fcrliche Maserung, die f\u00fcr ein sehr nat\u00fcrliches Aussehen sorgt. Die neue Kollektion Emotion bietet f\u00fcnf elegante Farbt\u00f6ne von hell \u00fcber nat\u00fcrlich bis dunkel in einem schlichten, klaren und ungezwungenen Stil.<\/p>\n\t\t\t\t\t\t\t\t<\/div>\n\t\t\t\t<\/div>\n\t\t\t\t\t<\/div>\n\t\t\t\t<\/div>\n\t\t<div class=\"elementor-element elementor-element-ef21aff e-flex e-con-boxed e-con e-parent\" data-id=\"ef21aff\" data-element_type=\"container\" data-e-type=\"container\" data-settings=\"{&quot;jet_parallax_layout_list&quot;:[]}\">\n\t\t\t\t\t<div class=\"e-con-inner\">\n\t\t\t\t<div class=\"elementor-element elementor-element-cf5949c elementor-widget elementor-widget-heading\" data-id=\"cf5949c\" data-element_type=\"widget\" data-e-type=\"widget\" data-widget_type=\"heading.default\">\n\t\t\t\t<div class=\"elementor-widget-container\">\n\t\t\t\t\t<h2 class=\"elementor-heading-title elementor-size-default\">Die 5 neuen B\u00f6den<\/h2>\t\t\t\t<\/div>\n\t\t\t\t<\/div>\n\t\t\t\t<div class=\"elementor-element elementor-element-0154a27 elementor-widget elementor-widget-jet-woo-products\" data-id=\"0154a27\" data-element_type=\"widget\" data-e-type=\"widget\" data-settings=\"{&quot;columns&quot;:&quot;5&quot;,&quot;columns_mobile&quot;:&quot;3&quot;}\" data-widget_type=\"jet-woo-products.default\">\n\t\t\t\t<div class=\"elementor-widget-container\">\n\t\t\t\t\t<div class=\"elementor-jet-woo-products jet-woo-builder\"><div class=\"jet-woo-products__not-found\">Products not found.<\/div><\/div>\t\t\t\t<\/div>\n\t\t\t\t<\/div>\n\t\t\t\t<div class=\"elementor-element elementor-element-811d6d3 elementor-widget elementor-widget-text-editor\" data-id=\"811d6d3\" data-element_type=\"widget\" data-e-type=\"widget\" data-widget_type=\"text-editor.default\">\n\t\t\t\t<div class=\"elementor-widget-container\">\n\t\t\t\t\t\t\t\t\t<p>Alle Produkte sind geb\u00fcrstet, mikrogefast und haben eine matt lackierte Oberfl\u00e4che.<\/p>\n\t\t\t\t\t\t\t\t<\/div>\n\t\t\t\t<\/div>\n\t\t\t\t\t<\/div>\n\t\t\t\t<\/div>\n\t\t<div class=\"elementor-element elementor-element-1287ecca animated-slow e-flex e-con-boxed elementor-invisible e-con e-parent\" data-id=\"1287ecca\" data-element_type=\"container\" data-e-type=\"container\" data-settings=\"{&quot;jet_parallax_layout_list&quot;:[],&quot;animation&quot;:&quot;fadeIn&quot;}\">\n\t\t\t\t\t<div class=\"e-con-inner\">\n\t\t<div class=\"elementor-element elementor-element-6f047ff1 e-con-full e-flex e-con e-child\" data-id=\"6f047ff1\" data-element_type=\"container\" data-e-type=\"container\" data-settings=\"{&quot;jet_parallax_layout_list&quot;:[]}\">\n\t\t\t\t<div class=\"elementor-element elementor-element-cf61130 elementor-widget elementor-widget-jet-images-layout\" data-id=\"cf61130\" data-element_type=\"widget\" data-e-type=\"widget\" data-widget_type=\"jet-images-layout.default\">\n\t\t\t\t<div class=\"elementor-widget-container\">\n\t\t\t\t\t<div class=\"elementor-jet-images-layout jet-elements\">\n<div class=\"jet-images-layout layout-type-justify\" data-settings='{&quot;layoutType&quot;:&quot;justify&quot;,&quot;justifyHeight&quot;:300}'>\n\t<div class=\"jet-images-layout__list column-desktop-3 column-tablet-2 column-mobile-1\" >\n<div class=\"jet-images-layout__item \">\n\t<div class=\"jet-images-layout__inner\">\n\t\t<div class=\"jet-images-layout__image-loader\"><span><\/span><\/div>\n\t\t<a class=\"jet-images-layout__link \" href=\"https:\/\/kahrs.ch\/wp-content\/uploads\/2024\/01\/a-282-scaled.jpg\" data-elementor-open-lightbox=\"yes\" data-elementor-lightbox-slideshow=\"cf61130\" data-elementor-lightbox-title=\"282\">\n\t\t\t<div class=\"jet-images-layout__image\">\n\t\t\t\t<img decoding=\"async\" class=\"jet-images-layout__image-instance\" src=\"https:\/\/kahrs.ch\/wp-content\/uploads\/2024\/01\/a-282-scaled.jpg\" data-width=\"1620\" data-height=\"2560\" alt=\"a-282\" loading=\"lazy\">\t\t\t<\/div>\n\t\t\t<div class=\"jet-images-layout__content\"><h5 class=\"jet-images-layout__title\">282<\/h5><\/div>\n\t\t<\/a>\n\t<\/div>\n<\/div>\n<div class=\"jet-images-layout__item \">\n\t<div class=\"jet-images-layout__inner\">\n\t\t<div class=\"jet-images-layout__image-loader\"><span><\/span><\/div>\n\t\t<a class=\"jet-images-layout__link \" href=\"https:\/\/kahrs.ch\/wp-content\/uploads\/2024\/01\/a-281-scaled.jpg\" data-elementor-open-lightbox=\"yes\" data-elementor-lightbox-slideshow=\"cf61130\" data-elementor-lightbox-title=\"281\">\n\t\t\t<div class=\"jet-images-layout__image\">\n\t\t\t\t<img decoding=\"async\" class=\"jet-images-layout__image-instance\" src=\"https:\/\/kahrs.ch\/wp-content\/uploads\/2024\/01\/a-281-scaled.jpg\" data-width=\"1620\" data-height=\"2560\" alt=\"a-281\" loading=\"lazy\">\t\t\t<\/div>\n\t\t\t<div class=\"jet-images-layout__content\"><h5 class=\"jet-images-layout__title\">281<\/h5><\/div>\n\t\t<\/a>\n\t<\/div>\n<\/div>\n<div class=\"jet-images-layout__item \">\n\t<div class=\"jet-images-layout__inner\">\n\t\t<div class=\"jet-images-layout__image-loader\"><span><\/span><\/div>\n\t\t<a class=\"jet-images-layout__link \" href=\"https:\/\/kahrs.ch\/wp-content\/uploads\/2024\/01\/a-285-scaled.jpg\" data-elementor-open-lightbox=\"yes\" data-elementor-lightbox-slideshow=\"cf61130\" data-elementor-lightbox-title=\"285\">\n\t\t\t<div class=\"jet-images-layout__image\">\n\t\t\t\t<img decoding=\"async\" class=\"jet-images-layout__image-instance\" src=\"https:\/\/kahrs.ch\/wp-content\/uploads\/2024\/01\/a-285-scaled.jpg\" data-width=\"1512\" data-height=\"2560\" alt=\"a-285\" loading=\"lazy\">\t\t\t<\/div>\n\t\t\t<div class=\"jet-images-layout__content\"><h5 class=\"jet-images-layout__title\">285<\/h5><\/div>\n\t\t<\/a>\n\t<\/div>\n<\/div>\n<div class=\"jet-images-layout__item \">\n\t<div class=\"jet-images-layout__inner\">\n\t\t<div class=\"jet-images-layout__image-loader\"><span><\/span><\/div>\n\t\t<a class=\"jet-images-layout__link \" href=\"https:\/\/kahrs.ch\/wp-content\/uploads\/2024\/01\/a-284-scaled.jpg\" data-elementor-open-lightbox=\"yes\" data-elementor-lightbox-slideshow=\"cf61130\" data-elementor-lightbox-title=\"284\">\n\t\t\t<div class=\"jet-images-layout__image\">\n\t\t\t\t<img decoding=\"async\" class=\"jet-images-layout__image-instance\" src=\"https:\/\/kahrs.ch\/wp-content\/uploads\/2024\/01\/a-284-scaled.jpg\" data-width=\"2560\" data-height=\"2350\" alt=\"a-284\" loading=\"lazy\">\t\t\t<\/div>\n\t\t\t<div class=\"jet-images-layout__content\"><h5 class=\"jet-images-layout__title\">284<\/h5><\/div>\n\t\t<\/a>\n\t<\/div>\n<\/div>\n<div class=\"jet-images-layout__item \">\n\t<div class=\"jet-images-layout__inner\">\n\t\t<div class=\"jet-images-layout__image-loader\"><span><\/span><\/div>\n\t\t<a class=\"jet-images-layout__link \" href=\"https:\/\/kahrs.ch\/wp-content\/uploads\/2024\/01\/a-283-scaled.jpg\" data-elementor-open-lightbox=\"yes\" data-elementor-lightbox-slideshow=\"cf61130\" data-elementor-lightbox-title=\"283\">\n\t\t\t<div class=\"jet-images-layout__image\">\n\t\t\t\t<img decoding=\"async\" class=\"jet-images-layout__image-instance\" src=\"https:\/\/kahrs.ch\/wp-content\/uploads\/2024\/01\/a-283-scaled.jpg\" data-width=\"1810\" data-height=\"2560\" alt=\"a-283\" loading=\"lazy\">\t\t\t<\/div>\n\t\t\t<div class=\"jet-images-layout__content\"><h5 class=\"jet-images-layout__title\">283<\/h5><\/div>\n\t\t<\/a>\n\t<\/div>\n<\/div>\n<\/div><\/div>\n<\/div>\t\t\t\t<\/div>\n\t\t\t\t<\/div>\n\t\t\t\t<\/div>\n\t\t\t\t\t<\/div>\n\t\t\t\t<\/div>\n\t\t\t\t<\/div>\n\t\t","protected":false},"excerpt":{"rendered":"<p>Mit nat\u00fcrlichen Materialien, Licht- und Raummustern, warmen Naturt\u00f6nen und haptischen Oberfl\u00e4chen verk\u00f6rpert das Design der Emotion-Kollektion eine minimalistische und klare Philosophie. <\/p>\n","protected":false},"author":2,"featured_media":15135,"comment_status":"closed","ping_status":"closed","sticky":false,"template":"elementor_header_footer","format":"standard","meta":{"_acf_changed":false,"site-sidebar-layout":"default","site-content-layout":"","ast-site-content-layout":"default","site-content-style":"default","site-sidebar-style":"default","ast-global-header-display":"","ast-banner-title-visibility":"","ast-main-header-display":"","ast-hfb-above-header-display":"","ast-hfb-below-header-display":"","ast-hfb-mobile-header-display":"","site-post-title":"","ast-breadcrumbs-content":"","ast-featured-img":"","footer-sml-layout":"","ast-disable-related-posts":"","theme-transparent-header-meta":"","adv-header-id-meta":"","stick-header-meta":"","header-above-stick-meta":"","header-main-stick-meta":"","header-below-stick-meta":"","astra-migrate-meta-layouts":"default","ast-page-background-enabled":"default","ast-page-background-meta":{"desktop":{"background-color":"var(--ast-global-color-4)","background-image":"","background-repeat":"repeat","background-position":"center center","background-size":"auto","background-attachment":"scroll","background-type":"","background-media":"","overlay-type":"","overlay-color":"","overlay-opacity":"","overlay-gradient":""},"tablet":{"background-color":"","background-image":"","background-repeat":"repeat","background-position":"center center","background-size":"auto","background-attachment":"scroll","background-type":"","background-media":"","overlay-type":"","overlay-color":"","overlay-opacity":"","overlay-gradient":""},"mobile":{"background-color":"","background-image":"","background-repeat":"repeat","background-position":"center center","background-size":"auto","background-attachment":"scroll","background-type":"","background-media":"","overlay-type":"","overlay-color":"","overlay-opacity":"","overlay-gradient":""}},"ast-content-background-meta":{"desktop":{"background-color":"var(--ast-global-color-5)","background-image":"","background-repeat":"repeat","background-position":"center center","background-size":"auto","background-attachment":"scroll","background-type":"","background-media":"","overlay-type":"","overlay-color":"","overlay-opacity":"","overlay-gradient":""},"tablet":{"background-color":"var(--ast-global-color-5)","background-image":"","background-repeat":"repeat","background-position":"center center","background-size":"auto","background-attachment":"scroll","background-type":"","background-media":"","overlay-type":"","overlay-color":"","overlay-opacity":"","overlay-gradient":""},"mobile":{"background-color":"var(--ast-global-color-5)","background-image":"","background-repeat":"repeat","background-position":"center center","background-size":"auto","background-attachment":"scroll","background-type":"","background-media":"","overlay-type":"","overlay-color":"","overlay-opacity":"","overlay-gradient":""}},"footnotes":""},"categories":[2850],"tags":[2860],"lieux-dans-le-monde":[],"references-filtres":[],"class_list":["post-15610","post","type-post","status-publish","format-standard","has-post-thumbnail","hentry","category-artikel","tag-innovationen"],"acf":[],"yoast_head":"<!-- This site is optimized with the Yoast SEO plugin v27.1.1 - https:\/\/yoast.com\/product\/yoast-seo-wordpress\/ -->\n<title>Entdecken Sie die Emotion Collection | K\u00e4hrs Switzerland<\/title>\n<meta name=\"description\" content=\"Mit nat\u00fcrlichen Materialien, Licht- und Raummustern, warmen Naturt\u00f6nen und haptischen Oberfl\u00e4chen verk\u00f6rpert das Design der Emotion-Kollektion eine minimalistische und klare Philosophie.\" \/>\n<meta name=\"robots\" content=\"index, follow, max-snippet:-1, max-image-preview:large, max-video-preview:-1\" \/>\n<link rel=\"canonical\" href=\"https:\/\/kahrs.ch\/de\/emotion-collection\/\" \/>\n<meta property=\"og:locale\" content=\"de_DE\" \/>\n<meta property=\"og:type\" content=\"article\" \/>\n<meta property=\"og:title\" content=\"Entdecken Sie die Emotion Collection | K\u00e4hrs Switzerland\" \/>\n<meta property=\"og:description\" content=\"Mit nat\u00fcrlichen Materialien, Licht- und Raummustern, warmen Naturt\u00f6nen und haptischen Oberfl\u00e4chen verk\u00f6rpert das Design der Emotion-Kollektion eine minimalistische und klare Philosophie.\" \/>\n<meta property=\"og:url\" content=\"https:\/\/kahrs.ch\/de\/emotion-collection\/\" \/>\n<meta property=\"og:site_name\" content=\"K\u00e4hrs Switzerland\" \/>\n<meta property=\"article:published_time\" content=\"2024-02-26T14:39:21+00:00\" \/>\n<meta property=\"article:modified_time\" content=\"2024-06-28T09:34:02+00:00\" \/>\n<meta property=\"og:image\" content=\"https:\/\/kahrs.ch\/wp-content\/uploads\/2024\/01\/a-284-scaled.jpg\" \/>\n\t<meta property=\"og:image:width\" content=\"2560\" \/>\n\t<meta property=\"og:image:height\" content=\"2350\" \/>\n\t<meta property=\"og:image:type\" content=\"image\/jpeg\" \/>\n<meta name=\"author\" content=\"lambert\" \/>\n<meta name=\"twitter:card\" content=\"summary_large_image\" \/>\n<meta name=\"twitter:label1\" content=\"Verfasst von\" \/>\n\t<meta name=\"twitter:data1\" content=\"lambert\" \/>\n\t<meta name=\"twitter:label2\" content=\"Gesch\u00e4tzte Lesezeit\" \/>\n\t<meta name=\"twitter:data2\" content=\"1\u00a0Minute\" \/>\n<script type=\"application\/ld+json\" class=\"yoast-schema-graph\">{\"@context\":\"https:\/\/schema.org\",\"@graph\":[{\"@type\":\"Article\",\"@id\":\"https:\/\/kahrs.ch\/de\/emotion-collection\/#article\",\"isPartOf\":{\"@id\":\"https:\/\/kahrs.ch\/de\/emotion-collection\/\"},\"author\":{\"name\":\"lambert\",\"@id\":\"https:\/\/kahrs.ch\/de\/#\/schema\/person\/fa47d4f9de06b223601203e1b4552a31\"},\"headline\":\"Entdecken Sie die Emotion Collection\",\"datePublished\":\"2024-02-26T14:39:21+00:00\",\"dateModified\":\"2024-06-28T09:34:02+00:00\",\"mainEntityOfPage\":{\"@id\":\"https:\/\/kahrs.ch\/de\/emotion-collection\/\"},\"wordCount\":195,\"publisher\":{\"@id\":\"https:\/\/kahrs.ch\/de\/#organization\"},\"image\":{\"@id\":\"https:\/\/kahrs.ch\/de\/emotion-collection\/#primaryimage\"},\"thumbnailUrl\":\"https:\/\/kahrs.ch\/wp-content\/uploads\/2024\/01\/a-284-scaled.jpg\",\"keywords\":[\"Innovationen\"],\"articleSection\":[\"Artikel\"],\"inLanguage\":\"de\"},{\"@type\":\"WebPage\",\"@id\":\"https:\/\/kahrs.ch\/de\/emotion-collection\/\",\"url\":\"https:\/\/kahrs.ch\/de\/emotion-collection\/\",\"name\":\"Entdecken Sie die Emotion Collection | K\u00e4hrs Switzerland\",\"isPartOf\":{\"@id\":\"https:\/\/kahrs.ch\/de\/#website\"},\"primaryImageOfPage\":{\"@id\":\"https:\/\/kahrs.ch\/de\/emotion-collection\/#primaryimage\"},\"image\":{\"@id\":\"https:\/\/kahrs.ch\/de\/emotion-collection\/#primaryimage\"},\"thumbnailUrl\":\"https:\/\/kahrs.ch\/wp-content\/uploads\/2024\/01\/a-284-scaled.jpg\",\"datePublished\":\"2024-02-26T14:39:21+00:00\",\"dateModified\":\"2024-06-28T09:34:02+00:00\",\"description\":\"Mit nat\u00fcrlichen Materialien, Licht- und Raummustern, warmen Naturt\u00f6nen und haptischen Oberfl\u00e4chen verk\u00f6rpert das Design der Emotion-Kollektion eine minimalistische und klare Philosophie.\",\"breadcrumb\":{\"@id\":\"https:\/\/kahrs.ch\/de\/emotion-collection\/#breadcrumb\"},\"inLanguage\":\"de\",\"potentialAction\":[{\"@type\":\"ReadAction\",\"target\":[\"https:\/\/kahrs.ch\/de\/emotion-collection\/\"]}]},{\"@type\":\"ImageObject\",\"inLanguage\":\"de\",\"@id\":\"https:\/\/kahrs.ch\/de\/emotion-collection\/#primaryimage\",\"url\":\"https:\/\/kahrs.ch\/wp-content\/uploads\/2024\/01\/a-284-scaled.jpg\",\"contentUrl\":\"https:\/\/kahrs.ch\/wp-content\/uploads\/2024\/01\/a-284-scaled.jpg\",\"width\":2560,\"height\":2350},{\"@type\":\"BreadcrumbList\",\"@id\":\"https:\/\/kahrs.ch\/de\/emotion-collection\/#breadcrumb\",\"itemListElement\":[{\"@type\":\"ListItem\",\"position\":1,\"name\":\"Accueil\",\"item\":\"https:\/\/kahrs.ch\/de\/kaehrs-parkett-und-vinylboeden\/\"},{\"@type\":\"ListItem\",\"position\":2,\"name\":\"Entdecken Sie die Emotion Collection\"}]},{\"@type\":\"WebSite\",\"@id\":\"https:\/\/kahrs.ch\/de\/#website\",\"url\":\"https:\/\/kahrs.ch\/de\/\",\"name\":\"K\u00e4hrs Switzerland\",\"description\":\"\",\"publisher\":{\"@id\":\"https:\/\/kahrs.ch\/de\/#organization\"},\"alternateName\":\"K\u00e4hrs Switzerland\",\"potentialAction\":[{\"@type\":\"SearchAction\",\"target\":{\"@type\":\"EntryPoint\",\"urlTemplate\":\"https:\/\/kahrs.ch\/de\/?s={search_term_string}\"},\"query-input\":{\"@type\":\"PropertyValueSpecification\",\"valueRequired\":true,\"valueName\":\"search_term_string\"}}],\"inLanguage\":\"de\"},{\"@type\":\"Organization\",\"@id\":\"https:\/\/kahrs.ch\/de\/#organization\",\"name\":\"K\u00e4hrs Switzerland\",\"url\":\"https:\/\/kahrs.ch\/de\/\",\"logo\":{\"@type\":\"ImageObject\",\"inLanguage\":\"de\",\"@id\":\"https:\/\/kahrs.ch\/de\/#\/schema\/logo\/image\/\",\"url\":\"https:\/\/kahrs.ch\/wp-content\/uploads\/2023\/08\/Kahrs-logotype-without-tagline_Print-150dpi_2-1.jpg\",\"contentUrl\":\"https:\/\/kahrs.ch\/wp-content\/uploads\/2023\/08\/Kahrs-logotype-without-tagline_Print-150dpi_2-1.jpg\",\"width\":421,\"height\":376,\"caption\":\"K\u00e4hrs Switzerland\"},\"image\":{\"@id\":\"https:\/\/kahrs.ch\/de\/#\/schema\/logo\/image\/\"}},{\"@type\":\"Person\",\"@id\":\"https:\/\/kahrs.ch\/de\/#\/schema\/person\/fa47d4f9de06b223601203e1b4552a31\",\"name\":\"lambert\",\"image\":{\"@type\":\"ImageObject\",\"inLanguage\":\"de\",\"@id\":\"https:\/\/kahrs.ch\/de\/#\/schema\/person\/image\/\",\"url\":\"https:\/\/secure.gravatar.com\/avatar\/6151d574894168a5954fae3ee3464dda7e266c271a294f7833b2b957124f9ea6?s=96&d=mm&r=g\",\"contentUrl\":\"https:\/\/secure.gravatar.com\/avatar\/6151d574894168a5954fae3ee3464dda7e266c271a294f7833b2b957124f9ea6?s=96&d=mm&r=g\",\"caption\":\"lambert\"},\"url\":\"https:\/\/kahrs.ch\/de\/author\/lambert\/\"}]}<\/script>\n<!-- \/ Yoast SEO plugin. -->","yoast_head_json":{"title":"Entdecken Sie die Emotion Collection | K\u00e4hrs Switzerland","description":"Mit nat\u00fcrlichen Materialien, Licht- und Raummustern, warmen Naturt\u00f6nen und haptischen Oberfl\u00e4chen verk\u00f6rpert das Design der Emotion-Kollektion eine minimalistische und klare Philosophie.","robots":{"index":"index","follow":"follow","max-snippet":"max-snippet:-1","max-image-preview":"max-image-preview:large","max-video-preview":"max-video-preview:-1"},"canonical":"https:\/\/kahrs.ch\/de\/emotion-collection\/","og_locale":"de_DE","og_type":"article","og_title":"Entdecken Sie die Emotion Collection | K\u00e4hrs Switzerland","og_description":"Mit nat\u00fcrlichen Materialien, Licht- und Raummustern, warmen Naturt\u00f6nen und haptischen Oberfl\u00e4chen verk\u00f6rpert das Design der Emotion-Kollektion eine minimalistische und klare Philosophie.","og_url":"https:\/\/kahrs.ch\/de\/emotion-collection\/","og_site_name":"K\u00e4hrs Switzerland","article_published_time":"2024-02-26T14:39:21+00:00","article_modified_time":"2024-06-28T09:34:02+00:00","og_image":[{"width":2560,"height":2350,"url":"https:\/\/kahrs.ch\/wp-content\/uploads\/2024\/01\/a-284-scaled.jpg","type":"image\/jpeg"}],"author":"lambert","twitter_card":"summary_large_image","twitter_misc":{"Verfasst von":"lambert","Gesch\u00e4tzte Lesezeit":"1\u00a0Minute"},"schema":{"@context":"https:\/\/schema.org","@graph":[{"@type":"Article","@id":"https:\/\/kahrs.ch\/de\/emotion-collection\/#article","isPartOf":{"@id":"https:\/\/kahrs.ch\/de\/emotion-collection\/"},"author":{"name":"lambert","@id":"https:\/\/kahrs.ch\/de\/#\/schema\/person\/fa47d4f9de06b223601203e1b4552a31"},"headline":"Entdecken Sie die Emotion Collection","datePublished":"2024-02-26T14:39:21+00:00","dateModified":"2024-06-28T09:34:02+00:00","mainEntityOfPage":{"@id":"https:\/\/kahrs.ch\/de\/emotion-collection\/"},"wordCount":195,"publisher":{"@id":"https:\/\/kahrs.ch\/de\/#organization"},"image":{"@id":"https:\/\/kahrs.ch\/de\/emotion-collection\/#primaryimage"},"thumbnailUrl":"https:\/\/kahrs.ch\/wp-content\/uploads\/2024\/01\/a-284-scaled.jpg","keywords":["Innovationen"],"articleSection":["Artikel"],"inLanguage":"de"},{"@type":"WebPage","@id":"https:\/\/kahrs.ch\/de\/emotion-collection\/","url":"https:\/\/kahrs.ch\/de\/emotion-collection\/","name":"Entdecken Sie die Emotion Collection | K\u00e4hrs Switzerland","isPartOf":{"@id":"https:\/\/kahrs.ch\/de\/#website"},"primaryImageOfPage":{"@id":"https:\/\/kahrs.ch\/de\/emotion-collection\/#primaryimage"},"image":{"@id":"https:\/\/kahrs.ch\/de\/emotion-collection\/#primaryimage"},"thumbnailUrl":"https:\/\/kahrs.ch\/wp-content\/uploads\/2024\/01\/a-284-scaled.jpg","datePublished":"2024-02-26T14:39:21+00:00","dateModified":"2024-06-28T09:34:02+00:00","description":"Mit nat\u00fcrlichen Materialien, Licht- und Raummustern, warmen Naturt\u00f6nen und haptischen Oberfl\u00e4chen verk\u00f6rpert das Design der Emotion-Kollektion eine minimalistische und klare Philosophie.","breadcrumb":{"@id":"https:\/\/kahrs.ch\/de\/emotion-collection\/#breadcrumb"},"inLanguage":"de","potentialAction":[{"@type":"ReadAction","target":["https:\/\/kahrs.ch\/de\/emotion-collection\/"]}]},{"@type":"ImageObject","inLanguage":"de","@id":"https:\/\/kahrs.ch\/de\/emotion-collection\/#primaryimage","url":"https:\/\/kahrs.ch\/wp-content\/uploads\/2024\/01\/a-284-scaled.jpg","contentUrl":"https:\/\/kahrs.ch\/wp-content\/uploads\/2024\/01\/a-284-scaled.jpg","width":2560,"height":2350},{"@type":"BreadcrumbList","@id":"https:\/\/kahrs.ch\/de\/emotion-collection\/#breadcrumb","itemListElement":[{"@type":"ListItem","position":1,"name":"Accueil","item":"https:\/\/kahrs.ch\/de\/kaehrs-parkett-und-vinylboeden\/"},{"@type":"ListItem","position":2,"name":"Entdecken Sie die Emotion Collection"}]},{"@type":"WebSite","@id":"https:\/\/kahrs.ch\/de\/#website","url":"https:\/\/kahrs.ch\/de\/","name":"K\u00e4hrs Switzerland","description":"","publisher":{"@id":"https:\/\/kahrs.ch\/de\/#organization"},"alternateName":"K\u00e4hrs Switzerland","potentialAction":[{"@type":"SearchAction","target":{"@type":"EntryPoint","urlTemplate":"https:\/\/kahrs.ch\/de\/?s={search_term_string}"},"query-input":{"@type":"PropertyValueSpecification","valueRequired":true,"valueName":"search_term_string"}}],"inLanguage":"de"},{"@type":"Organization","@id":"https:\/\/kahrs.ch\/de\/#organization","name":"K\u00e4hrs Switzerland","url":"https:\/\/kahrs.ch\/de\/","logo":{"@type":"ImageObject","inLanguage":"de","@id":"https:\/\/kahrs.ch\/de\/#\/schema\/logo\/image\/","url":"https:\/\/kahrs.ch\/wp-content\/uploads\/2023\/08\/Kahrs-logotype-without-tagline_Print-150dpi_2-1.jpg","contentUrl":"https:\/\/kahrs.ch\/wp-content\/uploads\/2023\/08\/Kahrs-logotype-without-tagline_Print-150dpi_2-1.jpg","width":421,"height":376,"caption":"K\u00e4hrs Switzerland"},"image":{"@id":"https:\/\/kahrs.ch\/de\/#\/schema\/logo\/image\/"}},{"@type":"Person","@id":"https:\/\/kahrs.ch\/de\/#\/schema\/person\/fa47d4f9de06b223601203e1b4552a31","name":"lambert","image":{"@type":"ImageObject","inLanguage":"de","@id":"https:\/\/kahrs.ch\/de\/#\/schema\/person\/image\/","url":"https:\/\/secure.gravatar.com\/avatar\/6151d574894168a5954fae3ee3464dda7e266c271a294f7833b2b957124f9ea6?s=96&d=mm&r=g","contentUrl":"https:\/\/secure.gravatar.com\/avatar\/6151d574894168a5954fae3ee3464dda7e266c271a294f7833b2b957124f9ea6?s=96&d=mm&r=g","caption":"lambert"},"url":"https:\/\/kahrs.ch\/de\/author\/lambert\/"}]}},"_links":{"self":[{"href":"https:\/\/kahrs.ch\/de\/wp-json\/wp\/v2\/posts\/15610","targetHints":{"allow":["GET"]}}],"collection":[{"href":"https:\/\/kahrs.ch\/de\/wp-json\/wp\/v2\/posts"}],"about":[{"href":"https:\/\/kahrs.ch\/de\/wp-json\/wp\/v2\/types\/post"}],"author":[{"embeddable":true,"href":"https:\/\/kahrs.ch\/de\/wp-json\/wp\/v2\/users\/2"}],"replies":[{"embeddable":true,"href":"https:\/\/kahrs.ch\/de\/wp-json\/wp\/v2\/comments?post=15610"}],"version-history":[{"count":9,"href":"https:\/\/kahrs.ch\/de\/wp-json\/wp\/v2\/posts\/15610\/revisions"}],"predecessor-version":[{"id":16736,"href":"https:\/\/kahrs.ch\/de\/wp-json\/wp\/v2\/posts\/15610\/revisions\/16736"}],"wp:featuredmedia":[{"embeddable":true,"href":"https:\/\/kahrs.ch\/de\/wp-json\/wp\/v2\/media\/15135"}],"wp:attachment":[{"href":"https:\/\/kahrs.ch\/de\/wp-json\/wp\/v2\/media?parent=15610"}],"wp:term":[{"taxonomy":"category","embeddable":true,"href":"https:\/\/kahrs.ch\/de\/wp-json\/wp\/v2\/categories?post=15610"},{"taxonomy":"post_tag","embeddable":true,"href":"https:\/\/kahrs.ch\/de\/wp-json\/wp\/v2\/tags?post=15610"},{"taxonomy":"lieux-dans-le-monde","embeddable":true,"href":"https:\/\/kahrs.ch\/de\/wp-json\/wp\/v2\/lieux-dans-le-monde?post=15610"},{"taxonomy":"references-filtres","embeddable":true,"href":"https:\/\/kahrs.ch\/de\/wp-json\/wp\/v2\/references-filtres?post=15610"}],"curies":[{"name":"wp","href":"https:\/\/api.w.org\/{rel}","templated":true}]}}