{"id":17928,"date":"2024-09-27T10:51:38","date_gmt":"2024-09-27T08:51:38","guid":{"rendered":"https:\/\/kahrs.ch\/heller-parkettboden\/"},"modified":"2024-11-16T14:40:26","modified_gmt":"2024-11-16T13:40:26","slug":"heller-parkettboden","status":"publish","type":"post","link":"https:\/\/kahrs.ch\/de\/heller-parkettboden\/","title":{"rendered":"Heller Parkettboden"},"content":{"rendered":"\t\t<div data-elementor-type=\"wp-post\" data-elementor-id=\"17928\" class=\"elementor elementor-17928 elementor-17652\" data-elementor-post-type=\"post\">\n\t\t\t\t<div class=\"elementor-element elementor-element-06cd5b6 e-flex e-con-boxed e-con e-parent\" data-id=\"06cd5b6\" data-element_type=\"container\" data-e-type=\"container\" data-settings=\"{&quot;jet_parallax_layout_list&quot;:[],&quot;background_background&quot;:&quot;classic&quot;}\">\n\t\t\t\t\t<div class=\"e-con-inner\">\n\t\t<div class=\"elementor-element elementor-element-e42d772 e-con-full e-flex e-con e-child\" data-id=\"e42d772\" data-element_type=\"container\" data-e-type=\"container\" data-settings=\"{&quot;jet_parallax_layout_list&quot;:[]}\">\n\t\t\t\t<div class=\"elementor-element elementor-element-d65a206 elementor-widget elementor-widget-heading\" data-id=\"d65a206\" data-element_type=\"widget\" data-e-type=\"widget\" data-widget_type=\"heading.default\">\n\t\t\t\t<div class=\"elementor-widget-container\">\n\t\t\t\t\t<h1 class=\"elementor-heading-title elementor-size-default\">Heller Parkettboden<\/h1>\t\t\t\t<\/div>\n\t\t\t\t<\/div>\n\t\t\t\t<div class=\"elementor-element elementor-element-6b8790b uael-mobile-heading-align-center elementor-widget elementor-widget-uael-advanced-heading\" data-id=\"6b8790b\" data-element_type=\"widget\" data-e-type=\"widget\" data-widget_type=\"uael-advanced-heading.default\">\n\t\t\t\t<div class=\"elementor-widget-container\">\n\t\t\t\t\t\n\t\t<div class=\"uael-module-content uael-heading-wrapper\">\n\t\t\t\t\t\t\n\t\t\t<h2 class=\"uael-heading\">\n\t\t\t\t\t\t\t\t\t\t<span class=\"uael-heading-text elementor-inline-editing uael-size--medium\" data-elementor-setting-key=\"heading_title\" data-elementor-inline-editing-toolbar=\"basic\">VERLEIHEN SIE IHRER INNENEINRICHTUNG MIT HELLEN HOLZB\u00d6DEN EINE NAT\u00dcRLICHE AUSSTRAHLUNG <\/span>\n\t\t\t\t\t\t\t<\/h2>\n\n\t\t\t\n\t\t\t\n\t\t\t\t\t\t\t<div class=\"uael-subheading elementor-inline-editing\" data-elementor-setting-key=\"heading_description\" data-elementor-inline-editing-toolbar=\"advanced\" >\n\t\t\t\t\tHelle Holzb\u00f6den sorgen f\u00fcr eine freundliche Atmosph\u00e4re in Ihrem Wohnbereich. Helle Holzb\u00f6den von K\u00e4hrs sind sch\u00f6n und machen einen Raum offen und einladend. Deshalb sind sie bei allen beliebt, die sich ein harmonisches und gem\u00fctliches Wohnumfeld w\u00fcnschen. Ein heller Holzboden ist ideal f\u00fcr alle, die einen skandinavischen Minimalismus oder eine nat\u00fcrliche Gelassenheit in ihre Wohnung bringen wollen.  \t\t\t\t<\/div>\n\t\t\t\t\n\t\t\t\t\t\t<\/div>\n\t\t\t\t\t\t<\/div>\n\t\t\t\t<\/div>\n\t\t\t\t<\/div>\n\t\t\t\t\t<\/div>\n\t\t\t\t<\/div>\n\t\t<div class=\"elementor-element elementor-element-6b49831 e-flex e-con-boxed e-con e-parent\" data-id=\"6b49831\" data-element_type=\"container\" data-e-type=\"container\" data-settings=\"{&quot;jet_parallax_layout_list&quot;:[]}\">\n\t\t\t\t\t<div class=\"e-con-inner\">\n\t\t<div class=\"elementor-element elementor-element-e978b31 e-con-full e-flex e-con e-child\" data-id=\"e978b31\" data-element_type=\"container\" data-e-type=\"container\" data-settings=\"{&quot;jet_parallax_layout_list&quot;:[]}\">\n\t\t\t\t<div class=\"elementor-element elementor-element-0b41d51 elementor-widget elementor-widget-heading\" data-id=\"0b41d51\" data-element_type=\"widget\" data-e-type=\"widget\" data-widget_type=\"heading.default\">\n\t\t\t\t<div class=\"elementor-widget-container\">\n\t\t\t\t\t<h2 class=\"elementor-heading-title elementor-size-default\">Welche Vorteile bringt die Wahl eines hellen Holzbodens? <\/h2>\t\t\t\t<\/div>\n\t\t\t\t<\/div>\n\t\t\t\t<div class=\"elementor-element elementor-element-822bd6c elementor-widget elementor-widget-text-editor\" data-id=\"822bd6c\" data-element_type=\"widget\" data-e-type=\"widget\" data-widget_type=\"text-editor.default\">\n\t\t\t\t<div class=\"elementor-widget-container\">\n\t\t\t\t\t\t\t\t\t<div class=\"block textblock col-lg-12 col-md-12 col-sm-12 col-xs-12\">\n<div class=\"block-inner position-relative block-158047 \">\n<div class=\"textblock-content position-relative\">\n<div class=\"text-block-body user-block-content\">\n<div class=\"block textblock col-lg-12 col-md-12 col-sm-12 col-xs-12\">\n<div class=\"block-inner position-relative block-157944 \">\n<div class=\"textblock-content position-relative\">\n<div class=\"text-block-body user-block-content\">\n<p>Die Wahl eines hellen Parkettbodens vereint \u00c4sthetik, Vielseitigkeit, Best\u00e4ndigkeit und Funktionalit\u00e4t. Er verleiht einen Hauch von zeitloser Eleganz, erhellt den Raum und bietet eine solide Grundlage f\u00fcr Ihre Einrichtungsw\u00fcnsche. Ob Sie eine warme, einladende Atmosph\u00e4re oder ein elegantes, modernes Ambiente w\u00fcnschen, ein heller Fussboden kann die perfekte Wahl f\u00fcr Ihr Zuhause oder Ihre Gesch\u00e4ftsr\u00e4ume sein.  <\/p>\n<\/div>\n<\/div>\n<\/div>\n<\/div>\n<\/div>\n<\/div>\n<\/div>\n<\/div>\n\t\t\t\t\t\t\t\t<\/div>\n\t\t\t\t<\/div>\n\t\t\t\t<\/div>\n\t\t\t\t\t<\/div>\n\t\t\t\t<\/div>\n\t\t<div class=\"elementor-element elementor-element-bf8238c e-flex e-con-boxed e-con e-parent\" data-id=\"bf8238c\" data-element_type=\"container\" data-e-type=\"container\" data-settings=\"{&quot;jet_parallax_layout_list&quot;:[]}\">\n\t\t\t\t\t<div class=\"e-con-inner\">\n\t\t<div class=\"elementor-element elementor-element-a78a3c8 e-con-full e-flex e-con e-child\" data-id=\"a78a3c8\" data-element_type=\"container\" data-e-type=\"container\" data-settings=\"{&quot;jet_parallax_layout_list&quot;:[]}\">\n\t\t\t\t<div class=\"elementor-element elementor-element-6783e2f elementor-widget elementor-widget-heading\" data-id=\"6783e2f\" data-element_type=\"widget\" data-e-type=\"widget\" data-widget_type=\"heading.default\">\n\t\t\t\t<div class=\"elementor-widget-container\">\n\t\t\t\t\t<h2 class=\"elementor-heading-title elementor-size-default\">Entdecken Sie unsere Auswahl an Parkettb\u00f6den aus hellen Holzarten <\/h2>\t\t\t\t<\/div>\n\t\t\t\t<\/div>\n\t\t\t\t<div class=\"elementor-element elementor-element-d68a4e2 elementor-widget elementor-widget-jet-woo-products\" data-id=\"d68a4e2\" data-element_type=\"widget\" data-e-type=\"widget\" data-settings=\"{&quot;columns&quot;:&quot;5&quot;,&quot;columns_mobile&quot;:&quot;3&quot;}\" data-widget_type=\"jet-woo-products.default\">\n\t\t\t\t<div class=\"elementor-widget-container\">\n\t\t\t\t\t<div class=\"elementor-jet-woo-products jet-woo-builder\"><div class=\"jet-woo-products jet-woo-products--preset-1 col-row  \" data-mobile-hover=\"\" >\n<div class=\"jet-woo-products__item jet-woo-builder-product jet-woo-thumb-with-effect\" data-product-id=\"15289\">\n\t<div class=\"jet-woo-products__inner-box\"  >\n\t\t\n<div class=\"jet-woo-product-thumbnail\">\n\t\n\t<a href=\"https:\/\/kahrs.ch\/de\/produkt\/n110-1\/\"><div class=\"jet-woo-product-thumbs effect-fade\"><div class=\"jet-woo-product-thumbs__inner\"><img fetchpriority=\"high\" decoding=\"async\" width=\"300\" height=\"300\" src=\"https:\/\/kahrs.ch\/wp-content\/uploads\/2024\/01\/s-110.1_111.1-scaled-300x300.jpg\" class=\"attachment-woocommerce_thumbnail size-woocommerce_thumbnail\" alt=\"\" data-no-lazy=\"1\" loading=\"auto\" \/><img decoding=\"async\" width=\"300\" height=\"300\" src=\"https:\/\/kahrs.ch\/wp-content\/uploads\/2024\/01\/a-110.1_111.1-scaled-300x300.jpg\" class=\"attachment-woocommerce_thumbnail size-woocommerce_thumbnail\" alt=\"Appartement contemporain avec un parquet en bois naturel\" data-no-lazy=\"1\" loading=\"auto\" \/><\/div><\/div><\/a>\n\t<div class=\"jet-woo-product-img-overlay\"><\/div>\n\n\t\n\t<\/div><div class=\"jet-woo-product-title\"><a href=\"https:\/\/kahrs.ch\/de\/produkt\/n110-1\/\">N\u00b0110.1<\/a><\/div>\n<div class=\"jet-woo-products-cqw-wrapper\">\n\t<\/div>\t<\/div>\n\n\t<\/div>\n<div class=\"jet-woo-products__item jet-woo-builder-product jet-woo-thumb-with-effect\" data-product-id=\"12316\">\n\t<div class=\"jet-woo-products__inner-box\"  >\n\t\t\n<div class=\"jet-woo-product-thumbnail\">\n\t\n\t<a href=\"https:\/\/kahrs.ch\/de\/produkt\/n142-3\/\"><div class=\"jet-woo-product-thumbs effect-fade\"><div class=\"jet-woo-product-thumbs__inner\"><img decoding=\"async\" width=\"300\" height=\"300\" src=\"https:\/\/kahrs.ch\/wp-content\/uploads\/2023\/07\/s142.3-300x300.jpg\" class=\"attachment-woocommerce_thumbnail size-woocommerce_thumbnail\" alt=\"\" data-no-lazy=\"1\" loading=\"auto\" \/><img decoding=\"async\" width=\"300\" height=\"300\" src=\"https:\/\/kahrs.ch\/wp-content\/uploads\/2023\/07\/a142.3-1-300x300.jpg\" class=\"attachment-woocommerce_thumbnail size-woocommerce_thumbnail\" alt=\"Parquet en ch\u00eane gris\" data-no-lazy=\"1\" loading=\"auto\" \/><\/div><\/div><\/a>\n\t<div class=\"jet-woo-product-img-overlay\"><\/div>\n\n\t\n\t<\/div><div class=\"jet-woo-product-title\"><a href=\"https:\/\/kahrs.ch\/de\/produkt\/n142-3\/\">N\u00b0142.3<\/a><\/div>\n<div class=\"jet-woo-products-cqw-wrapper\">\n\t<\/div>\t<\/div>\n\n\t<\/div>\n<div class=\"jet-woo-products__item jet-woo-builder-product jet-woo-thumb-with-effect\" data-product-id=\"12296\">\n\t<div class=\"jet-woo-products__inner-box\"  >\n\t\t\n<div class=\"jet-woo-product-thumbnail\">\n\t\n\t<a href=\"https:\/\/kahrs.ch\/de\/produkt\/n125-5\/\"><div class=\"jet-woo-product-thumbs effect-fade\"><div class=\"jet-woo-product-thumbs__inner\"><img decoding=\"async\" width=\"300\" height=\"300\" src=\"https:\/\/kahrs.ch\/wp-content\/uploads\/2023\/07\/s125.5-300x300.jpg\" class=\"attachment-woocommerce_thumbnail size-woocommerce_thumbnail\" alt=\"\" data-no-lazy=\"1\" loading=\"auto\" \/><img decoding=\"async\" width=\"300\" height=\"300\" src=\"https:\/\/kahrs.ch\/wp-content\/uploads\/2023\/07\/a125.5-1-300x300.jpg\" class=\"attachment-woocommerce_thumbnail size-woocommerce_thumbnail\" alt=\"\" data-no-lazy=\"1\" loading=\"auto\" \/><\/div><\/div><\/a>\n\t<div class=\"jet-woo-product-img-overlay\"><\/div>\n\n\t\n\t<\/div><div class=\"jet-woo-product-title\"><a href=\"https:\/\/kahrs.ch\/de\/produkt\/n125-5\/\">N\u00b0125.5<\/a><\/div>\n<div class=\"jet-woo-products-cqw-wrapper\">\n\t<\/div>\t<\/div>\n\n\t<\/div>\n<div class=\"jet-woo-products__item jet-woo-builder-product jet-woo-thumb-with-effect\" data-product-id=\"12292\">\n\t<div class=\"jet-woo-products__inner-box\"  >\n\t\t\n<div class=\"jet-woo-product-thumbnail\">\n\t\n\t<a href=\"https:\/\/kahrs.ch\/de\/produkt\/n124-5\/\"><div class=\"jet-woo-product-thumbs effect-fade\"><div class=\"jet-woo-product-thumbs__inner\"><img decoding=\"async\" width=\"300\" height=\"300\" src=\"https:\/\/kahrs.ch\/wp-content\/uploads\/2023\/07\/s124.5-300x300.jpg\" class=\"attachment-woocommerce_thumbnail size-woocommerce_thumbnail\" alt=\"\" data-no-lazy=\"1\" loading=\"auto\" \/><img decoding=\"async\" width=\"300\" height=\"300\" src=\"https:\/\/kahrs.ch\/wp-content\/uploads\/2023\/07\/a124.5-1-300x300.jpg\" class=\"attachment-woocommerce_thumbnail size-woocommerce_thumbnail\" alt=\"\" data-no-lazy=\"1\" loading=\"auto\" \/><\/div><\/div><\/a>\n\t<div class=\"jet-woo-product-img-overlay\"><\/div>\n\n\t\n\t<\/div><div class=\"jet-woo-product-title\"><a href=\"https:\/\/kahrs.ch\/de\/produkt\/n124-5\/\">N\u00b0124.5<\/a><\/div>\n<div class=\"jet-woo-products-cqw-wrapper\">\n\t<\/div>\t<\/div>\n\n\t<\/div><\/div>\n<\/div>\t\t\t\t<\/div>\n\t\t\t\t<\/div>\n\t\t\t\t<\/div>\n\t\t\t\t\t<\/div>\n\t\t\t\t<\/div>\n\t\t<div class=\"elementor-element elementor-element-3d016b1 e-flex e-con-boxed e-con e-parent\" data-id=\"3d016b1\" data-element_type=\"container\" data-e-type=\"container\" data-settings=\"{&quot;jet_parallax_layout_list&quot;:[]}\">\n\t\t\t\t\t<div class=\"e-con-inner\">\n\t\t<div class=\"elementor-element elementor-element-ef484fc e-con-full e-flex e-con e-child\" data-id=\"ef484fc\" data-element_type=\"container\" data-e-type=\"container\" data-settings=\"{&quot;jet_parallax_layout_list&quot;:[]}\">\n\t\t\t\t<div class=\"elementor-element elementor-element-81d302a elementor-widget elementor-widget-heading\" data-id=\"81d302a\" data-element_type=\"widget\" data-e-type=\"widget\" data-widget_type=\"heading.default\">\n\t\t\t\t<div class=\"elementor-widget-container\">\n\t\t\t\t\t<h3 class=\"elementor-heading-title elementor-size-default\">Soll der Parkettboden hell oder dunkel sein? <\/h3>\t\t\t\t<\/div>\n\t\t\t\t<\/div>\n\t\t\t\t<div class=\"elementor-element elementor-element-1b4576e elementor-widget elementor-widget-text-editor\" data-id=\"1b4576e\" data-element_type=\"widget\" data-e-type=\"widget\" data-widget_type=\"text-editor.default\">\n\t\t\t\t<div class=\"elementor-widget-container\">\n\t\t\t\t\t\t\t\t\t<p>Bei der Wahl des idealen Holzfussbodens kann die Entscheidung zwischen hellem und dunklem Parkett einen grossen Einfluss auf das Aussehen und die Atmosph\u00e4re des Raumes haben. Helle Holzb\u00f6den beleben den Raum und schaffen eine offene, luftige Atmosph\u00e4re, die gut zu modernem oder skandinavischem Design passt. Ausserdem sind sie pflegeleicht und vielseitig einsetzbar. Dunkle Holzb\u00f6den hingegen strahlen Raffinesse aus und verleihen traditionellen oder luxuri\u00f6sen Stilen Tiefe, indem sie ein gewagtes Statement setzen. <br \/>Bei der Entscheidung zwischen einem hellen und einem dunklen Holzfussboden sollten Faktoren wie die nat\u00fcrliche Beleuchtung, die gew\u00fcnschte Atmosph\u00e4re und die Pflegeanforderungen ber\u00fccksichtigt werden, da beide Varianten einen sch\u00f6nen Kontrast zu Ihrer Inneneinrichtung bilden k\u00f6nnen.    <\/p>\n\t\t\t\t\t\t\t\t<\/div>\n\t\t\t\t<\/div>\n\t\t\t\t<\/div>\n\t\t<div class=\"elementor-element elementor-element-714e69e e-con-full e-flex e-con e-child\" data-id=\"714e69e\" data-element_type=\"container\" data-e-type=\"container\" data-settings=\"{&quot;background_background&quot;:&quot;classic&quot;,&quot;jet_parallax_layout_list&quot;:[]}\">\n\t\t\t\t<div class=\"elementor-element elementor-element-c69fee5 elementor-widget elementor-widget-text-editor\" data-id=\"c69fee5\" data-element_type=\"widget\" data-e-type=\"widget\" data-widget_type=\"text-editor.default\">\n\t\t\t\t<div class=\"elementor-widget-container\">\n\t\t\t\t\t\t\t\t\t<p>135.3<\/p>\n\t\t\t\t\t\t\t\t<\/div>\n\t\t\t\t<\/div>\n\t\t\t\t<\/div>\n\t\t\t\t\t<\/div>\n\t\t\t\t<\/div>\n\t\t<div class=\"elementor-element elementor-element-e0cc9ad e-flex e-con-boxed e-con e-parent\" data-id=\"e0cc9ad\" data-element_type=\"container\" data-e-type=\"container\" data-settings=\"{&quot;jet_parallax_layout_list&quot;:[]}\">\n\t\t\t\t\t<div class=\"e-con-inner\">\n\t\t<div class=\"elementor-element elementor-element-cd0f938 e-con-full e-flex e-con e-child\" data-id=\"cd0f938\" data-element_type=\"container\" data-e-type=\"container\" data-settings=\"{&quot;jet_parallax_layout_list&quot;:[]}\">\n\t\t\t\t<div class=\"elementor-element elementor-element-8398455 elementor-widget elementor-widget-heading\" data-id=\"8398455\" data-element_type=\"widget\" data-e-type=\"widget\" data-widget_type=\"heading.default\">\n\t\t\t\t<div class=\"elementor-widget-container\">\n\t\t\t\t\t<h3 class=\"elementor-heading-title elementor-size-default\">Wann ist ein heller Parkettboden geeignet?<\/h3>\t\t\t\t<\/div>\n\t\t\t\t<\/div>\n\t\t\t\t<div class=\"elementor-element elementor-element-fb7d451 elementor-widget elementor-widget-heading\" data-id=\"fb7d451\" data-element_type=\"widget\" data-e-type=\"widget\" data-widget_type=\"heading.default\">\n\t\t\t\t<div class=\"elementor-widget-container\">\n\t\t\t\t\t<h4 class=\"elementor-heading-title elementor-size-default\">Wenn Sie eine freundliche und einladende Atmosph\u00e4re schaffen m\u00f6chten.<\/h4>\t\t\t\t<\/div>\n\t\t\t\t<\/div>\n\t\t\t\t<div class=\"elementor-element elementor-element-56e81e3 elementor-widget elementor-widget-text-editor\" data-id=\"56e81e3\" data-element_type=\"widget\" data-e-type=\"widget\" data-widget_type=\"text-editor.default\">\n\t\t\t\t<div class=\"elementor-widget-container\">\n\t\t\t\t\t\t\t\t\t<p>Helle Holzb\u00f6den sind eine ausgezeichnete Wahl, wenn Sie einen hellen, luftigen und optisch ger\u00e4umigen Raum schaffen m\u00f6chten. Die hellen Farben reflektieren nat\u00fcrliches und k\u00fcnstliches Licht, wodurch der Raum gr\u00f6sser und freundlicher wirkt. Perfekt f\u00fcr kleine R\u00e4ume oder Bereiche, in denen es nicht viel nat\u00fcrliches Licht gibt.  <\/p>\n\t\t\t\t\t\t\t\t<\/div>\n\t\t\t\t<\/div>\n\t\t\t\t<div class=\"elementor-element elementor-element-65341b7 elementor-widget elementor-widget-heading\" data-id=\"65341b7\" data-element_type=\"widget\" data-e-type=\"widget\" data-widget_type=\"heading.default\">\n\t\t\t\t<div class=\"elementor-widget-container\">\n\t\t\t\t\t<h4 class=\"elementor-heading-title elementor-size-default\">Sie m\u00f6chten einen kleinen Raum vergr\u00f6ssern?<\/h4>\t\t\t\t<\/div>\n\t\t\t\t<\/div>\n\t\t\t\t<div class=\"elementor-element elementor-element-8e3b9d3 elementor-widget elementor-widget-text-editor\" data-id=\"8e3b9d3\" data-element_type=\"widget\" data-e-type=\"widget\" data-widget_type=\"text-editor.default\">\n\t\t\t\t<div class=\"elementor-widget-container\">\n\t\t\t\t\t\t\t\t\t<p>Helle Holzb\u00f6den haben die einzigartige F\u00e4higkeit, einen Raum optisch zu vergr\u00f6ssern. Wenn Ihr Wohnraum klein ist, k\u00f6nnen helle Holzb\u00f6den die Illusion von Weite und grossz\u00fcgiger Raumaufteilung vermitteln. Helle Farbt\u00f6ne reflektieren das Licht, erh\u00f6hen die Helligkeit und tragen zu einer offenen und freundlichen Atmosph\u00e4re bei.  <\/p>\n\t\t\t\t\t\t\t\t<\/div>\n\t\t\t\t<\/div>\n\t\t\t\t<div class=\"elementor-element elementor-element-3cc3d1e elementor-widget elementor-widget-heading\" data-id=\"3cc3d1e\" data-element_type=\"widget\" data-e-type=\"widget\" data-widget_type=\"heading.default\">\n\t\t\t\t<div class=\"elementor-widget-container\">\n\t\t\t\t\t<h4 class=\"elementor-heading-title elementor-size-default\">Wenn Sie Abwechslung in die Dekoration bringen m\u00f6chten<\/h4>\t\t\t\t<\/div>\n\t\t\t\t<\/div>\n\t\t\t\t<div class=\"elementor-element elementor-element-b82f08f elementor-widget elementor-widget-text-editor\" data-id=\"b82f08f\" data-element_type=\"widget\" data-e-type=\"widget\" data-widget_type=\"text-editor.default\">\n\t\t\t\t<div class=\"elementor-widget-container\">\n\t\t\t\t\t\t\t\t\t<div class=\"block textblock col-lg-6 col-md-12 col-sm-12 col-xs-12 displaymode-half\">\n<div class=\"block-inner position-relative block-157950 \">\n<div class=\"textblock-content position-relative\">\n<div class=\"text-block-body user-block-content\">\n<p>Ein heller Parkettboden dient als neutraler Hintergrund, der eine gr\u00f6ssere Flexibilit\u00e4t bei der Auswahl von M\u00f6beln und Dekorationen erm\u00f6glicht. Er l\u00e4sst sich gut mit einer Vielzahl von Farben und Dekorationselementen kombinieren. Ob Sie Ihre Einrichtung h\u00e4ufig \u00e4ndern m\u00f6chten oder ein zeitloses, anpassungsf\u00e4higes Dekor bevorzugen, helle Holzb\u00f6den bieten viele kreative M\u00f6glichkeiten.  <\/p>\n<\/div>\n<\/div>\n<\/div>\n<\/div>\n\t\t\t\t\t\t\t\t<\/div>\n\t\t\t\t<\/div>\n\t\t\t\t<\/div>\n\t\t<div class=\"elementor-element elementor-element-46e5f72 e-con-full e-flex e-con e-child\" data-id=\"46e5f72\" data-element_type=\"container\" data-e-type=\"container\" data-settings=\"{&quot;background_background&quot;:&quot;classic&quot;,&quot;jet_parallax_layout_list&quot;:[]}\">\n\t\t\t\t<div class=\"elementor-element elementor-element-4743f6a elementor-widget elementor-widget-text-editor\" data-id=\"4743f6a\" data-element_type=\"widget\" data-e-type=\"widget\" data-widget_type=\"text-editor.default\">\n\t\t\t\t<div class=\"elementor-widget-container\">\n\t\t\t\t\t\t\t\t\t<p>134.3<\/p>\n\t\t\t\t\t\t\t\t<\/div>\n\t\t\t\t<\/div>\n\t\t\t\t<\/div>\n\t\t\t\t\t<\/div>\n\t\t\t\t<\/div>\n\t\t<div class=\"elementor-element elementor-element-d796fc4 e-flex e-con-boxed e-con e-parent\" data-id=\"d796fc4\" data-element_type=\"container\" data-e-type=\"container\" data-settings=\"{&quot;jet_parallax_layout_list&quot;:[]}\">\n\t\t\t\t\t<div class=\"e-con-inner\">\n\t\t<div class=\"elementor-element elementor-element-3794bf4 e-con-full e-flex e-con e-child\" data-id=\"3794bf4\" data-element_type=\"container\" data-e-type=\"container\" data-settings=\"{&quot;jet_parallax_layout_list&quot;:[]}\">\n\t\t\t\t<\/div>\n\t\t\t\t\t<\/div>\n\t\t\t\t<\/div>\n\t\t<div class=\"elementor-element elementor-element-1bfe099 e-con-full e-flex e-con e-parent\" data-id=\"1bfe099\" data-element_type=\"container\" data-e-type=\"container\" data-settings=\"{&quot;background_background&quot;:&quot;classic&quot;,&quot;jet_parallax_layout_list&quot;:[]}\">\n\t\t\t\t<div class=\"elementor-element elementor-element-25c4ab8 elementor-widget elementor-widget-heading\" data-id=\"25c4ab8\" data-element_type=\"widget\" data-e-type=\"widget\" data-widget_type=\"heading.default\">\n\t\t\t\t<div class=\"elementor-widget-container\">\n\t\t\t\t\t<h3 class=\"elementor-heading-title elementor-size-default\">Entdecken Sie den idealen Boden f\u00fcr jeden Raum in Ihrem Zuhause.<\/h3>\t\t\t\t<\/div>\n\t\t\t\t<\/div>\n\t\t\t\t<div class=\"elementor-element elementor-element-890bd73 elementor-widget elementor-widget-text-editor\" data-id=\"890bd73\" data-element_type=\"widget\" data-e-type=\"widget\" data-widget_type=\"text-editor.default\">\n\t\t\t\t<div class=\"elementor-widget-container\">\n\t\t\t\t\t\t\t\t\t<div class=\"block textblock col-lg-12 col-md-12 col-sm-12 col-xs-12\">\n<div class=\"block-inner position-relative block-158047 \">\n<div class=\"textblock-content position-relative\">\n<div class=\"text-block-body user-block-content\">\n<div class=\"block textblock col-lg-12 col-md-12 col-sm-12 col-xs-12\">\n<div class=\"block-inner position-relative block-157944 \">\n<div class=\"textblock-content position-relative\">\n<div class=\"text-block-body user-block-content\">\n<div class=\"block textblock col-lg-12 col-md-12 col-sm-12 col-xs-12\">\n<div class=\"block-inner position-relative block-157953 \">\n<div class=\"textblock-content position-relative\">\n<div class=\"text-block-body user-block-content\">\n<p>Von der K\u00fcche bis zum Wohnzimmer, vom Flur bis zum Schlafzimmer &#8211; helle Holzb\u00f6den verbinden Stil und Funktionalit\u00e4t. <br \/>Entdecken Sie unser vielf\u00e4ltiges Angebot an Parkettb\u00f6den, die die Atmosph\u00e4re jedes Raumes in Ihrem Zuhause aufwerten.<\/p>\n<p><span style=\"color: #ffffff;\"><a style=\"color: #ffffff;\" href=\"https:\/\/kahrs.ch\/de\/bodenbelag-nach-wohnraeumen-entdecken\/\"><span style=\"text-decoration: underline;\">Mehr erfahren<\/span><\/a><\/span><\/p>\n<\/div>\n<\/div>\n<\/div>\n<\/div>\n<\/div>\n<\/div>\n<\/div>\n<\/div>\n<\/div>\n<\/div>\n<\/div>\n<\/div>\n\t\t\t\t\t\t\t\t<\/div>\n\t\t\t\t<\/div>\n\t\t\t\t<\/div>\n\t\t<div class=\"elementor-element elementor-element-07a1773 animated-slow e-flex e-con-boxed elementor-invisible e-con e-parent\" data-id=\"07a1773\" data-element_type=\"container\" data-e-type=\"container\" data-settings=\"{&quot;background_background&quot;:&quot;classic&quot;,&quot;jet_parallax_layout_list&quot;:[],&quot;animation&quot;:&quot;slideInLeft&quot;}\">\n\t\t\t\t\t<div class=\"e-con-inner\">\n\t\t\t\t<div class=\"elementor-element elementor-element-151a5f3 elementor-widget elementor-widget-button\" data-id=\"151a5f3\" data-element_type=\"widget\" data-e-type=\"widget\" data-widget_type=\"button.default\">\n\t\t\t\t<div class=\"elementor-widget-container\">\n\t\t\t\t\t\t\t\t\t<div class=\"elementor-button-wrapper\">\n\t\t\t\t\t<a class=\"elementor-button elementor-button-link elementor-size-sm elementor-animation-grow\" href=\"https:\/\/kahrs.ch\/de\/die-farbe-des-parketts\/\">\n\t\t\t\t\t\t<span class=\"elementor-button-content-wrapper\">\n\t\t\t\t\t\t<span class=\"elementor-button-icon\">\n\t\t\t\t<i aria-hidden=\"true\" class=\"fas fa-angle-right\"><\/i>\t\t\t<\/span>\n\t\t\t\t\t\t\t\t\t<span class=\"elementor-button-text\">Entdecken Sie weitere Farben <\/span>\n\t\t\t\t\t<\/span>\n\t\t\t\t\t<\/a>\n\t\t\t\t<\/div>\n\t\t\t\t\t\t\t\t<\/div>\n\t\t\t\t<\/div>\n\t\t\t\t\t<\/div>\n\t\t\t\t<\/div>\n\t\t\t\t<\/div>\n\t\t","protected":false},"excerpt":{"rendered":"<p>Helle Holzb\u00f6den sind ein Hingucker f\u00fcr jeden Wohnbereich. Sie verleihen dem Raum eine einladende Ausstrahlung und sorgen f\u00fcr ein elegantes Ambiente.<\/p>\n","protected":false},"author":2,"featured_media":17666,"comment_status":"closed","ping_status":"closed","sticky":false,"template":"elementor_header_footer","format":"standard","meta":{"_acf_changed":false,"site-sidebar-layout":"default","site-content-layout":"","ast-site-content-layout":"default","site-content-style":"default","site-sidebar-style":"default","ast-global-header-display":"","ast-banner-title-visibility":"","ast-main-header-display":"","ast-hfb-above-header-display":"","ast-hfb-below-header-display":"","ast-hfb-mobile-header-display":"","site-post-title":"","ast-breadcrumbs-content":"","ast-featured-img":"","footer-sml-layout":"","ast-disable-related-posts":"","theme-transparent-header-meta":"","adv-header-id-meta":"","stick-header-meta":"","header-above-stick-meta":"","header-main-stick-meta":"","header-below-stick-meta":"","astra-migrate-meta-layouts":"default","ast-page-background-enabled":"default","ast-page-background-meta":{"desktop":{"background-color":"var(--ast-global-color-4)","background-image":"","background-repeat":"repeat","background-position":"center center","background-size":"auto","background-attachment":"scroll","background-type":"","background-media":"","overlay-type":"","overlay-color":"","overlay-opacity":"","overlay-gradient":""},"tablet":{"background-color":"","background-image":"","background-repeat":"repeat","background-position":"center center","background-size":"auto","background-attachment":"scroll","background-type":"","background-media":"","overlay-type":"","overlay-color":"","overlay-opacity":"","overlay-gradient":""},"mobile":{"background-color":"","background-image":"","background-repeat":"repeat","background-position":"center center","background-size":"auto","background-attachment":"scroll","background-type":"","background-media":"","overlay-type":"","overlay-color":"","overlay-opacity":"","overlay-gradient":""}},"ast-content-background-meta":{"desktop":{"background-color":"var(--ast-global-color-5)","background-image":"","background-repeat":"repeat","background-position":"center center","background-size":"auto","background-attachment":"scroll","background-type":"","background-media":"","overlay-type":"","overlay-color":"","overlay-opacity":"","overlay-gradient":""},"tablet":{"background-color":"var(--ast-global-color-5)","background-image":"","background-repeat":"repeat","background-position":"center center","background-size":"auto","background-attachment":"scroll","background-type":"","background-media":"","overlay-type":"","overlay-color":"","overlay-opacity":"","overlay-gradient":""},"mobile":{"background-color":"var(--ast-global-color-5)","background-image":"","background-repeat":"repeat","background-position":"center center","background-size":"auto","background-attachment":"scroll","background-type":"","background-media":"","overlay-type":"","overlay-color":"","overlay-opacity":"","overlay-gradient":""}},"footnotes":""},"categories":[2850],"tags":[2854],"lieux-dans-le-monde":[],"references-filtres":[],"class_list":["post-17928","post","type-post","status-publish","format-standard","has-post-thumbnail","hentry","category-artikel","tag-design"],"acf":[],"yoast_head":"<!-- This site is optimized with the Yoast SEO plugin v27.1.1 - https:\/\/yoast.com\/product\/yoast-seo-wordpress\/ -->\n<title>Heller Parkettboden | K\u00e4hrs Switzerland<\/title>\n<meta name=\"description\" content=\"Helle Holzb\u00f6den sind ein Hingucker f\u00fcr jeden Wohnbereich. Sie verleihen dem Raum eine einladende Ausstrahlung und sorgen f\u00fcr ein elegantes Ambiente.\" \/>\n<meta name=\"robots\" content=\"index, follow, max-snippet:-1, max-image-preview:large, max-video-preview:-1\" \/>\n<link rel=\"canonical\" href=\"https:\/\/kahrs.ch\/de\/heller-parkettboden\/\" \/>\n<meta property=\"og:locale\" content=\"de_DE\" \/>\n<meta property=\"og:type\" content=\"article\" \/>\n<meta property=\"og:title\" content=\"Heller Parkettboden | K\u00e4hrs Switzerland\" \/>\n<meta property=\"og:description\" content=\"Helle Holzb\u00f6den sind ein Hingucker f\u00fcr jeden Wohnbereich. Sie verleihen dem Raum eine einladende Ausstrahlung und sorgen f\u00fcr ein elegantes Ambiente.\" \/>\n<meta property=\"og:url\" content=\"https:\/\/kahrs.ch\/de\/heller-parkettboden\/\" \/>\n<meta property=\"og:site_name\" content=\"K\u00e4hrs Switzerland\" \/>\n<meta property=\"article:published_time\" content=\"2024-09-27T08:51:38+00:00\" \/>\n<meta property=\"article:modified_time\" content=\"2024-11-16T13:40:26+00:00\" \/>\n<meta property=\"og:image\" content=\"https:\/\/kahrs.ch\/wp-content\/uploads\/2024\/09\/135.3-Frosted-Oat-3_Stab-Raum-scaled.jpg\" \/>\n\t<meta property=\"og:image:width\" content=\"2560\" \/>\n\t<meta property=\"og:image:height\" content=\"2307\" \/>\n\t<meta property=\"og:image:type\" content=\"image\/jpeg\" \/>\n<meta name=\"author\" content=\"lambert\" \/>\n<meta name=\"twitter:card\" content=\"summary_large_image\" \/>\n<meta name=\"twitter:label1\" content=\"Verfasst von\" \/>\n\t<meta name=\"twitter:data1\" content=\"lambert\" \/>\n\t<meta name=\"twitter:label2\" content=\"Gesch\u00e4tzte Lesezeit\" \/>\n\t<meta name=\"twitter:data2\" content=\"3\u00a0Minuten\" \/>\n<script type=\"application\/ld+json\" class=\"yoast-schema-graph\">{\"@context\":\"https:\/\/schema.org\",\"@graph\":[{\"@type\":\"Article\",\"@id\":\"https:\/\/kahrs.ch\/de\/heller-parkettboden\/#article\",\"isPartOf\":{\"@id\":\"https:\/\/kahrs.ch\/de\/heller-parkettboden\/\"},\"author\":{\"name\":\"lambert\",\"@id\":\"https:\/\/kahrs.ch\/de\/#\/schema\/person\/fa47d4f9de06b223601203e1b4552a31\"},\"headline\":\"Heller Parkettboden\",\"datePublished\":\"2024-09-27T08:51:38+00:00\",\"dateModified\":\"2024-11-16T13:40:26+00:00\",\"mainEntityOfPage\":{\"@id\":\"https:\/\/kahrs.ch\/de\/heller-parkettboden\/\"},\"wordCount\":552,\"publisher\":{\"@id\":\"https:\/\/kahrs.ch\/de\/#organization\"},\"image\":{\"@id\":\"https:\/\/kahrs.ch\/de\/heller-parkettboden\/#primaryimage\"},\"thumbnailUrl\":\"https:\/\/kahrs.ch\/wp-content\/uploads\/2024\/09\/135.3-Frosted-Oat-3_Stab-Raum-scaled.jpg\",\"keywords\":[\"Design\"],\"articleSection\":[\"Artikel\"],\"inLanguage\":\"de\"},{\"@type\":\"WebPage\",\"@id\":\"https:\/\/kahrs.ch\/de\/heller-parkettboden\/\",\"url\":\"https:\/\/kahrs.ch\/de\/heller-parkettboden\/\",\"name\":\"Heller Parkettboden | K\u00e4hrs Switzerland\",\"isPartOf\":{\"@id\":\"https:\/\/kahrs.ch\/de\/#website\"},\"primaryImageOfPage\":{\"@id\":\"https:\/\/kahrs.ch\/de\/heller-parkettboden\/#primaryimage\"},\"image\":{\"@id\":\"https:\/\/kahrs.ch\/de\/heller-parkettboden\/#primaryimage\"},\"thumbnailUrl\":\"https:\/\/kahrs.ch\/wp-content\/uploads\/2024\/09\/135.3-Frosted-Oat-3_Stab-Raum-scaled.jpg\",\"datePublished\":\"2024-09-27T08:51:38+00:00\",\"dateModified\":\"2024-11-16T13:40:26+00:00\",\"description\":\"Helle Holzb\u00f6den sind ein Hingucker f\u00fcr jeden Wohnbereich. Sie verleihen dem Raum eine einladende Ausstrahlung und sorgen f\u00fcr ein elegantes Ambiente.\",\"breadcrumb\":{\"@id\":\"https:\/\/kahrs.ch\/de\/heller-parkettboden\/#breadcrumb\"},\"inLanguage\":\"de\",\"potentialAction\":[{\"@type\":\"ReadAction\",\"target\":[\"https:\/\/kahrs.ch\/de\/heller-parkettboden\/\"]}]},{\"@type\":\"ImageObject\",\"inLanguage\":\"de\",\"@id\":\"https:\/\/kahrs.ch\/de\/heller-parkettboden\/#primaryimage\",\"url\":\"https:\/\/kahrs.ch\/wp-content\/uploads\/2024\/09\/135.3-Frosted-Oat-3_Stab-Raum-scaled.jpg\",\"contentUrl\":\"https:\/\/kahrs.ch\/wp-content\/uploads\/2024\/09\/135.3-Frosted-Oat-3_Stab-Raum-scaled.jpg\",\"width\":2560,\"height\":2307,\"caption\":\"Design de maison avec parquet clair\"},{\"@type\":\"BreadcrumbList\",\"@id\":\"https:\/\/kahrs.ch\/de\/heller-parkettboden\/#breadcrumb\",\"itemListElement\":[{\"@type\":\"ListItem\",\"position\":1,\"name\":\"Accueil\",\"item\":\"https:\/\/kahrs.ch\/de\/kaehrs-parkett-und-vinylboeden\/\"},{\"@type\":\"ListItem\",\"position\":2,\"name\":\"Heller Parkettboden\"}]},{\"@type\":\"WebSite\",\"@id\":\"https:\/\/kahrs.ch\/de\/#website\",\"url\":\"https:\/\/kahrs.ch\/de\/\",\"name\":\"K\u00e4hrs Switzerland\",\"description\":\"\",\"publisher\":{\"@id\":\"https:\/\/kahrs.ch\/de\/#organization\"},\"alternateName\":\"K\u00e4hrs Switzerland\",\"potentialAction\":[{\"@type\":\"SearchAction\",\"target\":{\"@type\":\"EntryPoint\",\"urlTemplate\":\"https:\/\/kahrs.ch\/de\/?s={search_term_string}\"},\"query-input\":{\"@type\":\"PropertyValueSpecification\",\"valueRequired\":true,\"valueName\":\"search_term_string\"}}],\"inLanguage\":\"de\"},{\"@type\":\"Organization\",\"@id\":\"https:\/\/kahrs.ch\/de\/#organization\",\"name\":\"K\u00e4hrs Switzerland\",\"url\":\"https:\/\/kahrs.ch\/de\/\",\"logo\":{\"@type\":\"ImageObject\",\"inLanguage\":\"de\",\"@id\":\"https:\/\/kahrs.ch\/de\/#\/schema\/logo\/image\/\",\"url\":\"https:\/\/kahrs.ch\/wp-content\/uploads\/2023\/08\/Kahrs-logotype-without-tagline_Print-150dpi_2-1.jpg\",\"contentUrl\":\"https:\/\/kahrs.ch\/wp-content\/uploads\/2023\/08\/Kahrs-logotype-without-tagline_Print-150dpi_2-1.jpg\",\"width\":421,\"height\":376,\"caption\":\"K\u00e4hrs Switzerland\"},\"image\":{\"@id\":\"https:\/\/kahrs.ch\/de\/#\/schema\/logo\/image\/\"}},{\"@type\":\"Person\",\"@id\":\"https:\/\/kahrs.ch\/de\/#\/schema\/person\/fa47d4f9de06b223601203e1b4552a31\",\"name\":\"lambert\",\"image\":{\"@type\":\"ImageObject\",\"inLanguage\":\"de\",\"@id\":\"https:\/\/kahrs.ch\/de\/#\/schema\/person\/image\/\",\"url\":\"https:\/\/secure.gravatar.com\/avatar\/6151d574894168a5954fae3ee3464dda7e266c271a294f7833b2b957124f9ea6?s=96&d=mm&r=g\",\"contentUrl\":\"https:\/\/secure.gravatar.com\/avatar\/6151d574894168a5954fae3ee3464dda7e266c271a294f7833b2b957124f9ea6?s=96&d=mm&r=g\",\"caption\":\"lambert\"},\"url\":\"https:\/\/kahrs.ch\/de\/author\/lambert\/\"}]}<\/script>\n<!-- \/ Yoast SEO plugin. -->","yoast_head_json":{"title":"Heller Parkettboden | K\u00e4hrs Switzerland","description":"Helle Holzb\u00f6den sind ein Hingucker f\u00fcr jeden Wohnbereich. Sie verleihen dem Raum eine einladende Ausstrahlung und sorgen f\u00fcr ein elegantes Ambiente.","robots":{"index":"index","follow":"follow","max-snippet":"max-snippet:-1","max-image-preview":"max-image-preview:large","max-video-preview":"max-video-preview:-1"},"canonical":"https:\/\/kahrs.ch\/de\/heller-parkettboden\/","og_locale":"de_DE","og_type":"article","og_title":"Heller Parkettboden | K\u00e4hrs Switzerland","og_description":"Helle Holzb\u00f6den sind ein Hingucker f\u00fcr jeden Wohnbereich. Sie verleihen dem Raum eine einladende Ausstrahlung und sorgen f\u00fcr ein elegantes Ambiente.","og_url":"https:\/\/kahrs.ch\/de\/heller-parkettboden\/","og_site_name":"K\u00e4hrs Switzerland","article_published_time":"2024-09-27T08:51:38+00:00","article_modified_time":"2024-11-16T13:40:26+00:00","og_image":[{"width":2560,"height":2307,"url":"https:\/\/kahrs.ch\/wp-content\/uploads\/2024\/09\/135.3-Frosted-Oat-3_Stab-Raum-scaled.jpg","type":"image\/jpeg"}],"author":"lambert","twitter_card":"summary_large_image","twitter_misc":{"Verfasst von":"lambert","Gesch\u00e4tzte Lesezeit":"3\u00a0Minuten"},"schema":{"@context":"https:\/\/schema.org","@graph":[{"@type":"Article","@id":"https:\/\/kahrs.ch\/de\/heller-parkettboden\/#article","isPartOf":{"@id":"https:\/\/kahrs.ch\/de\/heller-parkettboden\/"},"author":{"name":"lambert","@id":"https:\/\/kahrs.ch\/de\/#\/schema\/person\/fa47d4f9de06b223601203e1b4552a31"},"headline":"Heller Parkettboden","datePublished":"2024-09-27T08:51:38+00:00","dateModified":"2024-11-16T13:40:26+00:00","mainEntityOfPage":{"@id":"https:\/\/kahrs.ch\/de\/heller-parkettboden\/"},"wordCount":552,"publisher":{"@id":"https:\/\/kahrs.ch\/de\/#organization"},"image":{"@id":"https:\/\/kahrs.ch\/de\/heller-parkettboden\/#primaryimage"},"thumbnailUrl":"https:\/\/kahrs.ch\/wp-content\/uploads\/2024\/09\/135.3-Frosted-Oat-3_Stab-Raum-scaled.jpg","keywords":["Design"],"articleSection":["Artikel"],"inLanguage":"de"},{"@type":"WebPage","@id":"https:\/\/kahrs.ch\/de\/heller-parkettboden\/","url":"https:\/\/kahrs.ch\/de\/heller-parkettboden\/","name":"Heller Parkettboden | K\u00e4hrs Switzerland","isPartOf":{"@id":"https:\/\/kahrs.ch\/de\/#website"},"primaryImageOfPage":{"@id":"https:\/\/kahrs.ch\/de\/heller-parkettboden\/#primaryimage"},"image":{"@id":"https:\/\/kahrs.ch\/de\/heller-parkettboden\/#primaryimage"},"thumbnailUrl":"https:\/\/kahrs.ch\/wp-content\/uploads\/2024\/09\/135.3-Frosted-Oat-3_Stab-Raum-scaled.jpg","datePublished":"2024-09-27T08:51:38+00:00","dateModified":"2024-11-16T13:40:26+00:00","description":"Helle Holzb\u00f6den sind ein Hingucker f\u00fcr jeden Wohnbereich. Sie verleihen dem Raum eine einladende Ausstrahlung und sorgen f\u00fcr ein elegantes Ambiente.","breadcrumb":{"@id":"https:\/\/kahrs.ch\/de\/heller-parkettboden\/#breadcrumb"},"inLanguage":"de","potentialAction":[{"@type":"ReadAction","target":["https:\/\/kahrs.ch\/de\/heller-parkettboden\/"]}]},{"@type":"ImageObject","inLanguage":"de","@id":"https:\/\/kahrs.ch\/de\/heller-parkettboden\/#primaryimage","url":"https:\/\/kahrs.ch\/wp-content\/uploads\/2024\/09\/135.3-Frosted-Oat-3_Stab-Raum-scaled.jpg","contentUrl":"https:\/\/kahrs.ch\/wp-content\/uploads\/2024\/09\/135.3-Frosted-Oat-3_Stab-Raum-scaled.jpg","width":2560,"height":2307,"caption":"Design de maison avec parquet clair"},{"@type":"BreadcrumbList","@id":"https:\/\/kahrs.ch\/de\/heller-parkettboden\/#breadcrumb","itemListElement":[{"@type":"ListItem","position":1,"name":"Accueil","item":"https:\/\/kahrs.ch\/de\/kaehrs-parkett-und-vinylboeden\/"},{"@type":"ListItem","position":2,"name":"Heller Parkettboden"}]},{"@type":"WebSite","@id":"https:\/\/kahrs.ch\/de\/#website","url":"https:\/\/kahrs.ch\/de\/","name":"K\u00e4hrs Switzerland","description":"","publisher":{"@id":"https:\/\/kahrs.ch\/de\/#organization"},"alternateName":"K\u00e4hrs Switzerland","potentialAction":[{"@type":"SearchAction","target":{"@type":"EntryPoint","urlTemplate":"https:\/\/kahrs.ch\/de\/?s={search_term_string}"},"query-input":{"@type":"PropertyValueSpecification","valueRequired":true,"valueName":"search_term_string"}}],"inLanguage":"de"},{"@type":"Organization","@id":"https:\/\/kahrs.ch\/de\/#organization","name":"K\u00e4hrs Switzerland","url":"https:\/\/kahrs.ch\/de\/","logo":{"@type":"ImageObject","inLanguage":"de","@id":"https:\/\/kahrs.ch\/de\/#\/schema\/logo\/image\/","url":"https:\/\/kahrs.ch\/wp-content\/uploads\/2023\/08\/Kahrs-logotype-without-tagline_Print-150dpi_2-1.jpg","contentUrl":"https:\/\/kahrs.ch\/wp-content\/uploads\/2023\/08\/Kahrs-logotype-without-tagline_Print-150dpi_2-1.jpg","width":421,"height":376,"caption":"K\u00e4hrs Switzerland"},"image":{"@id":"https:\/\/kahrs.ch\/de\/#\/schema\/logo\/image\/"}},{"@type":"Person","@id":"https:\/\/kahrs.ch\/de\/#\/schema\/person\/fa47d4f9de06b223601203e1b4552a31","name":"lambert","image":{"@type":"ImageObject","inLanguage":"de","@id":"https:\/\/kahrs.ch\/de\/#\/schema\/person\/image\/","url":"https:\/\/secure.gravatar.com\/avatar\/6151d574894168a5954fae3ee3464dda7e266c271a294f7833b2b957124f9ea6?s=96&d=mm&r=g","contentUrl":"https:\/\/secure.gravatar.com\/avatar\/6151d574894168a5954fae3ee3464dda7e266c271a294f7833b2b957124f9ea6?s=96&d=mm&r=g","caption":"lambert"},"url":"https:\/\/kahrs.ch\/de\/author\/lambert\/"}]}},"_links":{"self":[{"href":"https:\/\/kahrs.ch\/de\/wp-json\/wp\/v2\/posts\/17928","targetHints":{"allow":["GET"]}}],"collection":[{"href":"https:\/\/kahrs.ch\/de\/wp-json\/wp\/v2\/posts"}],"about":[{"href":"https:\/\/kahrs.ch\/de\/wp-json\/wp\/v2\/types\/post"}],"author":[{"embeddable":true,"href":"https:\/\/kahrs.ch\/de\/wp-json\/wp\/v2\/users\/2"}],"replies":[{"embeddable":true,"href":"https:\/\/kahrs.ch\/de\/wp-json\/wp\/v2\/comments?post=17928"}],"version-history":[{"count":7,"href":"https:\/\/kahrs.ch\/de\/wp-json\/wp\/v2\/posts\/17928\/revisions"}],"predecessor-version":[{"id":17935,"href":"https:\/\/kahrs.ch\/de\/wp-json\/wp\/v2\/posts\/17928\/revisions\/17935"}],"wp:featuredmedia":[{"embeddable":true,"href":"https:\/\/kahrs.ch\/de\/wp-json\/wp\/v2\/media\/17666"}],"wp:attachment":[{"href":"https:\/\/kahrs.ch\/de\/wp-json\/wp\/v2\/media?parent=17928"}],"wp:term":[{"taxonomy":"category","embeddable":true,"href":"https:\/\/kahrs.ch\/de\/wp-json\/wp\/v2\/categories?post=17928"},{"taxonomy":"post_tag","embeddable":true,"href":"https:\/\/kahrs.ch\/de\/wp-json\/wp\/v2\/tags?post=17928"},{"taxonomy":"lieux-dans-le-monde","embeddable":true,"href":"https:\/\/kahrs.ch\/de\/wp-json\/wp\/v2\/lieux-dans-le-monde?post=17928"},{"taxonomy":"references-filtres","embeddable":true,"href":"https:\/\/kahrs.ch\/de\/wp-json\/wp\/v2\/references-filtres?post=17928"}],"curies":[{"name":"wp","href":"https:\/\/api.w.org\/{rel}","templated":true}]}}