{"id":19787,"date":"2025-03-26T14:46:02","date_gmt":"2025-03-26T13:46:02","guid":{"rendered":"https:\/\/kahrs.ch\/nostale-collection\/"},"modified":"2025-09-09T14:19:47","modified_gmt":"2025-09-09T12:19:47","slug":"nostale-collection","status":"publish","type":"post","link":"https:\/\/kahrs.ch\/de\/nostale-collection\/","title":{"rendered":"Nostale Collection"},"content":{"rendered":"\t\t<div data-elementor-type=\"wp-post\" data-elementor-id=\"19787\" class=\"elementor elementor-19787 elementor-19165\" data-elementor-post-type=\"post\">\n\t\t\t\t<div class=\"elementor-element elementor-element-6f3a09db e-con-full e-flex e-con e-parent\" data-id=\"6f3a09db\" data-element_type=\"container\" data-e-type=\"container\" data-settings=\"{&quot;jet_parallax_layout_list&quot;:[],&quot;background_background&quot;:&quot;classic&quot;}\">\n\t\t<div class=\"elementor-element elementor-element-13b85d47 e-flex e-con-boxed e-con e-child\" data-id=\"13b85d47\" data-element_type=\"container\" data-e-type=\"container\" data-settings=\"{&quot;jet_parallax_layout_list&quot;:[]}\">\n\t\t\t\t\t<div class=\"e-con-inner\">\n\t\t\t\t<div class=\"elementor-element elementor-element-44b03092 elementor-widget elementor-widget-heading\" data-id=\"44b03092\" data-element_type=\"widget\" data-e-type=\"widget\" data-widget_type=\"heading.default\">\n\t\t\t\t<div class=\"elementor-widget-container\">\n\t\t\t\t\t<h1 class=\"elementor-heading-title elementor-size-default\">Nostale Collection<\/h1>\t\t\t\t<\/div>\n\t\t\t\t<\/div>\n\t\t\t\t<div class=\"elementor-element elementor-element-49f5639b uael-mobile-heading-align-center elementor-hidden-mobile elementor-widget elementor-widget-uael-advanced-heading\" data-id=\"49f5639b\" data-element_type=\"widget\" data-e-type=\"widget\" data-widget_type=\"uael-advanced-heading.default\">\n\t\t\t\t<div class=\"elementor-widget-container\">\n\t\t\t\t\t\n\t\t<div class=\"uael-module-content uael-heading-wrapper\">\n\t\t\t\t\t\t\n\t\t\t<h2 class=\"uael-heading\">\n\t\t\t\t\t\t\t\t\t\t<span class=\"uael-heading-text elementor-inline-editing uael-size--medium\" data-elementor-setting-key=\"heading_title\" data-elementor-inline-editing-toolbar=\"basic\">Nostale. Inspiration aus der Vergangenheit - Design f\u00fcr die Zukunft<\/span>\n\t\t\t\t\t\t\t<\/h2>\n\n\t\t\t\n\t\t\t\n\t\t\t\n\t\t\t\t\t\t<\/div>\n\t\t\t\t\t\t<\/div>\n\t\t\t\t<\/div>\n\t\t\t\t\t<\/div>\n\t\t\t\t<\/div>\n\t\t\t\t<\/div>\n\t\t<div class=\"elementor-element elementor-element-507a448d e-flex e-con-boxed e-con e-parent\" data-id=\"507a448d\" data-element_type=\"container\" data-e-type=\"container\" data-settings=\"{&quot;jet_parallax_layout_list&quot;:[]}\">\n\t\t\t\t\t<div class=\"e-con-inner\">\n\t\t<div class=\"elementor-element elementor-element-4628360f e-con-full e-flex e-con e-child\" data-id=\"4628360f\" data-element_type=\"container\" data-e-type=\"container\" data-settings=\"{&quot;jet_parallax_layout_list&quot;:[]}\">\n\t\t<div class=\"elementor-element elementor-element-4320dad2 e-con-full e-flex e-con e-child\" data-id=\"4320dad2\" data-element_type=\"container\" data-e-type=\"container\" data-settings=\"{&quot;jet_parallax_layout_list&quot;:[]}\">\n\t\t<div class=\"elementor-element elementor-element-7644e29e e-con-full e-flex e-con e-child\" data-id=\"7644e29e\" data-element_type=\"container\" data-e-type=\"container\" data-settings=\"{&quot;jet_parallax_layout_list&quot;:[]}\">\n\t\t\t\t<div class=\"elementor-element elementor-element-3a143c98 animated-slow elementor-invisible elementor-widget elementor-widget-heading\" data-id=\"3a143c98\" data-element_type=\"widget\" data-e-type=\"widget\" data-settings=\"{&quot;_animation&quot;:&quot;fadeIn&quot;}\" data-widget_type=\"heading.default\">\n\t\t\t\t<div class=\"elementor-widget-container\">\n\t\t\t\t\t<h3 class=\"elementor-heading-title elementor-size-default\">Nostale, die Liebe zum urspr\u00fcnglichen Material<\/h3>\t\t\t\t<\/div>\n\t\t\t\t<\/div>\n\t\t\t\t<div class=\"elementor-element elementor-element-486d458f animated-slow elementor-invisible elementor-widget elementor-widget-text-editor\" data-id=\"486d458f\" data-element_type=\"widget\" data-e-type=\"widget\" data-settings=\"{&quot;_animation&quot;:&quot;fadeIn&quot;}\" data-widget_type=\"text-editor.default\">\n\t\t\t\t<div class=\"elementor-widget-container\">\n\t\t\t\t\t\t\t\t\t<p>Die <strong>Nostale-Kollektion<\/strong> feiert einen Meilenstein in der Geschichte des Parketts. Vor 80 Jahren patentierte K\u00e4hrs das Stabparkett. Eine Innovation, die die Parkettindustrie revolutionierte. <\/p><p>Mit dieser <strong>Kollektion<\/strong> verfolgen wir als designorientiertes Unternehmen das Ziel, eine hochwertige Linie zu schaffen, die klassische und moderne Elemente harmonisch miteinander verbindet. Dabei legen wir besonderen Wert auf Authentizit\u00e4t, W\u00e4rme und eine zeitgem\u00e4sse \u00c4sthetik. Der Retro-Stil ist nicht ein festes Prinzip gebunden, was uns die M\u00f6glichkeit gibt, frei zu entwerfen und zu kombinieren. <\/p>\t\t\t\t\t\t\t\t<\/div>\n\t\t\t\t<\/div>\n\t\t\t\t<\/div>\n\t\t<div class=\"elementor-element elementor-element-54335457 e-con-full e-flex e-con e-child\" data-id=\"54335457\" data-element_type=\"container\" data-e-type=\"container\" data-settings=\"{&quot;jet_parallax_layout_list&quot;:[]}\">\n\t\t\t\t<div class=\"elementor-element elementor-element-9a9bd3b animated-slow elementor-invisible elementor-widget elementor-widget-image\" data-id=\"9a9bd3b\" data-element_type=\"widget\" data-e-type=\"widget\" data-settings=\"{&quot;_animation&quot;:&quot;fadeInRight&quot;}\" data-widget_type=\"image.default\">\n\t\t\t\t<div class=\"elementor-widget-container\">\n\t\t\t\t\t\t\t\t\t\t\t\t\t\t\t<img fetchpriority=\"high\" decoding=\"async\" width=\"2560\" height=\"1913\" src=\"https:\/\/kahrs.ch\/wp-content\/uploads\/2025\/03\/a-134.5-scaled.jpg\" class=\"attachment-full size-full wp-image-19238\" alt=\"\" srcset=\"https:\/\/kahrs.ch\/wp-content\/uploads\/2025\/03\/a-134.5-scaled.jpg 2560w, https:\/\/kahrs.ch\/wp-content\/uploads\/2025\/03\/a-134.5-300x224.jpg 300w, https:\/\/kahrs.ch\/wp-content\/uploads\/2025\/03\/a-134.5-1024x765.jpg 1024w, https:\/\/kahrs.ch\/wp-content\/uploads\/2025\/03\/a-134.5-768x574.jpg 768w, https:\/\/kahrs.ch\/wp-content\/uploads\/2025\/03\/a-134.5-1536x1148.jpg 1536w, https:\/\/kahrs.ch\/wp-content\/uploads\/2025\/03\/a-134.5-2048x1530.jpg 2048w, https:\/\/kahrs.ch\/wp-content\/uploads\/2025\/03\/a-134.5-600x448.jpg 600w\" sizes=\"(max-width: 2560px) 100vw, 2560px\" \/>\t\t\t\t\t\t\t\t\t\t\t\t\t\t\t<\/div>\n\t\t\t\t<\/div>\n\t\t\t\t<\/div>\n\t\t\t\t<\/div>\n\t\t<div class=\"elementor-element elementor-element-19c3554 e-con-full e-flex e-con e-child\" data-id=\"19c3554\" data-element_type=\"container\" data-e-type=\"container\" data-settings=\"{&quot;jet_parallax_layout_list&quot;:[]}\">\n\t\t\t\t<div class=\"elementor-element elementor-element-2a83edfc elementor-widget elementor-widget-text-editor\" data-id=\"2a83edfc\" data-element_type=\"widget\" data-e-type=\"widget\" data-widget_type=\"text-editor.default\">\n\t\t\t\t<div class=\"elementor-widget-container\">\n\t\t\t\t\t\t\t\t\t<p>Petra Lundblad, Chefdesignerin bei K\u00e4hrs: <em><strong>\u201cNostale steht f\u00fcr die Liebe zum urspr\u00fcnglichen Material, das handwerkliche K\u00f6nnen und eine sch\u00f6ne Farbpalette, die mit der Vergangenheit kokettiert&#8220;.<\/strong><\/em><\/p>\t\t\t\t\t\t\t\t<\/div>\n\t\t\t\t<\/div>\n\t\t\t\t<\/div>\n\t\t\t\t<\/div>\n\t\t\t\t\t<\/div>\n\t\t\t\t<\/div>\n\t\t<div class=\"elementor-element elementor-element-7b5765ad e-flex e-con-boxed e-con e-parent\" data-id=\"7b5765ad\" data-element_type=\"container\" data-e-type=\"container\" data-settings=\"{&quot;jet_parallax_layout_list&quot;:[]}\">\n\t\t\t\t\t<div class=\"e-con-inner\">\n\t\t<div class=\"elementor-element elementor-element-f171a0d e-con-full e-flex e-con e-child\" data-id=\"f171a0d\" data-element_type=\"container\" data-e-type=\"container\" data-settings=\"{&quot;jet_parallax_layout_list&quot;:[]}\">\n\t\t<div class=\"elementor-element elementor-element-7033612d e-con-full e-flex e-con e-child\" data-id=\"7033612d\" data-element_type=\"container\" data-e-type=\"container\" data-settings=\"{&quot;jet_parallax_layout_list&quot;:[]}\">\n\t\t<div class=\"elementor-element elementor-element-e422afc e-con-full e-flex e-con e-child\" data-id=\"e422afc\" data-element_type=\"container\" data-e-type=\"container\" data-settings=\"{&quot;jet_parallax_layout_list&quot;:[]}\">\n\t\t\t\t<div class=\"elementor-element elementor-element-a30f73f animated-slow elementor-invisible elementor-widget elementor-widget-heading\" data-id=\"a30f73f\" data-element_type=\"widget\" data-e-type=\"widget\" data-settings=\"{&quot;_animation&quot;:&quot;fadeIn&quot;}\" data-widget_type=\"heading.default\">\n\t\t\t\t<div class=\"elementor-widget-container\">\n\t\t\t\t\t<h2 class=\"elementor-heading-title elementor-size-default\">Nostale, eine trendige Kollektion<\/h2>\t\t\t\t<\/div>\n\t\t\t\t<\/div>\n\t\t\t\t<div class=\"elementor-element elementor-element-7f0e26d3 animated-slow elementor-invisible elementor-widget elementor-widget-text-editor\" data-id=\"7f0e26d3\" data-element_type=\"widget\" data-e-type=\"widget\" data-settings=\"{&quot;_animation&quot;:&quot;fadeIn&quot;}\" data-widget_type=\"text-editor.default\">\n\t\t\t\t<div class=\"elementor-widget-container\">\n\t\t\t\t\t\t\t\t\t<p>Die Einfl\u00fcsse auf die Inneneinrichtung und deren Auswirkungen auf die zuk\u00fcnftigen Trends bei Bodenbel\u00e4gen sind eng miteinander verkn\u00fcpft. Nostale pr\u00e4sentiert einige der Ideen, die Petra Lundblad, Designmanagerin bei K\u00e4hrs, entdeckt und als bedeutende Makrotrends identifiziert hat: <\/p><p>Der <strong>Awareness<\/strong>-Trend zeichnet sich durch schlichtes und klares Design aus. Nat\u00fcrliche Elemente werden in die Inneneinrichtung integriert und Farben wie Erde und Beige verwendet. <br><br>Der <strong>Honest<\/strong>-Trend setzt dagegen auf nat\u00fcrliche, erdige Farben und Muster. Statt Beige stehen nun tiefere Braun-, Terracotta- und satte Waldt\u00f6ne im Vordergrund. <\/p><p>Die Nostale-Kollektion greift diese beiden Trends auf und bietet eine umfassende Palette an sanften, zur\u00fcckhaltenden Farben. <strong>Basierend auf nat\u00fcrlichen<\/strong> Farben hat K\u00e4hrs sechs einzigartige Farbt\u00f6ne entwickelt, die alle einen warmen, tiefen, seidigen, samtigen und ultra-matten Ausdruck haben. <\/p><p>Weitere Informationen zu den Trends sowie die vier Ideen und Trends, die Petra Lundblad, Design Managerin bei K\u00e4hrs, identifiziert hat, finden Sie <a href=\"https:\/\/kahrs.ch\/de\/trends-2024\/\"><strong>hier.<\/strong><\/a><\/p>\t\t\t\t\t\t\t\t<\/div>\n\t\t\t\t<\/div>\n\t\t\t\t<div class=\"elementor-element elementor-element-136db82f elementor-widget elementor-widget-jet-woo-products\" data-id=\"136db82f\" data-element_type=\"widget\" data-e-type=\"widget\" data-settings=\"{&quot;columns&quot;:&quot;4&quot;,&quot;columns_mobile&quot;:&quot;3&quot;}\" data-widget_type=\"jet-woo-products.default\">\n\t\t\t\t<div class=\"elementor-widget-container\">\n\t\t\t\t\t<div class=\"elementor-jet-woo-products jet-woo-builder\"><div class=\"jet-woo-products jet-woo-products--preset-1 col-row  \" data-mobile-hover=\"\" >\n<div class=\"jet-woo-products__item jet-woo-builder-product jet-woo-thumb-with-effect\" data-product-id=\"19378\">\n\t<div class=\"jet-woo-products__inner-box\"  >\n\t\t\n<div class=\"jet-woo-product-thumbnail\">\n\t\n\t<a href=\"https:\/\/kahrs.ch\/de\/produkt\/n134-15\/\"><div class=\"jet-woo-product-thumbs effect-fade\"><div class=\"jet-woo-product-thumbs__inner\"><img decoding=\"async\" width=\"300\" height=\"300\" src=\"https:\/\/kahrs.ch\/wp-content\/uploads\/2025\/03\/s-134.15-300x300.jpg\" class=\"attachment-woocommerce_thumbnail size-woocommerce_thumbnail\" alt=\"\" data-no-lazy=\"1\" loading=\"auto\" \/><img decoding=\"async\" width=\"300\" height=\"300\" src=\"https:\/\/kahrs.ch\/wp-content\/uploads\/2025\/03\/a-134.15-300x300.jpg\" class=\"attachment-woocommerce_thumbnail size-woocommerce_thumbnail\" alt=\"Parquet en bois de ch\u00eane kahrs nostale dans un studio\" data-no-lazy=\"1\" loading=\"auto\" \/><\/div><\/div><\/a>\n\t<div class=\"jet-woo-product-img-overlay\"><\/div>\n\n\t\n\t<\/div><div class=\"jet-woo-product-title\"><a href=\"https:\/\/kahrs.ch\/de\/produkt\/n134-15\/\">N\u00b0134.15<\/a><\/div>\n<div class=\"jet-woo-products-cqw-wrapper\">\n\t<\/div>\t<\/div>\n\n\t<\/div>\n<div class=\"jet-woo-products__item jet-woo-builder-product jet-woo-thumb-with-effect\" data-product-id=\"19381\">\n\t<div class=\"jet-woo-products__inner-box\"  >\n\t\t\n<div class=\"jet-woo-product-thumbnail\">\n\t\n\t<a href=\"https:\/\/kahrs.ch\/de\/produkt\/n134-2\/\"><div class=\"jet-woo-product-thumbs effect-fade\"><div class=\"jet-woo-product-thumbs__inner\"><img decoding=\"async\" width=\"300\" height=\"300\" src=\"https:\/\/kahrs.ch\/wp-content\/uploads\/2025\/03\/s-134.2-300x300.jpg\" class=\"attachment-woocommerce_thumbnail size-woocommerce_thumbnail\" alt=\"\" data-no-lazy=\"1\" loading=\"auto\" \/><img decoding=\"async\" width=\"300\" height=\"300\" src=\"https:\/\/kahrs.ch\/wp-content\/uploads\/2025\/03\/a-134.2-300x300.jpg\" class=\"attachment-woocommerce_thumbnail size-woocommerce_thumbnail\" alt=\"Parquet en bois de ch\u00eane kahrs nostale\" data-no-lazy=\"1\" loading=\"auto\" \/><\/div><\/div><\/a>\n\t<div class=\"jet-woo-product-img-overlay\"><\/div>\n\n\t\n\t<\/div><div class=\"jet-woo-product-title\"><a href=\"https:\/\/kahrs.ch\/de\/produkt\/n134-2\/\">N\u00b0134.2<\/a><\/div>\n<div class=\"jet-woo-products-cqw-wrapper\">\n\t<\/div>\t<\/div>\n\n\t<\/div>\n<div class=\"jet-woo-products__item jet-woo-builder-product jet-woo-thumb-with-effect\" data-product-id=\"19380\">\n\t<div class=\"jet-woo-products__inner-box\"  >\n\t\t\n<div class=\"jet-woo-product-thumbnail\">\n\t\n\t<a href=\"https:\/\/kahrs.ch\/de\/produkt\/n134-3\/\"><div class=\"jet-woo-product-thumbs effect-fade\"><div class=\"jet-woo-product-thumbs__inner\"><img decoding=\"async\" width=\"300\" height=\"300\" src=\"https:\/\/kahrs.ch\/wp-content\/uploads\/2025\/03\/s-134.3-300x300.jpg\" class=\"attachment-woocommerce_thumbnail size-woocommerce_thumbnail\" alt=\"\" data-no-lazy=\"1\" loading=\"auto\" \/><img decoding=\"async\" width=\"300\" height=\"300\" src=\"https:\/\/kahrs.ch\/wp-content\/uploads\/2025\/03\/a-134.3-300x300.jpg\" class=\"attachment-woocommerce_thumbnail size-woocommerce_thumbnail\" alt=\"\" data-no-lazy=\"1\" loading=\"auto\" \/><\/div><\/div><\/a>\n\t<div class=\"jet-woo-product-img-overlay\"><\/div>\n\n\t\n\t<\/div><div class=\"jet-woo-product-title\"><a href=\"https:\/\/kahrs.ch\/de\/produkt\/n134-3\/\">N\u00b0134.3<\/a><\/div>\n<div class=\"jet-woo-products-cqw-wrapper\">\n\t<\/div>\t<\/div>\n\n\t<\/div>\n<div class=\"jet-woo-products__item jet-woo-builder-product jet-woo-thumb-with-effect\" data-product-id=\"19383\">\n\t<div class=\"jet-woo-products__inner-box\"  >\n\t\t\n<div class=\"jet-woo-product-thumbnail\">\n\t\n\t<a href=\"https:\/\/kahrs.ch\/de\/produkt\/n134-4\/\"><div class=\"jet-woo-product-thumbs effect-fade\"><div class=\"jet-woo-product-thumbs__inner\"><img decoding=\"async\" width=\"300\" height=\"300\" src=\"https:\/\/kahrs.ch\/wp-content\/uploads\/2025\/03\/s-134.4-300x300.jpg\" class=\"attachment-woocommerce_thumbnail size-woocommerce_thumbnail\" alt=\"\" data-no-lazy=\"1\" loading=\"auto\" \/><img decoding=\"async\" width=\"300\" height=\"300\" src=\"https:\/\/kahrs.ch\/wp-content\/uploads\/2025\/03\/a-134.4-300x300.jpg\" class=\"attachment-woocommerce_thumbnail size-woocommerce_thumbnail\" alt=\"Parquet en bois de ch\u00eane kahrs nostale dans un salon parisien\" data-no-lazy=\"1\" loading=\"auto\" \/><\/div><\/div><\/a>\n\t<div class=\"jet-woo-product-img-overlay\"><\/div>\n\n\t\n\t<\/div><div class=\"jet-woo-product-title\"><a href=\"https:\/\/kahrs.ch\/de\/produkt\/n134-4\/\">N\u00b0134.4<\/a><\/div>\n<div class=\"jet-woo-products-cqw-wrapper\">\n\t<\/div>\t<\/div>\n\n\t<\/div>\n<div class=\"jet-woo-products__item jet-woo-builder-product jet-woo-thumb-with-effect\" data-product-id=\"19382\">\n\t<div class=\"jet-woo-products__inner-box\"  >\n\t\t\n<div class=\"jet-woo-product-thumbnail\">\n\t\n\t<a href=\"https:\/\/kahrs.ch\/de\/produkt\/n134-5\/\"><div class=\"jet-woo-product-thumbs effect-fade\"><div class=\"jet-woo-product-thumbs__inner\"><img decoding=\"async\" width=\"300\" height=\"300\" src=\"https:\/\/kahrs.ch\/wp-content\/uploads\/2025\/03\/s-134.5-300x300.jpg\" class=\"attachment-woocommerce_thumbnail size-woocommerce_thumbnail\" alt=\"\" data-no-lazy=\"1\" loading=\"auto\" \/><img decoding=\"async\" width=\"300\" height=\"300\" src=\"https:\/\/kahrs.ch\/wp-content\/uploads\/2025\/03\/a-134.5-300x300.jpg\" class=\"attachment-woocommerce_thumbnail size-woocommerce_thumbnail\" alt=\"\" data-no-lazy=\"1\" loading=\"auto\" \/><\/div><\/div><\/a>\n\t<div class=\"jet-woo-product-img-overlay\"><\/div>\n\n\t\n\t<\/div><div class=\"jet-woo-product-title\"><a href=\"https:\/\/kahrs.ch\/de\/produkt\/n134-5\/\">N\u00b0134.5<\/a><\/div>\n<div class=\"jet-woo-products-cqw-wrapper\">\n\t<\/div>\t<\/div>\n\n\t<\/div>\n<div class=\"jet-woo-products__item jet-woo-builder-product jet-woo-thumb-with-effect\" data-product-id=\"19385\">\n\t<div class=\"jet-woo-products__inner-box\"  >\n\t\t\n<div class=\"jet-woo-product-thumbnail\">\n\t\n\t<a href=\"https:\/\/kahrs.ch\/de\/produkt\/n134-7\/\"><div class=\"jet-woo-product-thumbs effect-fade\"><div class=\"jet-woo-product-thumbs__inner\"><img decoding=\"async\" width=\"300\" height=\"300\" src=\"https:\/\/kahrs.ch\/wp-content\/uploads\/2025\/03\/s-134.7-300x300.jpg\" class=\"attachment-woocommerce_thumbnail size-woocommerce_thumbnail\" alt=\"\" data-no-lazy=\"1\" loading=\"auto\" \/><img decoding=\"async\" width=\"300\" height=\"300\" src=\"https:\/\/kahrs.ch\/wp-content\/uploads\/2025\/03\/a-134.7-300x300.jpg\" class=\"attachment-woocommerce_thumbnail size-woocommerce_thumbnail\" alt=\"\" data-no-lazy=\"1\" loading=\"auto\" \/><\/div><\/div><\/a>\n\t<div class=\"jet-woo-product-img-overlay\"><\/div>\n\n\t\n\t<\/div><div class=\"jet-woo-product-title\"><a href=\"https:\/\/kahrs.ch\/de\/produkt\/n134-7\/\">N\u00b0134.7<\/a><\/div>\n<div class=\"jet-woo-products-cqw-wrapper\">\n\t<\/div>\t<\/div>\n\n\t<\/div>\n<div class=\"jet-woo-products__item jet-woo-builder-product jet-woo-thumb-with-effect\" data-product-id=\"19384\">\n\t<div class=\"jet-woo-products__inner-box\"  >\n\t\t\n<div class=\"jet-woo-product-thumbnail\">\n\t\n\t<a href=\"https:\/\/kahrs.ch\/de\/produkt\/n135-15\/\"><div class=\"jet-woo-product-thumbs effect-fade\"><div class=\"jet-woo-product-thumbs__inner\"><img decoding=\"async\" width=\"300\" height=\"300\" src=\"https:\/\/kahrs.ch\/wp-content\/uploads\/2025\/03\/s-135.15-300x300.jpg\" class=\"attachment-woocommerce_thumbnail size-woocommerce_thumbnail\" alt=\"\" data-no-lazy=\"1\" loading=\"auto\" \/><img decoding=\"async\" width=\"300\" height=\"300\" src=\"https:\/\/kahrs.ch\/wp-content\/uploads\/2025\/03\/a-135.15-300x300.jpg\" class=\"attachment-woocommerce_thumbnail size-woocommerce_thumbnail\" alt=\"Parquet en bois de ch\u00eane kahrs nostale dans un salon\" data-no-lazy=\"1\" loading=\"auto\" \/><\/div><\/div><\/a>\n\t<div class=\"jet-woo-product-img-overlay\"><\/div>\n\n\t\n\t<\/div><div class=\"jet-woo-product-title\"><a href=\"https:\/\/kahrs.ch\/de\/produkt\/n135-15\/\">N\u00b0135.15<\/a><\/div>\n<div class=\"jet-woo-products-cqw-wrapper\">\n\t<\/div>\t<\/div>\n\n\t<\/div>\n<div class=\"jet-woo-products__item jet-woo-builder-product jet-woo-thumb-with-effect\" data-product-id=\"19387\">\n\t<div class=\"jet-woo-products__inner-box\"  >\n\t\t\n<div class=\"jet-woo-product-thumbnail\">\n\t\n\t<a href=\"https:\/\/kahrs.ch\/de\/produkt\/n135-2\/\"><div class=\"jet-woo-product-thumbs effect-fade\"><div class=\"jet-woo-product-thumbs__inner\"><img decoding=\"async\" width=\"300\" height=\"300\" src=\"https:\/\/kahrs.ch\/wp-content\/uploads\/2025\/03\/s-135.2-300x300.jpg\" class=\"attachment-woocommerce_thumbnail size-woocommerce_thumbnail\" alt=\"\" data-no-lazy=\"1\" loading=\"auto\" \/><img decoding=\"async\" width=\"300\" height=\"300\" src=\"https:\/\/kahrs.ch\/wp-content\/uploads\/2025\/03\/a-135.2-300x300.jpg\" class=\"attachment-woocommerce_thumbnail size-woocommerce_thumbnail\" alt=\"\" data-no-lazy=\"1\" loading=\"auto\" \/><\/div><\/div><\/a>\n\t<div class=\"jet-woo-product-img-overlay\"><\/div>\n\n\t\n\t<\/div><div class=\"jet-woo-product-title\"><a href=\"https:\/\/kahrs.ch\/de\/produkt\/n135-2\/\">N\u00b0135.2<\/a><\/div>\n<div class=\"jet-woo-products-cqw-wrapper\">\n\t<\/div>\t<\/div>\n\n\t<\/div>\n<div class=\"jet-woo-products__item jet-woo-builder-product jet-woo-thumb-with-effect\" data-product-id=\"19389\">\n\t<div class=\"jet-woo-products__inner-box\"  >\n\t\t\n<div class=\"jet-woo-product-thumbnail\">\n\t\n\t<a href=\"https:\/\/kahrs.ch\/de\/produkt\/n135-4\/\"><div class=\"jet-woo-product-thumbs effect-fade\"><div class=\"jet-woo-product-thumbs__inner\"><img decoding=\"async\" width=\"300\" height=\"300\" src=\"https:\/\/kahrs.ch\/wp-content\/uploads\/2025\/03\/s-135.4-300x300.jpg\" class=\"attachment-woocommerce_thumbnail size-woocommerce_thumbnail\" alt=\"\" data-no-lazy=\"1\" loading=\"auto\" \/><img decoding=\"async\" width=\"300\" height=\"300\" src=\"https:\/\/kahrs.ch\/wp-content\/uploads\/2025\/03\/a-135.4-300x300.jpg\" class=\"attachment-woocommerce_thumbnail size-woocommerce_thumbnail\" alt=\"\" data-no-lazy=\"1\" loading=\"auto\" \/><\/div><\/div><\/a>\n\t<div class=\"jet-woo-product-img-overlay\"><\/div>\n\n\t\n\t<\/div><div class=\"jet-woo-product-title\"><a href=\"https:\/\/kahrs.ch\/de\/produkt\/n135-4\/\">N\u00b0135.4<\/a><\/div>\n<div class=\"jet-woo-products-cqw-wrapper\">\n\t<\/div>\t<\/div>\n\n\t<\/div>\n<div class=\"jet-woo-products__item jet-woo-builder-product jet-woo-thumb-with-effect\" data-product-id=\"19386\">\n\t<div class=\"jet-woo-products__inner-box\"  >\n\t\t\n<div class=\"jet-woo-product-thumbnail\">\n\t\n\t<a href=\"https:\/\/kahrs.ch\/de\/produkt\/n135-3\/\"><div class=\"jet-woo-product-thumbs effect-fade\"><div class=\"jet-woo-product-thumbs__inner\"><img decoding=\"async\" width=\"300\" height=\"300\" src=\"https:\/\/kahrs.ch\/wp-content\/uploads\/2025\/03\/s-135.3-300x300.jpg\" class=\"attachment-woocommerce_thumbnail size-woocommerce_thumbnail\" alt=\"\" data-no-lazy=\"1\" loading=\"auto\" \/><img decoding=\"async\" width=\"300\" height=\"300\" src=\"https:\/\/kahrs.ch\/wp-content\/uploads\/2025\/03\/a-135.3-300x300.jpg\" class=\"attachment-woocommerce_thumbnail size-woocommerce_thumbnail\" alt=\"\" data-no-lazy=\"1\" loading=\"auto\" \/><\/div><\/div><\/a>\n\t<div class=\"jet-woo-product-img-overlay\"><\/div>\n\n\t\n\t<\/div><div class=\"jet-woo-product-title\"><a href=\"https:\/\/kahrs.ch\/de\/produkt\/n135-3\/\">N\u00b0135.3<\/a><\/div>\n<div class=\"jet-woo-products-cqw-wrapper\">\n\t<\/div>\t<\/div>\n\n\t<\/div>\n<div class=\"jet-woo-products__item jet-woo-builder-product jet-woo-thumb-with-effect\" data-product-id=\"19388\">\n\t<div class=\"jet-woo-products__inner-box\"  >\n\t\t\n<div class=\"jet-woo-product-thumbnail\">\n\t\n\t<a href=\"https:\/\/kahrs.ch\/de\/produkt\/n135-5\/\"><div class=\"jet-woo-product-thumbs effect-fade\"><div class=\"jet-woo-product-thumbs__inner\"><img decoding=\"async\" width=\"300\" height=\"300\" src=\"https:\/\/kahrs.ch\/wp-content\/uploads\/2025\/03\/s-135.5-300x300.jpg\" class=\"attachment-woocommerce_thumbnail size-woocommerce_thumbnail\" alt=\"\" data-no-lazy=\"1\" loading=\"auto\" \/><img decoding=\"async\" width=\"300\" height=\"300\" src=\"https:\/\/kahrs.ch\/wp-content\/uploads\/2025\/03\/a-135.5-300x300.jpg\" class=\"attachment-woocommerce_thumbnail size-woocommerce_thumbnail\" alt=\"\" data-no-lazy=\"1\" loading=\"auto\" \/><\/div><\/div><\/a>\n\t<div class=\"jet-woo-product-img-overlay\"><\/div>\n\n\t\n\t<\/div><div class=\"jet-woo-product-title\"><a href=\"https:\/\/kahrs.ch\/de\/produkt\/n135-5\/\">N\u00b0135.5<\/a><\/div>\n<div class=\"jet-woo-products-cqw-wrapper\">\n\t<\/div>\t<\/div>\n\n\t<\/div>\n<div class=\"jet-woo-products__item jet-woo-builder-product jet-woo-thumb-with-effect\" data-product-id=\"19391\">\n\t<div class=\"jet-woo-products__inner-box\"  >\n\t\t\n<div class=\"jet-woo-product-thumbnail\">\n\t\n\t<a href=\"https:\/\/kahrs.ch\/de\/produkt\/n135-7\/\"><div class=\"jet-woo-product-thumbs effect-fade\"><div class=\"jet-woo-product-thumbs__inner\"><img decoding=\"async\" width=\"300\" height=\"300\" src=\"https:\/\/kahrs.ch\/wp-content\/uploads\/2025\/03\/s-135.7-300x300.jpg\" class=\"attachment-woocommerce_thumbnail size-woocommerce_thumbnail\" alt=\"\" data-no-lazy=\"1\" loading=\"auto\" \/><img decoding=\"async\" width=\"300\" height=\"300\" src=\"https:\/\/kahrs.ch\/wp-content\/uploads\/2025\/03\/a-135.7-300x300.jpg\" class=\"attachment-woocommerce_thumbnail size-woocommerce_thumbnail\" alt=\"Parquet en bois de ch\u00eane kahrs nostale fonc\u00e9e\" data-no-lazy=\"1\" loading=\"auto\" \/><\/div><\/div><\/a>\n\t<div class=\"jet-woo-product-img-overlay\"><\/div>\n\n\t\n\t<\/div><div class=\"jet-woo-product-title\"><a href=\"https:\/\/kahrs.ch\/de\/produkt\/n135-7\/\">N\u00b0135.7<\/a><\/div>\n<div class=\"jet-woo-products-cqw-wrapper\">\n\t<\/div>\t<\/div>\n\n\t<\/div><\/div>\n<\/div>\t\t\t\t<\/div>\n\t\t\t\t<\/div>\n\t\t\t\t<div class=\"elementor-element elementor-element-3af8070 animated-slow elementor-invisible elementor-widget elementor-widget-text-editor\" data-id=\"3af8070\" data-element_type=\"widget\" data-e-type=\"widget\" data-settings=\"{&quot;_animation&quot;:&quot;fadeIn&quot;}\" data-widget_type=\"text-editor.default\">\n\t\t\t\t<div class=\"elementor-widget-container\">\n\t\t\t\t\t\t\t\t\t<p><strong>Die sechs Farben von Nostale<\/strong> sind sowohl als Stab als auch als Randfries erh\u00e4ltlich. So k\u00f6nnen Sie sie in Ihrem Zuhause kombinieren und variieren, um in jedem Raum ein Gef\u00fchl von Koh\u00e4renz und Einheit zu schaffen.<\/p>\t\t\t\t\t\t\t\t<\/div>\n\t\t\t\t<\/div>\n\t\t\t\t<\/div>\n\t\t<div class=\"elementor-element elementor-element-b29fcdc e-con-full e-flex e-con e-child\" data-id=\"b29fcdc\" data-element_type=\"container\" data-e-type=\"container\" data-settings=\"{&quot;jet_parallax_layout_list&quot;:[],&quot;background_background&quot;:&quot;classic&quot;}\">\n\t\t\t\t<div class=\"elementor-element elementor-element-46b4bde1 elementor-widget elementor-widget-heading\" data-id=\"46b4bde1\" data-element_type=\"widget\" data-e-type=\"widget\" data-widget_type=\"heading.default\">\n\t\t\t\t<div class=\"elementor-widget-container\">\n\t\t\t\t\t<div class=\"elementor-heading-title elementor-size-default\">135.5<\/div>\t\t\t\t<\/div>\n\t\t\t\t<\/div>\n\t\t\t\t<\/div>\n\t\t\t\t<\/div>\n\t\t\t\t<\/div>\n\t\t\t\t\t<\/div>\n\t\t\t\t<\/div>\n\t\t<div class=\"elementor-element elementor-element-6187fd82 animated-slow e-flex e-con-boxed elementor-invisible e-con e-parent\" data-id=\"6187fd82\" data-element_type=\"container\" data-e-type=\"container\" data-settings=\"{&quot;jet_parallax_layout_list&quot;:[],&quot;animation&quot;:&quot;fadeIn&quot;}\">\n\t\t\t\t\t<div class=\"e-con-inner\">\n\t\t<div class=\"elementor-element elementor-element-a2d6502 e-con-full e-flex e-con e-child\" data-id=\"a2d6502\" data-element_type=\"container\" data-e-type=\"container\" data-settings=\"{&quot;jet_parallax_layout_list&quot;:[]}\">\n\t\t\t\t<div class=\"elementor-element elementor-element-2b5b3ab0 elementor-widget elementor-widget-heading\" data-id=\"2b5b3ab0\" data-element_type=\"widget\" data-e-type=\"widget\" data-widget_type=\"heading.default\">\n\t\t\t\t<div class=\"elementor-widget-container\">\n\t\t\t\t\t<h2 class=\"elementor-heading-title elementor-size-default\">Entdecken Sie unsere Design Stories -<\/h2>\t\t\t\t<\/div>\n\t\t\t\t<\/div>\n\t\t\t\t<div class=\"elementor-element elementor-element-b79f96b elementor-widget elementor-widget-jet-images-layout\" data-id=\"b79f96b\" data-element_type=\"widget\" data-e-type=\"widget\" data-widget_type=\"jet-images-layout.default\">\n\t\t\t\t<div class=\"elementor-widget-container\">\n\t\t\t\t\t<div class=\"elementor-jet-images-layout jet-elements\">\n<div class=\"jet-images-layout layout-type-justify\" data-settings='{&quot;layoutType&quot;:&quot;justify&quot;,&quot;justifyHeight&quot;:400}'>\n\t<div class=\"jet-images-layout__list column-desktop-3 column-tablet-2 column-mobile-1\" >\n<div class=\"jet-images-layout__item \">\n\t<div class=\"jet-images-layout__inner\">\n\t\t<div class=\"jet-images-layout__image-loader\"><span><\/span><\/div>\n\t\t<a class=\"jet-images-layout__link \" href=\"https:\/\/kahrs.ch\/produkt\/rocky\/\" target=\"_self\" rel=\"\">\n\t\t\t<div class=\"jet-images-layout__image\">\n\t\t\t\t<img decoding=\"async\" class=\"jet-images-layout__image-instance\" src=\"https:\/\/kahrs.ch\/wp-content\/uploads\/2025\/03\/a-135.15-1-scaled.jpg\" data-width=\"1591\" data-height=\"2560\" alt=\"Parquet en bois de ch\u00eane kahrs nostale\" loading=\"lazy\">\t\t\t<\/div>\n\t\t\t<div class=\"jet-images-layout__content\"><div class=\"jet-images-layout__title\">135.15<\/div><\/div>\n\t\t<\/a>\n\t<\/div>\n<\/div>\n<div class=\"jet-images-layout__item \">\n\t<div class=\"jet-images-layout__inner\">\n\t\t<div class=\"jet-images-layout__image-loader\"><span><\/span><\/div>\n\t\t<a class=\"jet-images-layout__link \" href=\"https:\/\/kahrs.ch\/produkt\/great-smoky\/\" target=\"_self\" rel=\"\">\n\t\t\t<div class=\"jet-images-layout__image\">\n\t\t\t\t<img decoding=\"async\" class=\"jet-images-layout__image-instance\" src=\"https:\/\/kahrs.ch\/wp-content\/uploads\/2025\/03\/a-135.15-scaled.jpg\" data-width=\"1564\" data-height=\"2560\" alt=\"Parquet en bois de ch\u00eane kahrs nostale dans un salon\" loading=\"lazy\">\t\t\t<\/div>\n\t\t\t<div class=\"jet-images-layout__content\"><div class=\"jet-images-layout__title\">135.15<\/div><\/div>\n\t\t<\/a>\n\t<\/div>\n<\/div>\n<div class=\"jet-images-layout__item \">\n\t<div class=\"jet-images-layout__inner\">\n\t\t<div class=\"jet-images-layout__image-loader\"><span><\/span><\/div>\n\t\t<a class=\"jet-images-layout__link \" href=\"https:\/\/kahrs.ch\/wp-content\/uploads\/2025\/03\/a-135.7-1-scaled.jpg\" data-elementor-open-lightbox=\"yes\" data-elementor-lightbox-slideshow=\"b79f96b\" data-elementor-lightbox-title=\"135.7\">\n\t\t\t<div class=\"jet-images-layout__image\">\n\t\t\t\t<img decoding=\"async\" class=\"jet-images-layout__image-instance\" src=\"https:\/\/kahrs.ch\/wp-content\/uploads\/2025\/03\/a-135.7-1-scaled.jpg\" data-width=\"1512\" data-height=\"2560\" alt=\"Parquet en bois de ch\u00eane kahrs nostale fonc\u00e9\" loading=\"lazy\">\t\t\t<\/div>\n\t\t\t<div class=\"jet-images-layout__content\"><div class=\"jet-images-layout__title\">135.7<\/div><\/div>\n\t\t<\/a>\n\t<\/div>\n<\/div>\n<div class=\"jet-images-layout__item \">\n\t<div class=\"jet-images-layout__inner\">\n\t\t<div class=\"jet-images-layout__image-loader\"><span><\/span><\/div>\n\t\t<a class=\"jet-images-layout__link \" href=\"https:\/\/kahrs.ch\/wp-content\/uploads\/2025\/03\/a-135.7-scaled.jpg\" data-elementor-open-lightbox=\"yes\" data-elementor-lightbox-slideshow=\"b79f96b\" data-elementor-lightbox-title=\"135.7\">\n\t\t\t<div class=\"jet-images-layout__image\">\n\t\t\t\t<img decoding=\"async\" class=\"jet-images-layout__image-instance\" src=\"https:\/\/kahrs.ch\/wp-content\/uploads\/2025\/03\/a-135.7-scaled.jpg\" data-width=\"1640\" data-height=\"2560\" alt=\"Parquet en bois de ch\u00eane kahrs nostale fonc\u00e9e\" loading=\"lazy\">\t\t\t<\/div>\n\t\t\t<div class=\"jet-images-layout__content\"><div class=\"jet-images-layout__title\">135.7<\/div><\/div>\n\t\t<\/a>\n\t<\/div>\n<\/div>\n<div class=\"jet-images-layout__item \">\n\t<div class=\"jet-images-layout__inner\">\n\t\t<div class=\"jet-images-layout__image-loader\"><span><\/span><\/div>\n\t\t<a class=\"jet-images-layout__link \" href=\"https:\/\/kahrs.ch\/wp-content\/uploads\/2025\/03\/a-134.7-1-scaled.jpg\" data-elementor-open-lightbox=\"yes\" data-elementor-lightbox-slideshow=\"b79f96b\" data-elementor-lightbox-title=\"134.7\">\n\t\t\t<div class=\"jet-images-layout__image\">\n\t\t\t\t<img decoding=\"async\" class=\"jet-images-layout__image-instance\" src=\"https:\/\/kahrs.ch\/wp-content\/uploads\/2025\/03\/a-134.7-1-scaled.jpg\" data-width=\"1551\" data-height=\"2560\" alt=\"Parquet en bois de ch\u00eane kahrs nostale dans une pi\u00e8ce color\u00e9e\" loading=\"lazy\">\t\t\t<\/div>\n\t\t\t<div class=\"jet-images-layout__content\"><div class=\"jet-images-layout__title\">134.7<\/div><\/div>\n\t\t<\/a>\n\t<\/div>\n<\/div>\n<div class=\"jet-images-layout__item \">\n\t<div class=\"jet-images-layout__inner\">\n\t\t<div class=\"jet-images-layout__image-loader\"><span><\/span><\/div>\n\t\t<a class=\"jet-images-layout__link \" href=\"https:\/\/kahrs.ch\/wp-content\/uploads\/2025\/03\/a-134.4-scaled.jpg\" data-elementor-open-lightbox=\"yes\" data-elementor-lightbox-slideshow=\"b79f96b\" data-elementor-lightbox-title=\"134.4\">\n\t\t\t<div class=\"jet-images-layout__image\">\n\t\t\t\t<img decoding=\"async\" class=\"jet-images-layout__image-instance\" src=\"https:\/\/kahrs.ch\/wp-content\/uploads\/2025\/03\/a-134.4-scaled.jpg\" data-width=\"2560\" data-height=\"2001\" alt=\"Parquet en bois de ch\u00eane kahrs nostale dans un salon parisien\" loading=\"lazy\">\t\t\t<\/div>\n\t\t\t<div class=\"jet-images-layout__content\"><div class=\"jet-images-layout__title\">134.4<\/div><\/div>\n\t\t<\/a>\n\t<\/div>\n<\/div>\n<div class=\"jet-images-layout__item \">\n\t<div class=\"jet-images-layout__inner\">\n\t\t<div class=\"jet-images-layout__image-loader\"><span><\/span><\/div>\n\t\t<a class=\"jet-images-layout__link \" href=\"https:\/\/kahrs.ch\/wp-content\/uploads\/2025\/03\/a-134.4-1-scaled.jpg\" data-elementor-open-lightbox=\"yes\" data-elementor-lightbox-slideshow=\"b79f96b\" data-elementor-lightbox-title=\"134.4\">\n\t\t\t<div class=\"jet-images-layout__image\">\n\t\t\t\t<img decoding=\"async\" class=\"jet-images-layout__image-instance\" src=\"https:\/\/kahrs.ch\/wp-content\/uploads\/2025\/03\/a-134.4-1-scaled.jpg\" data-width=\"1698\" data-height=\"2560\" alt=\"Parquet en bois de ch\u00eane kahrs nostale\" loading=\"lazy\">\t\t\t<\/div>\n\t\t\t<div class=\"jet-images-layout__content\"><div class=\"jet-images-layout__title\">134.4<\/div><\/div>\n\t\t<\/a>\n\t<\/div>\n<\/div>\n<div class=\"jet-images-layout__item \">\n\t<div class=\"jet-images-layout__inner\">\n\t\t<div class=\"jet-images-layout__image-loader\"><span><\/span><\/div>\n\t\t<a class=\"jet-images-layout__link \" href=\"https:\/\/kahrs.ch\/wp-content\/uploads\/2025\/03\/a-134.2-scaled.jpg\" data-elementor-open-lightbox=\"yes\" data-elementor-lightbox-slideshow=\"b79f96b\" data-elementor-lightbox-title=\"134.2\">\n\t\t\t<div class=\"jet-images-layout__image\">\n\t\t\t\t<img decoding=\"async\" class=\"jet-images-layout__image-instance\" src=\"https:\/\/kahrs.ch\/wp-content\/uploads\/2025\/03\/a-134.2-scaled.jpg\" data-width=\"2560\" data-height=\"2011\" alt=\"Parquet en bois de ch\u00eane kahrs nostale\" loading=\"lazy\">\t\t\t<\/div>\n\t\t\t<div class=\"jet-images-layout__content\"><div class=\"jet-images-layout__title\">134.2<\/div><\/div>\n\t\t<\/a>\n\t<\/div>\n<\/div>\n<\/div><\/div>\n<\/div>\t\t\t\t<\/div>\n\t\t\t\t<\/div>\n\t\t\t\t<\/div>\n\t\t\t\t\t<\/div>\n\t\t\t\t<\/div>\n\t\t<div class=\"elementor-element elementor-element-509cc3c3 animated-slow e-flex e-con-boxed elementor-invisible e-con e-parent\" data-id=\"509cc3c3\" data-element_type=\"container\" data-e-type=\"container\" data-settings=\"{&quot;background_background&quot;:&quot;classic&quot;,&quot;jet_parallax_layout_list&quot;:[],&quot;animation&quot;:&quot;slideInLeft&quot;}\">\n\t\t\t\t\t<div class=\"e-con-inner\">\n\t\t\t\t<div class=\"elementor-element elementor-element-7da0f6d4 elementor-widget elementor-widget-button\" data-id=\"7da0f6d4\" data-element_type=\"widget\" data-e-type=\"widget\" data-widget_type=\"button.default\">\n\t\t\t\t<div class=\"elementor-widget-container\">\n\t\t\t\t\t\t\t\t\t<div class=\"elementor-button-wrapper\">\n\t\t\t\t\t<a class=\"elementor-button elementor-button-link elementor-size-sm elementor-animation-grow\" href=\"https:\/\/kahrs.ch\/de\/design-stories\/\">\n\t\t\t\t\t\t<span class=\"elementor-button-content-wrapper\">\n\t\t\t\t\t\t<span class=\"elementor-button-icon\">\n\t\t\t\t<i aria-hidden=\"true\" class=\"fas fa-angle-right\"><\/i>\t\t\t<\/span>\n\t\t\t\t\t\t\t\t\t<span class=\"elementor-button-text\">Mit Beitr\u00e4gen rund um das Thema Holzboden<\/span>\n\t\t\t\t\t<\/span>\n\t\t\t\t\t<\/a>\n\t\t\t\t<\/div>\n\t\t\t\t\t\t\t\t<\/div>\n\t\t\t\t<\/div>\n\t\t\t\t\t<\/div>\n\t\t\t\t<\/div>\n\t\t\t\t<\/div>\n\t\t","protected":false},"excerpt":{"rendered":"<p>Die Nostale-Kollektion feiert einen Meilenstein in der Geschichte des Parketts. Vor 80 Jahren patentierte K\u00e4hrs das Stabparkett. Eine Innovation, die die Parkettindustrie revolutionierte. <\/p>\n","protected":false},"author":2,"featured_media":19220,"comment_status":"closed","ping_status":"closed","sticky":false,"template":"elementor_header_footer","format":"standard","meta":{"_acf_changed":false,"site-sidebar-layout":"default","site-content-layout":"","ast-site-content-layout":"default","site-content-style":"default","site-sidebar-style":"default","ast-global-header-display":"","ast-banner-title-visibility":"","ast-main-header-display":"","ast-hfb-above-header-display":"","ast-hfb-below-header-display":"","ast-hfb-mobile-header-display":"","site-post-title":"","ast-breadcrumbs-content":"","ast-featured-img":"","footer-sml-layout":"","ast-disable-related-posts":"","theme-transparent-header-meta":"","adv-header-id-meta":"","stick-header-meta":"","header-above-stick-meta":"","header-main-stick-meta":"","header-below-stick-meta":"","astra-migrate-meta-layouts":"default","ast-page-background-enabled":"default","ast-page-background-meta":{"desktop":{"background-color":"var(--ast-global-color-4)","background-image":"","background-repeat":"repeat","background-position":"center center","background-size":"auto","background-attachment":"scroll","background-type":"","background-media":"","overlay-type":"","overlay-color":"","overlay-opacity":"","overlay-gradient":""},"tablet":{"background-color":"","background-image":"","background-repeat":"repeat","background-position":"center center","background-size":"auto","background-attachment":"scroll","background-type":"","background-media":"","overlay-type":"","overlay-color":"","overlay-opacity":"","overlay-gradient":""},"mobile":{"background-color":"","background-image":"","background-repeat":"repeat","background-position":"center center","background-size":"auto","background-attachment":"scroll","background-type":"","background-media":"","overlay-type":"","overlay-color":"","overlay-opacity":"","overlay-gradient":""}},"ast-content-background-meta":{"desktop":{"background-color":"var(--ast-global-color-5)","background-image":"","background-repeat":"repeat","background-position":"center center","background-size":"auto","background-attachment":"scroll","background-type":"","background-media":"","overlay-type":"","overlay-color":"","overlay-opacity":"","overlay-gradient":""},"tablet":{"background-color":"var(--ast-global-color-5)","background-image":"","background-repeat":"repeat","background-position":"center center","background-size":"auto","background-attachment":"scroll","background-type":"","background-media":"","overlay-type":"","overlay-color":"","overlay-opacity":"","overlay-gradient":""},"mobile":{"background-color":"var(--ast-global-color-5)","background-image":"","background-repeat":"repeat","background-position":"center center","background-size":"auto","background-attachment":"scroll","background-type":"","background-media":"","overlay-type":"","overlay-color":"","overlay-opacity":"","overlay-gradient":""}},"footnotes":""},"categories":[2850],"tags":[2860],"lieux-dans-le-monde":[],"references-filtres":[],"class_list":["post-19787","post","type-post","status-publish","format-standard","has-post-thumbnail","hentry","category-artikel","tag-innovationen"],"acf":[],"yoast_head":"<!-- This site is optimized with the Yoast SEO plugin v27.1.1 - https:\/\/yoast.com\/product\/yoast-seo-wordpress\/ -->\n<title>Nostale Collection | K\u00e4hrs Switzerland<\/title>\n<meta name=\"description\" content=\"Die Nostale-Kollektion steht f\u00fcr die Liebe zum urspr\u00fcnglichen Material, das handwerkliche K\u00f6nnen und eine sch\u00f6ne Farbpalette.\" \/>\n<meta name=\"robots\" content=\"index, follow, max-snippet:-1, max-image-preview:large, max-video-preview:-1\" \/>\n<link rel=\"canonical\" href=\"https:\/\/kahrs.ch\/de\/nostale-collection\/\" \/>\n<meta property=\"og:locale\" content=\"de_DE\" \/>\n<meta property=\"og:type\" content=\"article\" \/>\n<meta property=\"og:title\" content=\"Nostale Collection | K\u00e4hrs Switzerland\" \/>\n<meta property=\"og:description\" content=\"Die Nostale-Kollektion steht f\u00fcr die Liebe zum urspr\u00fcnglichen Material, das handwerkliche K\u00f6nnen und eine sch\u00f6ne Farbpalette.\" \/>\n<meta property=\"og:url\" content=\"https:\/\/kahrs.ch\/de\/nostale-collection\/\" \/>\n<meta property=\"og:site_name\" content=\"K\u00e4hrs Switzerland\" \/>\n<meta property=\"article:published_time\" content=\"2025-03-26T13:46:02+00:00\" \/>\n<meta property=\"article:modified_time\" content=\"2025-09-09T12:19:47+00:00\" \/>\n<meta property=\"og:image\" content=\"https:\/\/kahrs.ch\/wp-content\/uploads\/2025\/03\/a-134.2-scaled.jpg\" \/>\n\t<meta property=\"og:image:width\" content=\"2560\" \/>\n\t<meta property=\"og:image:height\" content=\"2011\" \/>\n\t<meta property=\"og:image:type\" content=\"image\/jpeg\" \/>\n<meta name=\"author\" content=\"lambert\" \/>\n<meta name=\"twitter:card\" content=\"summary_large_image\" \/>\n<meta name=\"twitter:label1\" content=\"Verfasst von\" \/>\n\t<meta name=\"twitter:data1\" content=\"lambert\" \/>\n\t<meta name=\"twitter:label2\" content=\"Gesch\u00e4tzte Lesezeit\" \/>\n\t<meta name=\"twitter:data2\" content=\"2\u00a0Minuten\" \/>\n<script type=\"application\/ld+json\" class=\"yoast-schema-graph\">{\"@context\":\"https:\/\/schema.org\",\"@graph\":[{\"@type\":\"Article\",\"@id\":\"https:\/\/kahrs.ch\/de\/nostale-collection\/#article\",\"isPartOf\":{\"@id\":\"https:\/\/kahrs.ch\/de\/nostale-collection\/\"},\"author\":{\"name\":\"lambert\",\"@id\":\"https:\/\/kahrs.ch\/de\/#\/schema\/person\/fa47d4f9de06b223601203e1b4552a31\"},\"headline\":\"Nostale Collection\",\"datePublished\":\"2025-03-26T13:46:02+00:00\",\"dateModified\":\"2025-09-09T12:19:47+00:00\",\"mainEntityOfPage\":{\"@id\":\"https:\/\/kahrs.ch\/de\/nostale-collection\/\"},\"wordCount\":357,\"publisher\":{\"@id\":\"https:\/\/kahrs.ch\/de\/#organization\"},\"image\":{\"@id\":\"https:\/\/kahrs.ch\/de\/nostale-collection\/#primaryimage\"},\"thumbnailUrl\":\"https:\/\/kahrs.ch\/wp-content\/uploads\/2025\/03\/a-134.2-scaled.jpg\",\"keywords\":[\"Innovationen\"],\"articleSection\":[\"Artikel\"],\"inLanguage\":\"de\"},{\"@type\":\"WebPage\",\"@id\":\"https:\/\/kahrs.ch\/de\/nostale-collection\/\",\"url\":\"https:\/\/kahrs.ch\/de\/nostale-collection\/\",\"name\":\"Nostale Collection | K\u00e4hrs Switzerland\",\"isPartOf\":{\"@id\":\"https:\/\/kahrs.ch\/de\/#website\"},\"primaryImageOfPage\":{\"@id\":\"https:\/\/kahrs.ch\/de\/nostale-collection\/#primaryimage\"},\"image\":{\"@id\":\"https:\/\/kahrs.ch\/de\/nostale-collection\/#primaryimage\"},\"thumbnailUrl\":\"https:\/\/kahrs.ch\/wp-content\/uploads\/2025\/03\/a-134.2-scaled.jpg\",\"datePublished\":\"2025-03-26T13:46:02+00:00\",\"dateModified\":\"2025-09-09T12:19:47+00:00\",\"description\":\"Die Nostale-Kollektion steht f\u00fcr die Liebe zum urspr\u00fcnglichen Material, das handwerkliche K\u00f6nnen und eine sch\u00f6ne Farbpalette.\",\"breadcrumb\":{\"@id\":\"https:\/\/kahrs.ch\/de\/nostale-collection\/#breadcrumb\"},\"inLanguage\":\"de\",\"potentialAction\":[{\"@type\":\"ReadAction\",\"target\":[\"https:\/\/kahrs.ch\/de\/nostale-collection\/\"]}]},{\"@type\":\"ImageObject\",\"inLanguage\":\"de\",\"@id\":\"https:\/\/kahrs.ch\/de\/nostale-collection\/#primaryimage\",\"url\":\"https:\/\/kahrs.ch\/wp-content\/uploads\/2025\/03\/a-134.2-scaled.jpg\",\"contentUrl\":\"https:\/\/kahrs.ch\/wp-content\/uploads\/2025\/03\/a-134.2-scaled.jpg\",\"width\":2560,\"height\":2011,\"caption\":\"Parquet en bois de ch\u00eane kahrs nostale\"},{\"@type\":\"BreadcrumbList\",\"@id\":\"https:\/\/kahrs.ch\/de\/nostale-collection\/#breadcrumb\",\"itemListElement\":[{\"@type\":\"ListItem\",\"position\":1,\"name\":\"Accueil\",\"item\":\"https:\/\/kahrs.ch\/de\/kaehrs-parkett-und-vinylboeden\/\"},{\"@type\":\"ListItem\",\"position\":2,\"name\":\"Nostale Collection\"}]},{\"@type\":\"WebSite\",\"@id\":\"https:\/\/kahrs.ch\/de\/#website\",\"url\":\"https:\/\/kahrs.ch\/de\/\",\"name\":\"K\u00e4hrs Switzerland\",\"description\":\"\",\"publisher\":{\"@id\":\"https:\/\/kahrs.ch\/de\/#organization\"},\"alternateName\":\"K\u00e4hrs Switzerland\",\"potentialAction\":[{\"@type\":\"SearchAction\",\"target\":{\"@type\":\"EntryPoint\",\"urlTemplate\":\"https:\/\/kahrs.ch\/de\/?s={search_term_string}\"},\"query-input\":{\"@type\":\"PropertyValueSpecification\",\"valueRequired\":true,\"valueName\":\"search_term_string\"}}],\"inLanguage\":\"de\"},{\"@type\":\"Organization\",\"@id\":\"https:\/\/kahrs.ch\/de\/#organization\",\"name\":\"K\u00e4hrs Switzerland\",\"url\":\"https:\/\/kahrs.ch\/de\/\",\"logo\":{\"@type\":\"ImageObject\",\"inLanguage\":\"de\",\"@id\":\"https:\/\/kahrs.ch\/de\/#\/schema\/logo\/image\/\",\"url\":\"https:\/\/kahrs.ch\/wp-content\/uploads\/2023\/08\/Kahrs-logotype-without-tagline_Print-150dpi_2-1.jpg\",\"contentUrl\":\"https:\/\/kahrs.ch\/wp-content\/uploads\/2023\/08\/Kahrs-logotype-without-tagline_Print-150dpi_2-1.jpg\",\"width\":421,\"height\":376,\"caption\":\"K\u00e4hrs Switzerland\"},\"image\":{\"@id\":\"https:\/\/kahrs.ch\/de\/#\/schema\/logo\/image\/\"}},{\"@type\":\"Person\",\"@id\":\"https:\/\/kahrs.ch\/de\/#\/schema\/person\/fa47d4f9de06b223601203e1b4552a31\",\"name\":\"lambert\",\"image\":{\"@type\":\"ImageObject\",\"inLanguage\":\"de\",\"@id\":\"https:\/\/kahrs.ch\/de\/#\/schema\/person\/image\/\",\"url\":\"https:\/\/secure.gravatar.com\/avatar\/6151d574894168a5954fae3ee3464dda7e266c271a294f7833b2b957124f9ea6?s=96&d=mm&r=g\",\"contentUrl\":\"https:\/\/secure.gravatar.com\/avatar\/6151d574894168a5954fae3ee3464dda7e266c271a294f7833b2b957124f9ea6?s=96&d=mm&r=g\",\"caption\":\"lambert\"},\"url\":\"https:\/\/kahrs.ch\/de\/author\/lambert\/\"}]}<\/script>\n<!-- \/ Yoast SEO plugin. -->","yoast_head_json":{"title":"Nostale Collection | K\u00e4hrs Switzerland","description":"Die Nostale-Kollektion steht f\u00fcr die Liebe zum urspr\u00fcnglichen Material, das handwerkliche K\u00f6nnen und eine sch\u00f6ne Farbpalette.","robots":{"index":"index","follow":"follow","max-snippet":"max-snippet:-1","max-image-preview":"max-image-preview:large","max-video-preview":"max-video-preview:-1"},"canonical":"https:\/\/kahrs.ch\/de\/nostale-collection\/","og_locale":"de_DE","og_type":"article","og_title":"Nostale Collection | K\u00e4hrs Switzerland","og_description":"Die Nostale-Kollektion steht f\u00fcr die Liebe zum urspr\u00fcnglichen Material, das handwerkliche K\u00f6nnen und eine sch\u00f6ne Farbpalette.","og_url":"https:\/\/kahrs.ch\/de\/nostale-collection\/","og_site_name":"K\u00e4hrs Switzerland","article_published_time":"2025-03-26T13:46:02+00:00","article_modified_time":"2025-09-09T12:19:47+00:00","og_image":[{"width":2560,"height":2011,"url":"https:\/\/kahrs.ch\/wp-content\/uploads\/2025\/03\/a-134.2-scaled.jpg","type":"image\/jpeg"}],"author":"lambert","twitter_card":"summary_large_image","twitter_misc":{"Verfasst von":"lambert","Gesch\u00e4tzte Lesezeit":"2\u00a0Minuten"},"schema":{"@context":"https:\/\/schema.org","@graph":[{"@type":"Article","@id":"https:\/\/kahrs.ch\/de\/nostale-collection\/#article","isPartOf":{"@id":"https:\/\/kahrs.ch\/de\/nostale-collection\/"},"author":{"name":"lambert","@id":"https:\/\/kahrs.ch\/de\/#\/schema\/person\/fa47d4f9de06b223601203e1b4552a31"},"headline":"Nostale Collection","datePublished":"2025-03-26T13:46:02+00:00","dateModified":"2025-09-09T12:19:47+00:00","mainEntityOfPage":{"@id":"https:\/\/kahrs.ch\/de\/nostale-collection\/"},"wordCount":357,"publisher":{"@id":"https:\/\/kahrs.ch\/de\/#organization"},"image":{"@id":"https:\/\/kahrs.ch\/de\/nostale-collection\/#primaryimage"},"thumbnailUrl":"https:\/\/kahrs.ch\/wp-content\/uploads\/2025\/03\/a-134.2-scaled.jpg","keywords":["Innovationen"],"articleSection":["Artikel"],"inLanguage":"de"},{"@type":"WebPage","@id":"https:\/\/kahrs.ch\/de\/nostale-collection\/","url":"https:\/\/kahrs.ch\/de\/nostale-collection\/","name":"Nostale Collection | K\u00e4hrs Switzerland","isPartOf":{"@id":"https:\/\/kahrs.ch\/de\/#website"},"primaryImageOfPage":{"@id":"https:\/\/kahrs.ch\/de\/nostale-collection\/#primaryimage"},"image":{"@id":"https:\/\/kahrs.ch\/de\/nostale-collection\/#primaryimage"},"thumbnailUrl":"https:\/\/kahrs.ch\/wp-content\/uploads\/2025\/03\/a-134.2-scaled.jpg","datePublished":"2025-03-26T13:46:02+00:00","dateModified":"2025-09-09T12:19:47+00:00","description":"Die Nostale-Kollektion steht f\u00fcr die Liebe zum urspr\u00fcnglichen Material, das handwerkliche K\u00f6nnen und eine sch\u00f6ne Farbpalette.","breadcrumb":{"@id":"https:\/\/kahrs.ch\/de\/nostale-collection\/#breadcrumb"},"inLanguage":"de","potentialAction":[{"@type":"ReadAction","target":["https:\/\/kahrs.ch\/de\/nostale-collection\/"]}]},{"@type":"ImageObject","inLanguage":"de","@id":"https:\/\/kahrs.ch\/de\/nostale-collection\/#primaryimage","url":"https:\/\/kahrs.ch\/wp-content\/uploads\/2025\/03\/a-134.2-scaled.jpg","contentUrl":"https:\/\/kahrs.ch\/wp-content\/uploads\/2025\/03\/a-134.2-scaled.jpg","width":2560,"height":2011,"caption":"Parquet en bois de ch\u00eane kahrs nostale"},{"@type":"BreadcrumbList","@id":"https:\/\/kahrs.ch\/de\/nostale-collection\/#breadcrumb","itemListElement":[{"@type":"ListItem","position":1,"name":"Accueil","item":"https:\/\/kahrs.ch\/de\/kaehrs-parkett-und-vinylboeden\/"},{"@type":"ListItem","position":2,"name":"Nostale Collection"}]},{"@type":"WebSite","@id":"https:\/\/kahrs.ch\/de\/#website","url":"https:\/\/kahrs.ch\/de\/","name":"K\u00e4hrs Switzerland","description":"","publisher":{"@id":"https:\/\/kahrs.ch\/de\/#organization"},"alternateName":"K\u00e4hrs Switzerland","potentialAction":[{"@type":"SearchAction","target":{"@type":"EntryPoint","urlTemplate":"https:\/\/kahrs.ch\/de\/?s={search_term_string}"},"query-input":{"@type":"PropertyValueSpecification","valueRequired":true,"valueName":"search_term_string"}}],"inLanguage":"de"},{"@type":"Organization","@id":"https:\/\/kahrs.ch\/de\/#organization","name":"K\u00e4hrs Switzerland","url":"https:\/\/kahrs.ch\/de\/","logo":{"@type":"ImageObject","inLanguage":"de","@id":"https:\/\/kahrs.ch\/de\/#\/schema\/logo\/image\/","url":"https:\/\/kahrs.ch\/wp-content\/uploads\/2023\/08\/Kahrs-logotype-without-tagline_Print-150dpi_2-1.jpg","contentUrl":"https:\/\/kahrs.ch\/wp-content\/uploads\/2023\/08\/Kahrs-logotype-without-tagline_Print-150dpi_2-1.jpg","width":421,"height":376,"caption":"K\u00e4hrs Switzerland"},"image":{"@id":"https:\/\/kahrs.ch\/de\/#\/schema\/logo\/image\/"}},{"@type":"Person","@id":"https:\/\/kahrs.ch\/de\/#\/schema\/person\/fa47d4f9de06b223601203e1b4552a31","name":"lambert","image":{"@type":"ImageObject","inLanguage":"de","@id":"https:\/\/kahrs.ch\/de\/#\/schema\/person\/image\/","url":"https:\/\/secure.gravatar.com\/avatar\/6151d574894168a5954fae3ee3464dda7e266c271a294f7833b2b957124f9ea6?s=96&d=mm&r=g","contentUrl":"https:\/\/secure.gravatar.com\/avatar\/6151d574894168a5954fae3ee3464dda7e266c271a294f7833b2b957124f9ea6?s=96&d=mm&r=g","caption":"lambert"},"url":"https:\/\/kahrs.ch\/de\/author\/lambert\/"}]}},"_links":{"self":[{"href":"https:\/\/kahrs.ch\/de\/wp-json\/wp\/v2\/posts\/19787","targetHints":{"allow":["GET"]}}],"collection":[{"href":"https:\/\/kahrs.ch\/de\/wp-json\/wp\/v2\/posts"}],"about":[{"href":"https:\/\/kahrs.ch\/de\/wp-json\/wp\/v2\/types\/post"}],"author":[{"embeddable":true,"href":"https:\/\/kahrs.ch\/de\/wp-json\/wp\/v2\/users\/2"}],"replies":[{"embeddable":true,"href":"https:\/\/kahrs.ch\/de\/wp-json\/wp\/v2\/comments?post=19787"}],"version-history":[{"count":5,"href":"https:\/\/kahrs.ch\/de\/wp-json\/wp\/v2\/posts\/19787\/revisions"}],"predecessor-version":[{"id":20469,"href":"https:\/\/kahrs.ch\/de\/wp-json\/wp\/v2\/posts\/19787\/revisions\/20469"}],"wp:featuredmedia":[{"embeddable":true,"href":"https:\/\/kahrs.ch\/de\/wp-json\/wp\/v2\/media\/19220"}],"wp:attachment":[{"href":"https:\/\/kahrs.ch\/de\/wp-json\/wp\/v2\/media?parent=19787"}],"wp:term":[{"taxonomy":"category","embeddable":true,"href":"https:\/\/kahrs.ch\/de\/wp-json\/wp\/v2\/categories?post=19787"},{"taxonomy":"post_tag","embeddable":true,"href":"https:\/\/kahrs.ch\/de\/wp-json\/wp\/v2\/tags?post=19787"},{"taxonomy":"lieux-dans-le-monde","embeddable":true,"href":"https:\/\/kahrs.ch\/de\/wp-json\/wp\/v2\/lieux-dans-le-monde?post=19787"},{"taxonomy":"references-filtres","embeddable":true,"href":"https:\/\/kahrs.ch\/de\/wp-json\/wp\/v2\/references-filtres?post=19787"}],"curies":[{"name":"wp","href":"https:\/\/api.w.org\/{rel}","templated":true}]}}